{"id":126552,"date":"2021-02-02T14:59:23","date_gmt":"2021-02-02T17:59:23","guid":{"rendered":"https:\/\/senoticias.com.br\/se\/?p=126552"},"modified":"2021-02-02T15:21:20","modified_gmt":"2021-02-02T18:21:20","slug":"governador-de-sergipe-anuncia-pagamento-de-funcionarios-publicos-dentro-do-mes-depois-de-7-anos","status":"publish","type":"post","link":"https:\/\/senoticias.com.br\/se\/governador-de-sergipe-anuncia-pagamento-de-funcionarios-publicos-dentro-do-mes-depois-de-7-anos\/","title":{"rendered":"Governador de Sergipe anuncia pagamento de funcion\u00e1rios p\u00fablicos dentro do m\u00eas depois de 7 anos"},"content":{"rendered":"\n<p>Nesta ter\u00e7a-feira(02), o governador Belivaldo Chagas anunciou o pagamento, dentro do m\u00eas, de todos os servidores estaduais ativos, inativos e comissionados, o que n\u00e3o acontecia desde 2014. A medida passa a valer, rigorosamente, a partir da folha de fevereiro. O an\u00fancio foi feito, por meio de v\u00eddeoconfer\u00eancia, durante abertura das atividades da Assembleia Legislativa de Sergipe para o ano de 2021.<\/p>\n\n\n\n<figure class=\"wp-block-image size-large\"><img decoding=\"async\" src=\"https:\/\/senoticias.com.br\/se\/wp-content\/uploads\/2021\/02\/Belivaldo-Chagas-SE-Noticias.jpeg\" alt=\"\" class=\"wp-image-126553\"\/><figcaption>Pagamento rigorosamente em dia j\u00e1 ocorrer\u00e1 a partir de fevereiro &#8211; Foto: M\u00e1rio Sousa\/ASN<\/figcaption><\/figure>\n\n\n\n<p>\u201cGra\u00e7as ao apoio da Assembleia Legislativa, a partir do m\u00eas de fevereiro deste ano, todos os servidores estar\u00e3o recebendo os seus sal\u00e1rios dentro do m\u00eas. Da mesma forma, que, j\u00e1 este ano, estamos iniciando tamb\u00e9m o retorno ao pagamento do d\u00e9cimo terceiro sal\u00e1rio na data do seu anivers\u00e1rio\u201d, informou Belivaldo Chagas.<\/p>\n\n\n\n<p>Na oportunidade, o Chefe do Executivo Estadual ressaltou que a a\u00e7\u00e3o \u00e9 resultado de um esfor\u00e7o do governo do Estado para equilibrar as contas p\u00fablicas.\u201cO Governo de Sergipe est\u00e1 atravessando agora o limiar que nos conduz ao almejado equil\u00edbrio entre receitas e despesas. Percorremos, rigorosamente, todas as etapas necess\u00e1rias no cumprimento desse dever, que representa o fundamento essencial de uma gest\u00e3o respons\u00e1vel. Agora, os alicerces est\u00e3o constru\u00eddos para que seja criado com a indispens\u00e1vel seguran\u00e7a, o ambiente prop\u00edcio para uma presen\u00e7a maior do governo nas a\u00e7\u00f5es indutoras do desenvolvimento econ\u00f4mico e social, visando retomar o crescimento e gerar empregos\u201d, disse.<\/p>\n\n\n\n<p>Em janeiro, o Governo do Estado j\u00e1 havia anunciado a antecipa\u00e7\u00e3o da primeira parcela do 13\u00ba sal\u00e1rio de 2021 nos meses de anivers\u00e1rio dos servidores estaduais ativos, inativos e comissionados. A segunda parcela ser\u00e1 creditada no m\u00eas de dezembro, resolvendo, de uma vez por todas, a quest\u00e3o do 13\u00ba sal\u00e1rio dos servidores, o que n\u00e3o acontecia h\u00e1 cerca de quatro anos.<\/p>\n\n\n\n<p>Ainda em seu discurso, o governador destacou as principais a\u00e7\u00f5es do governo do Estado no enfrentamento da pandemia. \u201cTemos atravessado dias dif\u00edceis, temos enfrentado problemas que nunca imaginar\u00edamos viessem a existir, e temos sabido resistir. E iremos vencer. Mas, apesar de todos os epis\u00f3dios que assistimos, agora, j\u00e1 temos o in\u00edcio da aplica\u00e7\u00e3o da vacina. Em meio a tanto sofrimento, a tanta dor e tantas mortes, a vacina\u00e7\u00e3o que se inicia \u00e9, com certeza, o \u00fanico caminho para que retornemos \u00e0 normalidade das nossas vidas, e nos devotemos mais intensamente ao trabalho que \u00e9 necess\u00e1rio para compensar as perdas materiais que sofremos\u201d.<\/p>\n\n\n\n<p>Na oportunidade, Belivaldo homenageou as v\u00edtimas da Covid-19, assim como os profissionais que trabalham na linha de frente. \u201cFa\u00e7o rever\u00eancia, \u00e0 mem\u00f3ria de todos os que perderam a vida ao longo desta cat\u00e1strofe da Covid -19. S\u00e3o hoje, infelizmente, 2.786 sergipanos. N\u00e3o poderia deixar citar os profissionais da Sa\u00fade, desde os t\u00e9cnicos de mais elevado n\u00edvel aos que, com o mesmo devotamento e coragem prestam servi\u00e7os, sem os quais o sistema de sa\u00fade entraria em colapso. Homenagem, tamb\u00e9m, de reconhecimento e gratid\u00e3o a todos os que integram o nosso sistema de seguran\u00e7a, que foi, nessa emerg\u00eancia, diuturnamente convocado para manter os protocolos de preven\u00e7\u00e3o, coibir excessos, e dar tranquilidade \u00e0 sociedade sergipana\u201d.<\/p>\n\n\n\n<p>O governador ressaltou tamb\u00e9m a expectativa de continuidade de investimentos p\u00fablicos, quanto da iniciativa privada, para o crescimento econ\u00f4mico do estado. \u201cNo decorrer deste ano, investimentos nos setores de infraestrutura, sa\u00fade e turismo, dando sequencia ao programa iniciado ano passado, no auge da primeira onda da Covid-19, para dar f\u00f4lego \u00e0 nossa economia\u201d, pontuou.<\/p>\n\n\n\n<p><em>Quer receber as principais not\u00edcias do&nbsp;<strong>SE Not\u00edcias<\/strong>&nbsp;no seu&nbsp;<strong>WhatsApp?<\/strong>&nbsp;<strong><a href=\"https:\/\/api.whatsapp.com\/send?phone=5579991715289\">Clique aqui<\/a><\/strong>.<\/em><\/p>\n\n\n\n<p><strong><em>Acompanhe tamb\u00e9m o SE Not\u00edcias no\u00a0<a rel=\"noreferrer noopener\" href=\"https:\/\/twitter.com\/Senoticias\" target=\"_blank\">Twitter<\/a>,\u00a0<a rel=\"noreferrer noopener\" href=\"https:\/\/www.facebook.com\/senoticias1\" target=\"_blank\">Facebook<\/a>\u00a0e no\u00a0<a rel=\"noreferrer noopener\" href=\"https:\/\/www.instagram.com\/senoticias\/\" target=\"_blank\">Instagram<\/a><\/em><\/strong><\/p>\n\n\n\n<p><em>Por Ag\u00eancia Sergipe de Not\u00edcias<\/em><\/p>\n","protected":false},"excerpt":{"rendered":"<p>Nesta ter\u00e7a-feira(02), o governador Belivaldo Chagas anunciou o pagamento, dentro do m\u00eas, de todos os servidores estaduais ativos, inativos e comissionados, o que n\u00e3o acontecia desde 2014. A medida passa a valer, rigorosamente, a partir da folha de fevereiro. O an\u00fancio foi feito, por meio de v\u00eddeoconfer\u00eancia, durante abertura das atividades da Assembleia Legislativa de [&hellip;]<\/p>\n","protected":false},"author":6552,"featured_media":126553,"comment_status":"closed","ping_status":"closed","sticky":false,"template":"","format":"standard","meta":{"footnotes":""},"categories":[15,6,1],"tags":[9463,879,6276],"class_list":{"0":"post-126552","1":"post","2":"type-post","3":"status-publish","4":"format-standard","5":"has-post-thumbnail","7":"category-destaques","8":"category-politica","9":"category-sem-categoria","10":"tag-governador-belivaldo-chagas","11":"tag-governador-de-sergipe","12":"tag-pagamento-dos-servidores"},"_links":{"self":[{"href":"https:\/\/senoticias.com.br\/se\/wp-json\/wp\/v2\/posts\/126552"}],"collection":[{"href":"https:\/\/senoticias.com.br\/se\/wp-json\/wp\/v2\/posts"}],"about":[{"href":"https:\/\/senoticias.com.br\/se\/wp-json\/wp\/v2\/types\/post"}],"author":[{"embeddable":true,"href":"https:\/\/senoticias.com.br\/se\/wp-json\/wp\/v2\/users\/6552"}],"replies":[{"embeddable":true,"href":"https:\/\/senoticias.com.br\/se\/wp-json\/wp\/v2\/comments?post=126552"}],"version-history":[{"count":0,"href":"https:\/\/senoticias.com.br\/se\/wp-json\/wp\/v2\/posts\/126552\/revisions"}],"wp:featuredmedia":[{"embeddable":true,"href":"https:\/\/senoticias.com.br\/se\/wp-json\/wp\/v2\/media\/126553"}],"wp:attachment":[{"href":"https:\/\/senoticias.com.br\/se\/wp-json\/wp\/v2\/media?parent=126552"}],"wp:term":[{"taxonomy":"category","embeddable":true,"href":"https:\/\/senoticias.com.br\/se\/wp-json\/wp\/v2\/categories?post=126552"},{"taxonomy":"post_tag","embeddable":true,"href":"https:\/\/senoticias.com.br\/se\/wp-json\/wp\/v2\/tags?post=126552"}],"curies":[{"name":"wp","href":"https:\/\/api.w.org\/{rel}","templated":true}]}}