{"id":126535,"date":"2021-02-01T16:30:15","date_gmt":"2021-02-01T19:30:15","guid":{"rendered":"https:\/\/senoticias.com.br\/se\/?p=126535"},"modified":"2021-02-01T16:31:07","modified_gmt":"2021-02-01T19:31:07","slug":"secretaria-da-justica-lamenta-falecimento-do-policial-penal-filipe-dantas-barbosa","status":"publish","type":"post","link":"https:\/\/senoticias.com.br\/se\/secretaria-da-justica-lamenta-falecimento-do-policial-penal-filipe-dantas-barbosa\/","title":{"rendered":"Secretaria da Justi\u00e7a lamenta falecimento do policial penal Filipe Dantas Barbosa"},"content":{"rendered":"\n<p>O falecimento ocorreu nesse domingo, 31 O secret\u00e1rio da Justi\u00e7a, do Trabalho e da Defesa do Consumidor, Cristiano Barreto, lamenta profundamente o falecimento do policial penal Filipe Dantas Barbosa, que estava lotado na Cadeia Territorial de Nossa Senhora do Socorro. O servidor atuava na Sejuc desde 9 de dezembro de 2019.<\/p>\n\n\n\n<figure class=\"wp-block-image size-large\"><img loading=\"lazy\" decoding=\"async\" width=\"984\" height=\"1024\" src=\"https:\/\/senoticias.com.br\/se\/wp-content\/uploads\/2021\/02\/Policial-penal-SE-Noticias-984x1024.jpg\" alt=\"\" class=\"wp-image-126536\"\/><figcaption>O falecimento ocorreu nesse domingo, 31 &#8211; Foto: redes sociais<\/figcaption><\/figure>\n\n\n\n<p>O secret\u00e1rio da Justi\u00e7a, do Trabalho e da Defesa do Consumidor, Cristiano Barreto, lamenta profundamente o falecimento do policial penal Filipe Dantas Barbosa, que estava lotado na Cadeia Territorial de Nossa Senhora do Socorro. O servidor atuava na Sejuc desde 9 de dezembro de 2019.<\/p>\n\n\n\n<p>Neste momento de pesar, o secret\u00e1rio lamenta o falecimento e oferece as mais profundas condol\u00eancias aos familiares e amigos. O servidor ser\u00e1 velado na cidade natal dele, Petrolina, em Pernambuco.<\/p>\n\n\n\n<p><em>Quer receber as principais not\u00edcias do&nbsp;<strong>SE Not\u00edcias<\/strong>&nbsp;no seu&nbsp;<strong>WhatsApp?<\/strong>&nbsp;<strong><a href=\"https:\/\/api.whatsapp.com\/send?phone=5579991715289\">Clique aqui<\/a><\/strong>.<\/em><\/p>\n\n\n\n<p><strong><em>Acompanhe tamb\u00e9m o SE Not\u00edcias no\u00a0<a rel=\"noreferrer noopener\" href=\"https:\/\/twitter.com\/Senoticias\" target=\"_blank\">Twitter<\/a>,\u00a0<a rel=\"noreferrer noopener\" href=\"https:\/\/www.facebook.com\/senoticias1\" target=\"_blank\">Facebook<\/a>\u00a0e no\u00a0<a rel=\"noreferrer noopener\" href=\"https:\/\/www.instagram.com\/senoticias\/\" target=\"_blank\">Instagram<\/a><\/em><\/strong><\/p>\n\n\n\n<p><em>Mat\u00e9ria extra\u00edda do site da Sejuc<\/em><\/p>\n","protected":false},"excerpt":{"rendered":"<p>O falecimento ocorreu nesse domingo, 31 O secret\u00e1rio da Justi\u00e7a, do Trabalho e da Defesa do Consumidor, Cristiano Barreto, lamenta profundamente o falecimento do policial penal Filipe Dantas Barbosa, que estava lotado na Cadeia Territorial de Nossa Senhora do Socorro. O servidor atuava na Sejuc desde 9 de dezembro de 2019. O secret\u00e1rio da Justi\u00e7a, [&hellip;]<\/p>\n","protected":false},"author":6552,"featured_media":126536,"comment_status":"closed","ping_status":"closed","sticky":false,"template":"","format":"standard","meta":{"footnotes":""},"categories":[15,7],"tags":[16398,16397,2327],"class_list":{"0":"post-126535","1":"post","2":"type-post","3":"status-publish","4":"format-standard","5":"has-post-thumbnail","7":"category-destaques","8":"category-policia","9":"tag-filipe-dantas-barbosa","10":"tag-policial-penal","11":"tag-sejuc"},"_links":{"self":[{"href":"https:\/\/senoticias.com.br\/se\/wp-json\/wp\/v2\/posts\/126535"}],"collection":[{"href":"https:\/\/senoticias.com.br\/se\/wp-json\/wp\/v2\/posts"}],"about":[{"href":"https:\/\/senoticias.com.br\/se\/wp-json\/wp\/v2\/types\/post"}],"author":[{"embeddable":true,"href":"https:\/\/senoticias.com.br\/se\/wp-json\/wp\/v2\/users\/6552"}],"replies":[{"embeddable":true,"href":"https:\/\/senoticias.com.br\/se\/wp-json\/wp\/v2\/comments?post=126535"}],"version-history":[{"count":0,"href":"https:\/\/senoticias.com.br\/se\/wp-json\/wp\/v2\/posts\/126535\/revisions"}],"wp:featuredmedia":[{"embeddable":true,"href":"https:\/\/senoticias.com.br\/se\/wp-json\/wp\/v2\/media\/126536"}],"wp:attachment":[{"href":"https:\/\/senoticias.com.br\/se\/wp-json\/wp\/v2\/media?parent=126535"}],"wp:term":[{"taxonomy":"category","embeddable":true,"href":"https:\/\/senoticias.com.br\/se\/wp-json\/wp\/v2\/categories?post=126535"},{"taxonomy":"post_tag","embeddable":true,"href":"https:\/\/senoticias.com.br\/se\/wp-json\/wp\/v2\/tags?post=126535"}],"curies":[{"name":"wp","href":"https:\/\/api.w.org\/{rel}","templated":true}]}}