{"id":126505,"date":"2021-01-29T05:56:42","date_gmt":"2021-01-29T08:56:42","guid":{"rendered":"https:\/\/senoticias.com.br\/se\/?p=126505"},"modified":"2021-01-29T06:04:38","modified_gmt":"2021-01-29T09:04:38","slug":"sete-variantes-do-novo-coronavirus-sao-encontradas-em-amostras-de-pacientes-infectados-de-sergipe","status":"publish","type":"post","link":"https:\/\/senoticias.com.br\/se\/sete-variantes-do-novo-coronavirus-sao-encontradas-em-amostras-de-pacientes-infectados-de-sergipe\/","title":{"rendered":"Sete variantes do novo coronav\u00edrus s\u00e3o encontradas em amostras de pacientes infectados de Sergipe"},"content":{"rendered":"\n<p>Sete variantes do novo coronav\u00edrus foram encontradas em 67 amostras de pacientes infectados de Sergipe, que foram analisadas pela Fiocruz, no Rio de Janeiro. A informa\u00e7\u00e3o foi divulgada nesta quinta-feira (28), pelo Laborat\u00f3rio Central de Sa\u00fade P\u00fablica de Sergipe (Lacen). <em>A informa\u00e7\u00e3o \u00e9 do portal <strong><a href=\"https:\/\/g1.globo.com\/se\/sergipe\/noticia\/2021\/01\/15\/fiocruz-vai-analisar-amostras-de-exames-da-covid-19-de-sergipe-diz-lacen.ghtml\">G1<\/a><\/strong> SE<\/em><\/p>\n\n\n\n<figure class=\"wp-block-image size-large\"><img decoding=\"async\" src=\"https:\/\/senoticias.com.br\/se\/wp-content\/uploads\/2021\/01\/Lacen-SE-Noticias.jpg\" alt=\"\" class=\"wp-image-126506\"\/><figcaption>Laborat\u00f3rio Central de Sa\u00fade P\u00fablica de Sergipe (Lacen) \u2014 Foto: SES\/Divulga\u00e7\u00e3o<\/figcaption><\/figure>\n\n\n\n<p>Segundo o superintendente, Cliomar Alves, o procedimento foi realizado em materiais que apresentaram alta carga viral da Covid-19. \u201cElas n\u00e3o possuem rela\u00e7\u00e3o com as encontradas no Amazonas, Reino Unido ou da \u00c1frica do Sul. Essas cepas, essas linhagens, que s\u00e3o a mesma coisa, de todas que est\u00e3o circulando no pa\u00eds inteiro, sete n\u00f3s conseguimos identificar, dentre elas uma que ainda n\u00e3o estava circulando no estado. N\u00e3o significa que s\u00e3o s\u00f3 essas sete, n\u00f3s continuaremos na vigil\u00e2ncia gen\u00f4mica orientada tanto pelo Minist\u00e9rio da Sa\u00fade, quanto pela Fiocruz.&#8221;. As 67 amostras analisadas s\u00e3o de pacientes que vivem em 11 munic\u00edpios sergipanos.<\/p>\n\n\n\n<p>Ele explicou que essa descoberta pode auxiliar a compreender os casos de reinfec\u00e7\u00e3o da doen\u00e7a, que em algumas situa\u00e7\u00f5es ocorrem mais de uma vez no mesmo paciente. \u201cEsses resultados, esses dados, saber quais linhagens est\u00e3o circulando nos refor\u00e7a essa vigil\u00e2ncia gen\u00f4mica, essa import\u00e2ncia, e a vigil\u00e2ncia epidemiol\u00f3gica, para gente entender que uma linhagem pode causar uma infec\u00e7\u00e3o e, ap\u00f3s tr\u00eas meses, que \u00e9 quando o organismo n\u00e3o tem mais anticorpos neutralizantes (que s\u00e3o aqueles produzidos imediatamente ap\u00f3s uma infec\u00e7\u00e3o), o organismo est\u00e1 pronto para se infectar de novo, porque a gente vem vendo que a infec\u00e7\u00e3o pelo coronav\u00edrus por si s\u00f3 n\u00e3o causa aquela imunidade a longo prazo\u201d.<\/p>\n\n\n\n<p>Cliomar disse tamb\u00e9m que as amostras com alta carga viral do coronav\u00edrus v\u00e3o continuar sendo enviadas \u00e0 Fiocruz para a identifica\u00e7\u00e3o poss\u00edveis novas linhagens da doen\u00e7a. \u201cN\u00f3s continuamos mandando amostras de pacientes com suspeita de reinfec\u00e7\u00e3o para fazer a an\u00e1lise e saber quais linhagens est\u00e3o circulando e qual o comportamento de circula\u00e7\u00e3o de infec\u00e7\u00e3o e agravamento dos pacientes\u201d.<\/p>\n\n\n\n<p><em>Quer receber as principais not\u00edcias do&nbsp;<strong>SE Not\u00edcias<\/strong>&nbsp;no seu&nbsp;<strong>WhatsApp?<\/strong>&nbsp;<strong><a href=\"https:\/\/api.whatsapp.com\/send?phone=5579991715289\">Clique aqui<\/a><\/strong>.<\/em><\/p>\n\n\n\n<p><strong><em>Acompanhe tamb\u00e9m o SE Not\u00edcias no&nbsp;<a rel=\"noreferrer noopener\" href=\"https:\/\/twitter.com\/Senoticias\" target=\"_blank\">Twitter<\/a>,&nbsp;<a rel=\"noreferrer noopener\" href=\"https:\/\/www.facebook.com\/senoticias1\" target=\"_blank\">Facebook<\/a>&nbsp;e no&nbsp;<a rel=\"noreferrer noopener\" href=\"https:\/\/www.instagram.com\/senoticias\/\" target=\"_blank\">Instagram<\/a><\/em><\/strong><\/p>\n","protected":false},"excerpt":{"rendered":"<p>Sete variantes do novo coronav\u00edrus foram encontradas em 67 amostras de pacientes infectados de Sergipe, que foram analisadas pela Fiocruz, no Rio de Janeiro. A informa\u00e7\u00e3o foi divulgada nesta quinta-feira (28), pelo Laborat\u00f3rio Central de Sa\u00fade P\u00fablica de Sergipe (Lacen). A informa\u00e7\u00e3o \u00e9 do portal G1 SE Segundo o superintendente, Cliomar Alves, o procedimento foi [&hellip;]<\/p>\n","protected":false},"author":6552,"featured_media":126506,"comment_status":"closed","ping_status":"closed","sticky":false,"template":"","format":"standard","meta":{"footnotes":""},"categories":[15,6,1],"tags":[14123,14279,16375,14826,14369],"class_list":{"0":"post-126505","1":"post","2":"type-post","3":"status-publish","4":"format-standard","5":"has-post-thumbnail","7":"category-destaques","8":"category-politica","9":"category-sem-categoria","10":"tag-coronavirus","11":"tag-covid19","12":"tag-laboratorio-central-de-saude-publica-de-sergip","13":"tag-lacen","14":"tag-pandemia"},"_links":{"self":[{"href":"https:\/\/senoticias.com.br\/se\/wp-json\/wp\/v2\/posts\/126505"}],"collection":[{"href":"https:\/\/senoticias.com.br\/se\/wp-json\/wp\/v2\/posts"}],"about":[{"href":"https:\/\/senoticias.com.br\/se\/wp-json\/wp\/v2\/types\/post"}],"author":[{"embeddable":true,"href":"https:\/\/senoticias.com.br\/se\/wp-json\/wp\/v2\/users\/6552"}],"replies":[{"embeddable":true,"href":"https:\/\/senoticias.com.br\/se\/wp-json\/wp\/v2\/comments?post=126505"}],"version-history":[{"count":0,"href":"https:\/\/senoticias.com.br\/se\/wp-json\/wp\/v2\/posts\/126505\/revisions"}],"wp:featuredmedia":[{"embeddable":true,"href":"https:\/\/senoticias.com.br\/se\/wp-json\/wp\/v2\/media\/126506"}],"wp:attachment":[{"href":"https:\/\/senoticias.com.br\/se\/wp-json\/wp\/v2\/media?parent=126505"}],"wp:term":[{"taxonomy":"category","embeddable":true,"href":"https:\/\/senoticias.com.br\/se\/wp-json\/wp\/v2\/categories?post=126505"},{"taxonomy":"post_tag","embeddable":true,"href":"https:\/\/senoticias.com.br\/se\/wp-json\/wp\/v2\/tags?post=126505"}],"curies":[{"name":"wp","href":"https:\/\/api.w.org\/{rel}","templated":true}]}}