{"id":126455,"date":"2021-01-25T10:00:28","date_gmt":"2021-01-25T13:00:28","guid":{"rendered":"https:\/\/senoticias.com.br\/se\/?p=126455"},"modified":"2021-01-25T22:00:22","modified_gmt":"2021-01-26T01:00:22","slug":"carro-pega-fogo-dentro-de-motel-e-condutor-morre-carbonizado","status":"publish","type":"post","link":"https:\/\/senoticias.com.br\/se\/carro-pega-fogo-dentro-de-motel-e-condutor-morre-carbonizado\/","title":{"rendered":"Carro pega fogo dentro de motel e condutor morre carbonizado"},"content":{"rendered":"\n<p><\/p>\n\n\n\n<p>Por volta das <strong>5h30<\/strong> desta<strong> segunda-feira (25),<\/strong> um homem morreu carbonizado dentro de um ve\u00edculo que estava estacionado em um motel, na BR-101 no munic\u00edpio de Est\u00e2ncia.<\/p>\n\n\n\n<figure class=\"wp-block-image size-large\"><img loading=\"lazy\" decoding=\"async\" width=\"572\" height=\"259\" src=\"https:\/\/senoticias.com.br\/se\/wp-content\/uploads\/2021\/01\/WhatsApp_Image_2021-01-25_at_08..2e16d0ba.fill-2220x1000-1.jpg\" alt=\"\" class=\"wp-image-126456\" srcset=\"https:\/\/senoticias.com.br\/se\/wp-content\/uploads\/2021\/01\/WhatsApp_Image_2021-01-25_at_08..2e16d0ba.fill-2220x1000-1.jpg 572w, https:\/\/senoticias.com.br\/se\/wp-content\/uploads\/2021\/01\/WhatsApp_Image_2021-01-25_at_08..2e16d0ba.fill-2220x1000-1-300x136.jpg 300w\" sizes=\"(max-width: 572px) 100vw, 572px\" \/><figcaption>O homem foi encontrado morto ap\u00f3s inc\u00eandio em um carro que estava em motel na cidade de Est\u00e2ncia &#8211; Foto: redes socias<\/figcaption><\/figure>\n\n\n\n<p>Segundo informa\u00e7\u00f5es do CIOSP, ao chegar no local, a pol\u00edcia militar encontrou um homem morto e a mulher que o acompanhava, est\u00e1 com queimaduras de segundo e terceiro graus e foi atendida pelo SAMU, encaminhada ao Hospital Regional de Est\u00e2ncia e em seguida, devido a gravidade foi transferida para o Hospital de Urg\u00eancia de Sergipe Jo\u00e3o Alves Filho.<\/p>\n\n\n\n<p>O Corpo de Bombeiros informou que foi acionado \u00e0s 5h20, para o inc\u00eandio em um ve\u00edculo que estava no estacionamento de um dos quartos do motel, as chamas foram apagadas. O Instituo M\u00e9dico Legal e a Pol\u00edcia Civil foram acionados para investiga\u00e7\u00e3o do caso.<\/p>\n\n\n\n<p><em>Quer receber as principais not\u00edcias do&nbsp;<strong>SE Not\u00edcias<\/strong>&nbsp;no seu&nbsp;<strong>WhatsApp?<\/strong>&nbsp;<strong><a href=\"https:\/\/api.whatsapp.com\/send?phone=5579991715289\">Clique aqui<\/a><\/strong>.<\/em><\/p>\n\n\n\n<p><strong><em>Acompanhe tamb\u00e9m o SE Not\u00edcias no&nbsp;<a rel=\"noreferrer noopener\" href=\"https:\/\/twitter.com\/Senoticias\" target=\"_blank\">Twitter<\/a>,&nbsp;<a rel=\"noreferrer noopener\" href=\"https:\/\/www.facebook.com\/senoticias1\" target=\"_blank\">Facebook<\/a>&nbsp;e no&nbsp;<a rel=\"noreferrer noopener\" href=\"https:\/\/www.instagram.com\/senoticias\/\" target=\"_blank\">Instagram<\/a><\/em><\/strong><\/p>\n\n\n\n<p>Informa\u00e7\u00f5es do portal <strong><a href=\"https:\/\/a8se.com\/noticias\/sergipe\/carro-explode-dentro-de-motel-e-condutor-morre-carbonizado\/\">A8SE<\/a><\/strong>.com<\/p>\n","protected":false},"excerpt":{"rendered":"<p>Por volta das 5h30 desta segunda-feira (25), um homem morreu carbonizado dentro de um ve\u00edculo que estava estacionado em um motel, na BR-101 no munic\u00edpio de Est\u00e2ncia. Segundo informa\u00e7\u00f5es do CIOSP, ao chegar no local, a pol\u00edcia militar encontrou um homem morto e a mulher que o acompanhava, est\u00e1 com queimaduras de segundo e terceiro [&hellip;]<\/p>\n","protected":false},"author":6552,"featured_media":126456,"comment_status":"closed","ping_status":"closed","sticky":false,"template":"","format":"standard","meta":{"footnotes":""},"categories":[15,7],"tags":[16351,16352,972,16350],"class_list":{"0":"post-126455","1":"post","2":"type-post","3":"status-publish","4":"format-standard","5":"has-post-thumbnail","7":"category-destaques","8":"category-policia","9":"tag-carro-carbonizado","10":"tag-carro-pega-fogo-dentro-de-motel","11":"tag-estancia","12":"tag-homem-morre-em-motel"},"_links":{"self":[{"href":"https:\/\/senoticias.com.br\/se\/wp-json\/wp\/v2\/posts\/126455"}],"collection":[{"href":"https:\/\/senoticias.com.br\/se\/wp-json\/wp\/v2\/posts"}],"about":[{"href":"https:\/\/senoticias.com.br\/se\/wp-json\/wp\/v2\/types\/post"}],"author":[{"embeddable":true,"href":"https:\/\/senoticias.com.br\/se\/wp-json\/wp\/v2\/users\/6552"}],"replies":[{"embeddable":true,"href":"https:\/\/senoticias.com.br\/se\/wp-json\/wp\/v2\/comments?post=126455"}],"version-history":[{"count":0,"href":"https:\/\/senoticias.com.br\/se\/wp-json\/wp\/v2\/posts\/126455\/revisions"}],"wp:featuredmedia":[{"embeddable":true,"href":"https:\/\/senoticias.com.br\/se\/wp-json\/wp\/v2\/media\/126456"}],"wp:attachment":[{"href":"https:\/\/senoticias.com.br\/se\/wp-json\/wp\/v2\/media?parent=126455"}],"wp:term":[{"taxonomy":"category","embeddable":true,"href":"https:\/\/senoticias.com.br\/se\/wp-json\/wp\/v2\/categories?post=126455"},{"taxonomy":"post_tag","embeddable":true,"href":"https:\/\/senoticias.com.br\/se\/wp-json\/wp\/v2\/tags?post=126455"}],"curies":[{"name":"wp","href":"https:\/\/api.w.org\/{rel}","templated":true}]}}