{"id":126435,"date":"2021-01-23T13:49:12","date_gmt":"2021-01-23T16:49:12","guid":{"rendered":"https:\/\/senoticias.com.br\/se\/?p=126435"},"modified":"2021-01-23T13:55:10","modified_gmt":"2021-01-23T16:55:10","slug":"golpistas-de-sao-paulo-sao-presos-em-flagrante-ao-aplicar-golpes-em-aracaju","status":"publish","type":"post","link":"https:\/\/senoticias.com.br\/se\/golpistas-de-sao-paulo-sao-presos-em-flagrante-ao-aplicar-golpes-em-aracaju\/","title":{"rendered":"Golpistas de S\u00e3o Paulo s\u00e3o presos em flagrante ao aplicar golpes em Aracaju"},"content":{"rendered":"\n<p>Equipes da 1a Delegacia Metropolitana prenderam em flagrante tr\u00eas homens, oriundos de S\u00e3o Paulo, acusados de aplicar uma s\u00e9rie de golpes em Aracaju. Foram presos na tarde desta sexta-feira (22) Eric Felipe Bernardo da Silva, 24 anos, Augusto Felipe Soares da Silva, 25; e Emerson Santana da Concei\u00e7\u00e3o, 32 anos.<\/p>\n\n\n\n<figure class=\"wp-block-image size-large\"><img loading=\"lazy\" decoding=\"async\" width=\"564\" height=\"423\" src=\"https:\/\/senoticias.com.br\/se\/wp-content\/uploads\/2021\/01\/Golpistas_SP.jpeg\" alt=\"\" class=\"wp-image-126437\" srcset=\"https:\/\/senoticias.com.br\/se\/wp-content\/uploads\/2021\/01\/Golpistas_SP.jpeg 564w, https:\/\/senoticias.com.br\/se\/wp-content\/uploads\/2021\/01\/Golpistas_SP-300x225.jpeg 300w, https:\/\/senoticias.com.br\/se\/wp-content\/uploads\/2021\/01\/Golpistas_SP-45x35.jpeg 45w\" sizes=\"(max-width: 564px) 100vw, 564px\" \/><figcaption>V\u00edtimas eram induzidas a cortar os cart\u00f5es e entreg\u00e1-los ap\u00f3s liga\u00e7\u00e3o de \u201catendentes\u201d, mas microchip ficava preservado &#8211; Foto: SSP\/SE<\/figcaption><\/figure>\n\n\n\n<p>Com eles, os investigadores apreenderam v\u00e1rias m\u00e1quinas utilizadas para a passagem de cart\u00f5es de cr\u00e9dito e d\u00e9bito, cart\u00f5es de terceiros e um ve\u00edculo. Segundo o delegado Everton Santos, da 1a Delegacia Metropolitana, os autores confirmaram que sa\u00edram de S\u00e3o Paulo e estavam hospedados em uma Pousada no bairro Atalaia. Ao menos, 12 pessoas foram v\u00edtimas em Aracaju e, antes, eles j\u00e1 havuam aplicado o mesmo golpe na cidade de Goi\u00e2nia (GO).<\/p>\n\n\n\n<p>O crime consistia numa estrutura de falsos atendentes, montada em S\u00e3o Paulo, que ligavam para as v\u00edtimas e alegavam que os cart\u00f5es foram utilizados de forma errada e, por isso, seria necess\u00e1rio inutiliz\u00e1-los, cortando os cart\u00f5es com uma tesoura. Os atendentes j\u00e1 dispunham de dados pessoais importantes das v\u00edtimas. \u201cNo entanto, o michochip, que \u00e9 onde est\u00e3o todas as informa\u00e7\u00f5es relevantes do cart\u00e3o, geralmente ficava preservado\u201d, explicou o delegado Everton Santos.<\/p>\n\n\n\n<p>Com os cart\u00f5es inutilizados, os golpistas, j\u00e1 em Aracaju, iam na casa das v\u00edtimas e pegavam os cart\u00f5es recortados. Depois juntavam as partes com uma fita adesiva a passavam a utiliz\u00e1-los. \u201cA pol\u00edcia est\u00e1 localizando os boletins de ocorr\u00eancia para identificar as pessoas que ca\u00edram no golpe.<\/p>\n\n\n\n<p>O trio foi preso no momento em que utilizava um dos cart\u00f5es e foram encaminhados para a 1a Delegacia Metropolitana, onde prestaram depoimento. Uma idosa, v\u00edtima dos paulistas, foi localizada e prestou esclarecimentos \u00e0 pol\u00edcia. O delegado Everton Santos refor\u00e7ou os parab\u00e9ns \u00e0s equipes de captura e de cart\u00f3rio da 1a Delegacia Metropolitana.<\/p>\n\n\n\n<p><em>Quer receber as principais not\u00edcias do&nbsp;<strong>SE Not\u00edcias<\/strong>&nbsp;no seu&nbsp;<strong>WhatsApp?<\/strong>&nbsp;<strong><a href=\"https:\/\/api.whatsapp.com\/send?phone=5579991715289\">Clique aqui<\/a><\/strong>.<\/em><\/p>\n\n\n\n<p><strong><em>Acompanhe tamb\u00e9m o SE Not\u00edcias no\u00a0<a rel=\"noreferrer noopener\" href=\"https:\/\/twitter.com\/Senoticias\" target=\"_blank\">Twitter<\/a>,\u00a0<a rel=\"noreferrer noopener\" href=\"https:\/\/www.facebook.com\/senoticias1\" target=\"_blank\">Facebook<\/a>\u00a0e no\u00a0<a rel=\"noreferrer noopener\" href=\"https:\/\/www.instagram.com\/senoticias\/\" target=\"_blank\">Instagram<\/a><\/em><\/strong><\/p>\n\n\n\n<p>Mat\u00e9ria extra\u00edda do site da SSP\/SE<\/p>\n","protected":false},"excerpt":{"rendered":"<p>Equipes da 1a Delegacia Metropolitana prenderam em flagrante tr\u00eas homens, oriundos de S\u00e3o Paulo, acusados de aplicar uma s\u00e9rie de golpes em Aracaju. Foram presos na tarde desta sexta-feira (22) Eric Felipe Bernardo da Silva, 24 anos, Augusto Felipe Soares da Silva, 25; e Emerson Santana da Concei\u00e7\u00e3o, 32 anos. Com eles, os investigadores apreenderam [&hellip;]<\/p>\n","protected":false},"author":6552,"featured_media":126437,"comment_status":"closed","ping_status":"closed","sticky":false,"template":"","format":"standard","meta":{"footnotes":""},"categories":[15,7,1],"tags":[16330,16331,16332],"class_list":{"0":"post-126435","1":"post","2":"type-post","3":"status-publish","4":"format-standard","5":"has-post-thumbnail","7":"category-destaques","8":"category-policia","9":"category-sem-categoria","10":"tag-golpe-do-cartao","11":"tag-golpistas","12":"tag-golpistas-de-sao-paulo-sao-presos-em-aracaju"},"_links":{"self":[{"href":"https:\/\/senoticias.com.br\/se\/wp-json\/wp\/v2\/posts\/126435"}],"collection":[{"href":"https:\/\/senoticias.com.br\/se\/wp-json\/wp\/v2\/posts"}],"about":[{"href":"https:\/\/senoticias.com.br\/se\/wp-json\/wp\/v2\/types\/post"}],"author":[{"embeddable":true,"href":"https:\/\/senoticias.com.br\/se\/wp-json\/wp\/v2\/users\/6552"}],"replies":[{"embeddable":true,"href":"https:\/\/senoticias.com.br\/se\/wp-json\/wp\/v2\/comments?post=126435"}],"version-history":[{"count":0,"href":"https:\/\/senoticias.com.br\/se\/wp-json\/wp\/v2\/posts\/126435\/revisions"}],"wp:featuredmedia":[{"embeddable":true,"href":"https:\/\/senoticias.com.br\/se\/wp-json\/wp\/v2\/media\/126437"}],"wp:attachment":[{"href":"https:\/\/senoticias.com.br\/se\/wp-json\/wp\/v2\/media?parent=126435"}],"wp:term":[{"taxonomy":"category","embeddable":true,"href":"https:\/\/senoticias.com.br\/se\/wp-json\/wp\/v2\/categories?post=126435"},{"taxonomy":"post_tag","embeddable":true,"href":"https:\/\/senoticias.com.br\/se\/wp-json\/wp\/v2\/tags?post=126435"}],"curies":[{"name":"wp","href":"https:\/\/api.w.org\/{rel}","templated":true}]}}