{"id":126369,"date":"2021-01-18T20:01:36","date_gmt":"2021-01-18T23:01:36","guid":{"rendered":"https:\/\/senoticias.com.br\/se\/?p=126369"},"modified":"2021-01-18T20:09:14","modified_gmt":"2021-01-18T23:09:14","slug":"campanha-de-vacinacao-comeca-nesta-terca-feira-19-em-sergipe-afirma-governador-belivaldo-chagas","status":"publish","type":"post","link":"https:\/\/senoticias.com.br\/se\/campanha-de-vacinacao-comeca-nesta-terca-feira-19-em-sergipe-afirma-governador-belivaldo-chagas\/","title":{"rendered":"&#8220;Campanha de Vacina\u00e7\u00e3o come\u00e7a nesta ter\u00e7a-feira, 19, em Sergipe\u201d, afirma governador Belivaldo Chagas"},"content":{"rendered":"\n<p>O governador Belivaldo Chagas afirmou, em coletiva de imprensa realizada nesta segunda-feira (18), o in\u00edcio da vacina\u00e7\u00e3o contra a Covid-19 no estado para a pr\u00f3xima ter\u00e7a-feira (19). Na ocasi\u00e3o, ser\u00e1 vacinada de forma simb\u00f3lica, a partir das 8 horas, um profissional da \u00e1rea da Sa\u00fade do Hospital de Urg\u00eancias de Sergipe Jo\u00e3o Alves Filho.&nbsp;<\/p>\n\n\n\n<figure class=\"wp-block-image size-large\"><img loading=\"lazy\" decoding=\"async\" width=\"1024\" height=\"682\" src=\"https:\/\/senoticias.com.br\/se\/wp-content\/uploads\/2021\/01\/Belivaldo-Chagas-SE-Noticias-1024x682.jpeg\" alt=\"\" class=\"wp-image-126370\"\/><figcaption>Nesta primeira fase de vacina\u00e7\u00e3o, a\u00a0Secretaria de Estado da Sa\u00fade (SES) pretende imunizar 23.272 pessoas, em duas doses &#8211; foto: M\u00e1rio Sousa\/ASN<\/figcaption><\/figure>\n\n\n\n<p>\u201cAs vacinas est\u00e3o chegando e ser\u00e1 feita a confer\u00eancia e a divis\u00e3o dos kits para serem encaminhados aos 75 munic\u00edpios. Temos j\u00e1 a log\u00edstica pronta, Sergipe est\u00e1 preparado, temos hoje 211 salas prontas e equipadas para receberem as pessoas, para que elas possam ser vacinadas. Em nenhum momento, deixamos de agir. As seringas foram adquiridas, o que tinha que estar ao nosso alcance, n\u00f3s cumprimos. O que precisava era das vacinas e elas est\u00e3o chegando. Hoje mesmo trabalharemos noite adentro, para preparar e, portanto, a partir das 7 horas da ter\u00e7a-feira, 19, entregaremos aos munic\u00edpios\u201d, destacou o governador.<\/p>\n\n\n\n<p>O Plano de Vacina\u00e7\u00e3o de Sergipe determina que os munic\u00edpios das Regi\u00f5es de Sa\u00fade de Aracaju (Aracaju, Barra dos Coqueiros, Divina Pastora, Itaporanga, Laranjeiras, Riachuelo, Santa Rosa de Lima e <strong>S\u00e3o Crist\u00f3v\u00e3o<\/strong>) e Regi\u00e3o de Nossa Senhora do Socorro (Capela, Carm\u00f3polis, Cumbe, General Maynard, Japaratuba, Maruim, Nossa Senhora das Dores, Nossa Senhora do Socorro, Pirambu, Ros\u00e1rio do Catete, Santo Amaro e Siriri) dever\u00e3o retirar os imunizantes na SES.<\/p>\n\n\n\n<p>J\u00e1 para os munic\u00edpios das Regi\u00f5es de Sa\u00fade de Est\u00e2ncia, Itabaiana, Lagarto, Nossa Senhora da Gl\u00f3ria e Propri\u00e1, a Sa\u00fade do estado far\u00e1 o transporte a\u00e9reo e terrestre.<\/p>\n\n\n\n<p>O governador ressaltou que a chegada da vacina n\u00e3o significa que a pandemia acabou. \u201c\u00c9 importante dizer que a vacina vai ajudar, mas n\u00e3o d\u00e1 para continuar com as aglomera\u00e7\u00f5es. N\u00e3o d\u00e1 para continuar descumprindo as regras de distanciamento, o uso de m\u00e1scara, a higiene das m\u00e3os\u201d, disse.<\/p>\n\n\n\n<p><strong>Estrat\u00e9gia<\/strong><br><br>Nesta primeira fase de vacina\u00e7\u00e3o, a\u00a0Secretaria de Estado da Sa\u00fade (SES) pretende imunizar 23.272 pessoas, em duas doses. Est\u00e3o nesta faixa priorit\u00e1ria os profissionais de sa\u00fade (22.760), idosos de 60 anos ou mais institucionalizados (240), pessoas com defici\u00eancia institucionalizadas (22) e ind\u00edgenas aldeados (250).<\/p>\n\n\n\n<p>Dentre os profissionais de sa\u00fade priorit\u00e1rios nesta primeira etapa est\u00e3o as equipes de vacina\u00e7\u00e3o, trabalhadores das institui\u00e7\u00f5es de longa perman\u00eancia e trabalhadores dos servi\u00e7os de sa\u00fade p\u00fablicos e privados que est\u00e3o envolvidos no atendimento \u00e0 Covid-19.<\/p>\n\n\n\n<p>\u201cCada munic\u00edpio vai fazer um levantamento dos seus profissionais. No caos da popula\u00e7\u00e3o institucionalizada, n\u00e3o s\u00e3o todos que possuem, mas os que possuem j\u00e1 fizeram o levantamento e a vacina\u00e7\u00e3o ser\u00e1 feita em um \u00fanico momento, bem como a popula\u00e7\u00e3o ind\u00edgena\u201d, ressaltou a enfermeira do Programa de Imuniza\u00e7\u00e3o do estado, Ana Beatriz Lira.<\/p>\n\n\n\n<p>Como estrat\u00e9gia para evitar aglomera\u00e7\u00f5es, o governo promover\u00e1 a vacina\u00e7\u00e3o em hor\u00e1rios espec\u00edficos para cada grupo, al\u00e9m de vacina\u00e7\u00e3o institucional, em locais que estejam os grupos priorit\u00e1rios, vacina\u00e7\u00e3o m\u00f3vel, em drive-thru, com hora marcada e domiciliar, quando necess\u00e1rio.<\/p>\n\n\n\n<p><em>Quer receber as principais not\u00edcias do&nbsp;<strong>SE Not\u00edcias<\/strong>&nbsp;no seu&nbsp;<strong>WhatsApp?<\/strong>&nbsp;<strong><a href=\"https:\/\/api.whatsapp.com\/send?phone=5579991715289\">Clique aqui<\/a><\/strong>.<\/em><\/p>\n\n\n\n<p><strong><em>Acompanhe tamb\u00e9m o SE Not\u00edcias no\u00a0<a rel=\"noreferrer noopener\" href=\"https:\/\/twitter.com\/Senoticias\" target=\"_blank\">Twitter<\/a>,\u00a0<a rel=\"noreferrer noopener\" href=\"https:\/\/www.facebook.com\/senoticias1\" target=\"_blank\">Facebook<\/a>\u00a0e no\u00a0<a rel=\"noreferrer noopener\" href=\"https:\/\/www.instagram.com\/senoticias\/\" target=\"_blank\">Instagram<\/a><\/em><\/strong><\/p>\n\n\n\n<p><em>Mat\u00e9ria da Ag\u00eancia Sergipe de Not\u00edcias<\/em><\/p>\n","protected":false},"excerpt":{"rendered":"<p>O governador Belivaldo Chagas afirmou, em coletiva de imprensa realizada nesta segunda-feira (18), o in\u00edcio da vacina\u00e7\u00e3o contra a Covid-19 no estado para a pr\u00f3xima ter\u00e7a-feira (19). Na ocasi\u00e3o, ser\u00e1 vacinada de forma simb\u00f3lica, a partir das 8 horas, um profissional da \u00e1rea da Sa\u00fade do Hospital de Urg\u00eancias de Sergipe Jo\u00e3o Alves Filho.&nbsp; \u201cAs [&hellip;]<\/p>\n","protected":false},"author":6552,"featured_media":126370,"comment_status":"closed","ping_status":"closed","sticky":false,"template":"","format":"standard","meta":{"footnotes":""},"categories":[15,6],"tags":[2806,66,14123,14279,14369,6385,554],"class_list":{"0":"post-126369","1":"post","2":"type-post","3":"status-publish","4":"format-standard","5":"has-post-thumbnail","7":"category-destaques","8":"category-politica","9":"tag-belivaldo-chagas","10":"tag-campanha-de-vacinacao","11":"tag-coronavirus","12":"tag-covid19","13":"tag-pandemia","14":"tag-secretaria-de-estado-da-saude","15":"tag-vacina"},"_links":{"self":[{"href":"https:\/\/senoticias.com.br\/se\/wp-json\/wp\/v2\/posts\/126369"}],"collection":[{"href":"https:\/\/senoticias.com.br\/se\/wp-json\/wp\/v2\/posts"}],"about":[{"href":"https:\/\/senoticias.com.br\/se\/wp-json\/wp\/v2\/types\/post"}],"author":[{"embeddable":true,"href":"https:\/\/senoticias.com.br\/se\/wp-json\/wp\/v2\/users\/6552"}],"replies":[{"embeddable":true,"href":"https:\/\/senoticias.com.br\/se\/wp-json\/wp\/v2\/comments?post=126369"}],"version-history":[{"count":0,"href":"https:\/\/senoticias.com.br\/se\/wp-json\/wp\/v2\/posts\/126369\/revisions"}],"wp:featuredmedia":[{"embeddable":true,"href":"https:\/\/senoticias.com.br\/se\/wp-json\/wp\/v2\/media\/126370"}],"wp:attachment":[{"href":"https:\/\/senoticias.com.br\/se\/wp-json\/wp\/v2\/media?parent=126369"}],"wp:term":[{"taxonomy":"category","embeddable":true,"href":"https:\/\/senoticias.com.br\/se\/wp-json\/wp\/v2\/categories?post=126369"},{"taxonomy":"post_tag","embeddable":true,"href":"https:\/\/senoticias.com.br\/se\/wp-json\/wp\/v2\/tags?post=126369"}],"curies":[{"name":"wp","href":"https:\/\/api.w.org\/{rel}","templated":true}]}}