{"id":126335,"date":"2021-01-16T07:42:29","date_gmt":"2021-01-16T10:42:29","guid":{"rendered":"https:\/\/senoticias.com.br\/se\/?p=126335"},"modified":"2021-01-16T07:44:40","modified_gmt":"2021-01-16T10:44:40","slug":"enem-revisoes-e-planejamento-sao-aliados-na-preparacao","status":"publish","type":"post","link":"https:\/\/senoticias.com.br\/se\/enem-revisoes-e-planejamento-sao-aliados-na-preparacao\/","title":{"rendered":"Enem: revis\u00f5es e planejamento s\u00e3o aliados na prepara\u00e7\u00e3o"},"content":{"rendered":"\n<p>Neste domingo, dia 17, 5,8 milh\u00f5es de estudantes de todo o Pa\u00eds fazem a primeira prova do Exame Nacional do Ensino M\u00e9dio (Enem) 2020. Adiado por conta da pandemia, o Exame ser\u00e1 em duas vers\u00f5es: presencial, dias 17 e 24 de janeiro e digital, dias 31 de janeiro e 07 de fevereiro. Pensando na prepara\u00e7\u00e3o dos candidatos, a Universidade Tiradentes realiza o evento Aprova\u00e7\u00e3o Enem Check, com a participa\u00e7\u00e3o de professores renomados do cursinho pr\u00e9-vestibular Uni+. O evento \u00e9 virtual e totalmente gratuito at\u00e9 o dia 22.<\/p>\n\n\n\n<figure class=\"wp-block-image size-large\"><img loading=\"lazy\" decoding=\"async\" width=\"1024\" height=\"613\" src=\"https:\/\/senoticias.com.br\/se\/wp-content\/uploads\/2020\/10\/Enen-2020-SE-Noticias-1024x613.jpg\" alt=\"\" class=\"wp-image-125224\"\/><figcaption>Revis\u00f5es e planejamento s\u00e3o aliados na prepara\u00e7\u00e3o &#8211; foto: Abr<\/figcaption><\/figure>\n\n\n\n<p>A a\u00e7\u00e3o aborda conte\u00fados e apresenta dicas infal\u00edveis para um bom resultado, embasadas sempre nos conte\u00fados dos tr\u00eas anos do ensino m\u00e9dio que mais caem no Enem. As inscri\u00e7\u00f5es gratuitas para o Enem Check da Unit podem ser feitas&nbsp;<a href=\"https:\/\/www.unit.br\/enemcheck\" target=\"_blank\" rel=\"noreferrer noopener\">neste site<\/a>. Os inscritos ter\u00e3o acesso a lives de diversas aulas, com conte\u00fados completos, al\u00e9m de um material exclusivo de estudos desenvolvido pelos professores da Uni+.<\/p>\n\n\n\n<p><strong>Habilidades<\/strong><\/p>\n\n\n\n<p>Os participantes fazem provas de quatro \u00e1reas de conhecimento: linguagens, c\u00f3digos e suas tecnologias; Ci\u00eancias Humanas e suas tecnologias; Ci\u00eancias da Natureza e suas tecnologias e Matem\u00e1tica e suas tecnologias. No total, 180 quest\u00f5es, ao todo, al\u00e9m da reda\u00e7\u00e3o.<\/p>\n\n\n\n<p>Durante a edi\u00e7\u00e3o do evento Aprova\u00e7\u00e3o Enem Check do dia 13, o professor Heleno, de Geografia, destacou habilidades como interpreta\u00e7\u00e3o hist\u00f3rica e geogr\u00e1fica para fontes documentais, al\u00e9m de avaliar criticamente conflitos e abordar diferentes processos de produ\u00e7\u00e3o.<\/p>\n\n\n\n<p>\u201cAo fazer a leitura de uma quest\u00e3o, \u00e9 preciso distinguir urbaniza\u00e7\u00e3o de crescimento urbano. A urbaniza\u00e7\u00e3o envolve um processo populacional, que se d\u00e1 pela industrializa\u00e7\u00e3o e mecaniza\u00e7\u00e3o do campo. Decorrente do crescimento populacional vem o crescimento urbano que consiste em melhorias na sa\u00fade, na educa\u00e7\u00e3o, no acesso a bens\u201d, disse o professor de Geografia da Uni+, Heleno.<\/p>\n\n\n\n<p>Na revis\u00e3o de Reda\u00e7\u00e3o, com a professora K\u00e1tia, ela iniciou que n\u00e3o precisa se preocupar com o tema, mas em como analisar o tema e escrever o texto.<\/p>\n\n\n\n<p>\u201cTraga contextualiza\u00e7\u00e3o j\u00e1 no in\u00edcio da reda\u00e7\u00e3o. Tenham aten\u00e7\u00e3o com o repert\u00f3rio, que precisa estar alinhado com o tema\u201d.<\/p>\n\n\n\n<p><strong>Dicas para o Enem<\/strong><\/p>\n\n\n\n<p>Nesta reta final, o indicado \u00e9 revisar conte\u00fado e buscar atividades de relaxamento, como afirma a assessora do Programa de Gest\u00e3o de Aprendizagem e membro titular do N\u00facleo de Desenvolvimento Docente da Unit, Ana Cl\u00e1udia Mota. \u201cUma semana antes da prova, aprender conte\u00fado novo n\u00e3o \u00e9 o ideal, e sim revisar tudo aquilo que j\u00e1 foi estudado ao longo do ano. \u00c9 ser de fato internalizada aquela informa\u00e7\u00e3o, aquele saber. \u00c9 importante organizar o tempo, ter o hor\u00e1rio de estudo e n\u00e3o exceder. O Enem \u00e9 uma prova muito longa e \u00e9 interessante que o estudante esteja descansado fisicamente e psicologicamente para esse exame\u201d, afirma.<\/p>\n\n\n\n<p>Outra dica \u00e9 investir em atividades que forne\u00e7am sensa\u00e7\u00e3o de bem-estar. \u201cAs pessoas t\u00eam investido muito em medita\u00e7\u00e3o ou ioga, correr ou caminhar, enfim, nesse momento, se o estudante j\u00e1 fazia uma atividade f\u00edsica, continue mantendo. Talvez n\u00e3o seja o momento de iniciar, com muito foco, mas atividades que n\u00e3o exigem tanto esfor\u00e7o f\u00edsico, certamente, s\u00e3o fundamentais e que dialogam diretamente com a quest\u00e3o psicol\u00f3gica\u201d.<\/p>\n\n\n\n<p><strong>Seguran\u00e7a<\/strong><\/p>\n\n\n\n<p>De acordo com o MEC e com o Inep, as medidas de\u00a0<a rel=\"noreferrer noopener\" href=\"https:\/\/agenciabrasil.ebc.com.br\/educacao\/noticia\/2021-01\/enem-tera-regras-para-evitar-contagio-pelo-novo-coronavirus\" target=\"_blank\">seguran\u00e7a<\/a>\u00a0adotadas em rela\u00e7\u00e3o \u00e0 pandemia do novo coronav\u00edrus ser\u00e3o as mesmas tanto no Enem impresso quanto no digital. Haver\u00e1, por exemplo, um n\u00famero reduzido de estudantes por sala, para garantir o distanciamento entre os participantes. Durante todo o tempo de realiza\u00e7\u00e3o da prova, os candidatos dever\u00e3o usar m\u00e1scaras de prote\u00e7\u00e3o da forma correta, tapando o nariz e a boca, sob pena de serem eliminados do Exame. Al\u00e9m disso, o \u00e1lcool em gel estar\u00e1 dispon\u00edvel em todos os locais de aplica\u00e7\u00e3o de prova.<\/p>\n\n\n\n<p><em>Quer receber as principais not\u00edcias do&nbsp;<strong>SE Not\u00edcias<\/strong>&nbsp;no seu&nbsp;<strong>WhatsApp?<\/strong>&nbsp;<strong><a href=\"https:\/\/api.whatsapp.com\/send?phone=5579991715289\">Clique aqui<\/a><\/strong>.<\/em><\/p>\n\n\n\n<p><strong><em>Acompanhe tamb\u00e9m o SE Not\u00edcias no&nbsp;<a rel=\"noreferrer noopener\" href=\"https:\/\/twitter.com\/Senoticias\" target=\"_blank\">Twitter<\/a>,&nbsp;<a rel=\"noreferrer noopener\" href=\"https:\/\/www.facebook.com\/senoticias1\" target=\"_blank\">Facebook<\/a>&nbsp;e no&nbsp;<a rel=\"noreferrer noopener\" href=\"https:\/\/www.instagram.com\/senoticias\/\" target=\"_blank\">Instagram<\/a><\/em><\/strong><\/p>\n\n\n\n<p>Assessoria de Imprensa | Unit<\/p>\n","protected":false},"excerpt":{"rendered":"<p>Neste domingo, dia 17, 5,8 milh\u00f5es de estudantes de todo o Pa\u00eds fazem a primeira prova do Exame Nacional do Ensino M\u00e9dio (Enem) 2020. Adiado por conta da pandemia, o Exame ser\u00e1 em duas vers\u00f5es: presencial, dias 17 e 24 de janeiro e digital, dias 31 de janeiro e 07 de fevereiro. Pensando na prepara\u00e7\u00e3o [&hellip;]<\/p>\n","protected":false},"author":6552,"featured_media":0,"comment_status":"closed","ping_status":"closed","sticky":false,"template":"","format":"standard","meta":{"footnotes":""},"categories":[15,6,1],"tags":[15017,16286,16285],"class_list":{"0":"post-126335","1":"post","2":"type-post","3":"status-publish","4":"format-standard","6":"category-destaques","7":"category-politica","8":"category-sem-categoria","9":"tag-enem-2020","10":"tag-enem-digital","11":"tag-revisao-enem-2020"},"_links":{"self":[{"href":"https:\/\/senoticias.com.br\/se\/wp-json\/wp\/v2\/posts\/126335"}],"collection":[{"href":"https:\/\/senoticias.com.br\/se\/wp-json\/wp\/v2\/posts"}],"about":[{"href":"https:\/\/senoticias.com.br\/se\/wp-json\/wp\/v2\/types\/post"}],"author":[{"embeddable":true,"href":"https:\/\/senoticias.com.br\/se\/wp-json\/wp\/v2\/users\/6552"}],"replies":[{"embeddable":true,"href":"https:\/\/senoticias.com.br\/se\/wp-json\/wp\/v2\/comments?post=126335"}],"version-history":[{"count":0,"href":"https:\/\/senoticias.com.br\/se\/wp-json\/wp\/v2\/posts\/126335\/revisions"}],"wp:attachment":[{"href":"https:\/\/senoticias.com.br\/se\/wp-json\/wp\/v2\/media?parent=126335"}],"wp:term":[{"taxonomy":"category","embeddable":true,"href":"https:\/\/senoticias.com.br\/se\/wp-json\/wp\/v2\/categories?post=126335"},{"taxonomy":"post_tag","embeddable":true,"href":"https:\/\/senoticias.com.br\/se\/wp-json\/wp\/v2\/tags?post=126335"}],"curies":[{"name":"wp","href":"https:\/\/api.w.org\/{rel}","templated":true}]}}