{"id":126319,"date":"2021-01-14T16:44:00","date_gmt":"2021-01-14T19:44:00","guid":{"rendered":"https:\/\/senoticias.com.br\/se\/?p=126319"},"modified":"2021-01-14T16:44:10","modified_gmt":"2021-01-14T19:44:10","slug":"volta-as-aulas-smtt-realizara-acoes-educativas-para-o-transito-em-frente-as-escolas","status":"publish","type":"post","link":"https:\/\/senoticias.com.br\/se\/volta-as-aulas-smtt-realizara-acoes-educativas-para-o-transito-em-frente-as-escolas\/","title":{"rendered":"Volta \u00e0s aulas: SMTT realizar\u00e1 a\u00e7\u00f5es educativas para o tr\u00e2nsito em frente \u00e0s escolas"},"content":{"rendered":"\n<p>Com o retorno das aulas presenciais nas institui\u00e7\u00f5es de ensino da capital, na pr\u00f3xima segunda-feira, dia 18, a Superintend\u00eancia Municipal de Transportes e Tr\u00e2nsito (SMTT) de Aracaju, atrav\u00e9s da Coordenadoria de Educa\u00e7\u00e3o para o Tr\u00e2nsito (CET), realizar\u00e1 a\u00e7\u00f5es educativas na entrada das escolas localizadas em regi\u00f5es de grande circula\u00e7\u00e3o de pessoas e ve\u00edculos.<\/p>\n\n\n\n<figure class=\"wp-block-image size-large\"><img loading=\"lazy\" decoding=\"async\" width=\"768\" height=\"1024\" src=\"https:\/\/senoticias.com.br\/se\/wp-content\/uploads\/2021\/01\/smtt-senoticias-768x1024.jpg\" alt=\"\" class=\"wp-image-126320\"\/><figcaption>\nFoto: Ascom\/SMTT\n<\/figcaption><\/figure>\n\n\n\n<p>As atividades seguir\u00e3o todos os protocolos de biosseguran\u00e7a necess\u00e1rios para evitar o cont\u00e1gio pelo novo coronav\u00edrus. A primeira a\u00e7\u00e3o ser\u00e1 em um col\u00e9gio localizado na rua Dom Jos\u00e9 Thomaz, no bairro S\u00e3o Jos\u00e9.<\/p>\n\n\n\n<p>De acordo com o superintendente da SMTT, Renato Telles, as a\u00e7\u00f5es visam refor\u00e7ar aos condutores, colaboradores e alunos a import\u00e2ncia do respeito \u00e0s sinaliza\u00e7\u00f5es e leis de tr\u00e2nsito. A equipe chamar\u00e1 a aten\u00e7\u00e3o, por exemplo, para a n\u00e3o forma\u00e7\u00e3o de filas duplas na porta das escolas.<\/p>\n\n\n\n<p>\u201cEstaremos em frente \u00e0s escolas de grande movimenta\u00e7\u00e3o, levando mensagens de conscientiza\u00e7\u00e3o para que a volta \u00e0s aulas seja tranquila. \u00c9 importante que os condutores n\u00e3o fa\u00e7am fila dupla porque esta infra\u00e7\u00e3o prejudica muito o tr\u00e2nsito, e que os alunos atravessem a via na faixa de pedestre para a seguran\u00e7a de todos. S\u00e3o pontos importantes e que ser\u00e3o abordados nas a\u00e7\u00f5es\u201d, conta.<\/p>\n\n\n\n<p>Renato destaca que os agentes de tr\u00e2nsito tamb\u00e9m estar\u00e3o nas regi\u00f5es, monitorando o fluxo de ve\u00edculos. \u201cTeremos agentes auxiliando na organiza\u00e7\u00e3o do tr\u00e2nsito no entorno das escolas com maior movimenta\u00e7\u00e3o. Mas \u00e9 fundamental que os condutores sejam conscientes, n\u00e3o estacionem em local proibido e respeitem as sinaliza\u00e7\u00f5es\u201d, alerta o superintendente da SMTT.<\/p>\n\n\n\n<p><strong>Programa\u00e7\u00e3o<\/strong><\/p>\n\n\n\n<p><br><strong>Segunda-feira, dia 18<\/strong><br>Col\u00e9gio Arquidiocesano, \u00e0s 6h30<br>Rua Dom Jos\u00e9 Thomaz, 194 &#8211; S\u00e3o Jos\u00e9<\/p>\n\n\n\n<p><strong>Ter\u00e7a-feira, dia 19<\/strong><br>Col\u00e9gio M\u00f3dulo, \u00e0s 6h30<br>Avenida Paulo VI com Rua dos cravos<\/p>\n\n\n\n<p><strong>Quarta-feira, dia 20<\/strong><br>Col\u00e9gio CCPA<br>Rua Jos\u00e9 de Alencar Cardoso Neto, 67 &#8211; Grageru<\/p>\n\n\n\n<p><em>Quer receber as principais not\u00edcias do&nbsp;<strong>SE Not\u00edcias<\/strong>&nbsp;no seu&nbsp;<strong>WhatsApp?<\/strong>&nbsp;<strong><a href=\"https:\/\/api.whatsapp.com\/send?phone=5579991715289\">Clique aqui<\/a><\/strong>.<\/em><\/p>\n\n\n\n<p><strong><em>Acompanhe tamb\u00e9m o SE Not\u00edcias no&nbsp;<a rel=\"noreferrer noopener\" href=\"https:\/\/twitter.com\/Senoticias\" target=\"_blank\">Twitter<\/a>,&nbsp;<a rel=\"noreferrer noopener\" href=\"https:\/\/www.facebook.com\/senoticias1\" target=\"_blank\">Facebook<\/a>&nbsp;e no&nbsp;<a rel=\"noreferrer noopener\" href=\"https:\/\/www.instagram.com\/senoticias\/\" target=\"_blank\">Instagram<\/a><\/em><\/strong><\/p>\n","protected":false},"excerpt":{"rendered":"<p>Com o retorno das aulas presenciais nas institui\u00e7\u00f5es de ensino da capital, na pr\u00f3xima segunda-feira, dia 18, a Superintend\u00eancia Municipal de Transportes e Tr\u00e2nsito (SMTT) de Aracaju, atrav\u00e9s da Coordenadoria de Educa\u00e7\u00e3o para o Tr\u00e2nsito (CET), realizar\u00e1 a\u00e7\u00f5es educativas na entrada das escolas localizadas em regi\u00f5es de grande circula\u00e7\u00e3o de pessoas e ve\u00edculos. As atividades [&hellip;]<\/p>\n","protected":false},"author":6552,"featured_media":0,"comment_status":"closed","ping_status":"closed","sticky":false,"template":"","format":"standard","meta":{"footnotes":""},"categories":[15,38],"tags":[2979,16279,7919],"class_list":{"0":"post-126319","1":"post","2":"type-post","3":"status-publish","4":"format-standard","6":"category-destaques","7":"category-municipios","8":"tag-smtt","9":"tag-transito-2","10":"tag-volta-as-aulas"},"_links":{"self":[{"href":"https:\/\/senoticias.com.br\/se\/wp-json\/wp\/v2\/posts\/126319"}],"collection":[{"href":"https:\/\/senoticias.com.br\/se\/wp-json\/wp\/v2\/posts"}],"about":[{"href":"https:\/\/senoticias.com.br\/se\/wp-json\/wp\/v2\/types\/post"}],"author":[{"embeddable":true,"href":"https:\/\/senoticias.com.br\/se\/wp-json\/wp\/v2\/users\/6552"}],"replies":[{"embeddable":true,"href":"https:\/\/senoticias.com.br\/se\/wp-json\/wp\/v2\/comments?post=126319"}],"version-history":[{"count":0,"href":"https:\/\/senoticias.com.br\/se\/wp-json\/wp\/v2\/posts\/126319\/revisions"}],"wp:attachment":[{"href":"https:\/\/senoticias.com.br\/se\/wp-json\/wp\/v2\/media?parent=126319"}],"wp:term":[{"taxonomy":"category","embeddable":true,"href":"https:\/\/senoticias.com.br\/se\/wp-json\/wp\/v2\/categories?post=126319"},{"taxonomy":"post_tag","embeddable":true,"href":"https:\/\/senoticias.com.br\/se\/wp-json\/wp\/v2\/tags?post=126319"}],"curies":[{"name":"wp","href":"https:\/\/api.w.org\/{rel}","templated":true}]}}