{"id":126305,"date":"2021-01-13T19:45:42","date_gmt":"2021-01-13T22:45:42","guid":{"rendered":"https:\/\/senoticias.com.br\/se\/?p=126305"},"modified":"2021-01-13T19:46:49","modified_gmt":"2021-01-13T22:46:49","slug":"prefeito-de-laranjeiras-discute-pagamento-de-salarios-deixados-pela-gestao-anterior","status":"publish","type":"post","link":"https:\/\/senoticias.com.br\/se\/prefeito-de-laranjeiras-discute-pagamento-de-salarios-deixados-pela-gestao-anterior\/","title":{"rendered":"Prefeito de Laranjeiras discute pagamento de sal\u00e1rios deixados pela gest\u00e3o anterior"},"content":{"rendered":"\n<p>O prefeito de Laranjeiras, Jos\u00e9 de Ara\u00fajo (Juca &#8211; MDB), juntamente com o vice-prefeito, Janio Dias, vereadores e equipe de secret\u00e1rios, reuniu-se na manh\u00e3 desta quarta-feira, 13, com representantes do Sindicato dos Servidores P\u00fablicos Municipais de Laranjeiras (Sintramla) e do Sintese, entidade que representa os profissionais do magist\u00e9rio, e apresentou as propostas para pagamento do sal\u00e1rio do m\u00eas de dezembro\/2020 e 13\u00ba sal\u00e1rio, que foram deixados pelo ex-prefeito Paul\u00e3o da Varzinhas.<\/p>\n\n\n\n<figure class=\"wp-block-image size-large\"><img loading=\"lazy\" decoding=\"async\" width=\"1024\" height=\"768\" src=\"https:\/\/senoticias.com.br\/se\/wp-content\/uploads\/2021\/01\/prefeito-de-Laranjeiras-e-Sintese-SE-Noticias-1024x768.jpg\" alt=\"\" class=\"wp-image-126306\"\/><figcaption><strong>Juca discute pagamento de sal\u00e1rios deixados pela gest\u00e3o anterior<\/strong> &#8211; foto: ascom<br>\u00a0<\/figcaption><\/figure>\n\n\n\n<p>Nesta reuni\u00e3o, o prefeito apresentou aos sindicalistas a real situa\u00e7\u00e3o financeira do munic\u00edpio, com apenas R$ 2 milh\u00f5es em caixa para pagar tr\u00eas folhas (dezembro, 13\u00ba sal\u00e1rio e janeiro), que somadas chegam a R$ 12 milh\u00f5es. Para provar a veracidade dos fatos, a gest\u00e3o municipal disponibilizou aos representantes das classes trabalhadoras, os extratos das contas da Prefeitura. Para honrar o compromisso de pagamento dos servidores, Juca afirmou que ir\u00e1 analisar com o setor jur\u00eddico a possibilidade de contrair um empr\u00e9stimo banc\u00e1rio e quer continuar mantendo o di\u00e1logo e a transpar\u00eancia nas a\u00e7\u00f5es.<\/p>\n\n\n\n<p>\u201cCom os poucos recursos que temos em caixa \u00e9 imposs\u00edvel pagar tr\u00eas folhas com a arrecada\u00e7\u00e3o de apenas um m\u00eas. Por isso, nos comprometemos a analisar a possibilidade de contrair um empr\u00e9stimo e quitar essa d\u00edvida, que foi herdada da gest\u00e3o anterior, que, ali\u00e1s, deu um calote nos trabalhadores de Laranjeiras, tendo em vista que nos meses de novembro e dezembro de 2020, a arrecada\u00e7\u00e3o foi de cerca de R$ 18 milh\u00f5es e, mesmo assim, o ex-prefeito n\u00e3o pagou aos trabalhadores\u201d, disse Juca.<\/p>\n\n\n\n<p>Quanto ao pagamento de servidores, referente ao m\u00eas de janeiro\/2021, o atual gestor declarou que far\u00e1 o mais r\u00e1pido poss\u00edvel e imediatamente ap\u00f3s o desbloqueio das contas por parte do judici\u00e1rio. \u201cN\u00e3o quero atrasar um dia sequer de sal\u00e1rio e encargos no exerc\u00edcio da minha gest\u00e3o. Se o ex-prefeito n\u00e3o honrou com os compromissos dele, eu honrarei, assim como fiz em dezembro de 2016. Quando deixei a prefeitura, tanto os trabalhadores efetivos quanto os comissionados receberam os seus vencimentos. Isso \u00e9 compromisso e valoriza\u00e7\u00e3o.<\/p>\n\n\n\n<p>O atual gestor destacou tamb\u00e9m que o pagamento dos servidores e a manuten\u00e7\u00e3o dos servi\u00e7os essenciais ser\u00e1 prioridade nos pr\u00f3ximos quatro anos. \u201cEstamos organizando o munic\u00edpio e temos que manter os servi\u00e7os de limpeza, comprar medicamentos, as unidades b\u00e1sicas de sa\u00fade funcionando, organizar as escolas para o in\u00edcio do ano letivo, implementar programas sociais e tantas outras a\u00e7\u00f5es. Temos 30 mil habitantes, que est\u00e3o abandonados, pra dar conta e vamos precisar de todos, inclusive dos servidores. Portanto, reafirmo que a receita est\u00e1 escassa e precisamos dar continuidade ao servi\u00e7o p\u00fablico\u201d, ressaltou o prefeito.<\/p>\n\n\n\n<p>Al\u00e9m de apresentar as propostas de pagamento aos servidores, sendo que o m\u00eas de janeiro come\u00e7ar\u00e1 a ser pago essa semana, Juca disse que este momento \u00e9 de soma\u00e7\u00e3o de esfor\u00e7os com as classes trabalhadoras de Laranjeiras. \u201cMe solidarizo com a situa\u00e7\u00e3o dos funcion\u00e1rios e professores e quero somar esfor\u00e7os, para juntos, encontramos a solu\u00e7\u00e3o. A Prefeitura \u00e9 impessoal e a d\u00edvida existe, por\u00e9m se eu priorizar o pagamento das folhas atrasadas, serei responsabilizado pelos \u00f3rg\u00e3os de controle por n\u00e3o honrar os pagamentos da atual gest\u00e3o\u201d, frisou o prefeito Juca.<\/p>\n\n\n\n<p><em>Quer receber as principais not\u00edcias do&nbsp;<strong>SE Not\u00edcias<\/strong>&nbsp;no seu&nbsp;<strong>WhatsApp?<\/strong>&nbsp;<strong><a href=\"https:\/\/api.whatsapp.com\/send?phone=5579991715289\">Clique aqui<\/a><\/strong>.<\/em><\/p>\n\n\n\n<p><strong><em>Acompanhe tamb\u00e9m o SE Not\u00edcias no&nbsp;<a rel=\"noreferrer noopener\" href=\"https:\/\/twitter.com\/Senoticias\" target=\"_blank\">Twitter<\/a>,&nbsp;<a rel=\"noreferrer noopener\" href=\"https:\/\/www.facebook.com\/senoticias1\" target=\"_blank\">Facebook<\/a>&nbsp;e no&nbsp;<a rel=\"noreferrer noopener\" href=\"https:\/\/www.instagram.com\/senoticias\/\" target=\"_blank\">Instagram<\/a><\/em><\/strong><\/p>\n\n\n\n<p>ASCOM PML.<\/p>\n","protected":false},"excerpt":{"rendered":"<p>O prefeito de Laranjeiras, Jos\u00e9 de Ara\u00fajo (Juca &#8211; MDB), juntamente com o vice-prefeito, Janio Dias, vereadores e equipe de secret\u00e1rios, reuniu-se na manh\u00e3 desta quarta-feira, 13, com representantes do Sindicato dos Servidores P\u00fablicos Municipais de Laranjeiras (Sintramla) e do Sintese, entidade que representa os profissionais do magist\u00e9rio, e apresentou as propostas para pagamento do [&hellip;]<\/p>\n","protected":false},"author":6552,"featured_media":126306,"comment_status":"closed","ping_status":"closed","sticky":false,"template":"","format":"standard","meta":{"footnotes":""},"categories":[15,38],"tags":[8480,16171],"class_list":{"0":"post-126305","1":"post","2":"type-post","3":"status-publish","4":"format-standard","5":"has-post-thumbnail","7":"category-destaques","8":"category-municipios","9":"tag-prefeito-de-laranjeiras","10":"tag-prefeito-juca"},"_links":{"self":[{"href":"https:\/\/senoticias.com.br\/se\/wp-json\/wp\/v2\/posts\/126305"}],"collection":[{"href":"https:\/\/senoticias.com.br\/se\/wp-json\/wp\/v2\/posts"}],"about":[{"href":"https:\/\/senoticias.com.br\/se\/wp-json\/wp\/v2\/types\/post"}],"author":[{"embeddable":true,"href":"https:\/\/senoticias.com.br\/se\/wp-json\/wp\/v2\/users\/6552"}],"replies":[{"embeddable":true,"href":"https:\/\/senoticias.com.br\/se\/wp-json\/wp\/v2\/comments?post=126305"}],"version-history":[{"count":0,"href":"https:\/\/senoticias.com.br\/se\/wp-json\/wp\/v2\/posts\/126305\/revisions"}],"wp:featuredmedia":[{"embeddable":true,"href":"https:\/\/senoticias.com.br\/se\/wp-json\/wp\/v2\/media\/126306"}],"wp:attachment":[{"href":"https:\/\/senoticias.com.br\/se\/wp-json\/wp\/v2\/media?parent=126305"}],"wp:term":[{"taxonomy":"category","embeddable":true,"href":"https:\/\/senoticias.com.br\/se\/wp-json\/wp\/v2\/categories?post=126305"},{"taxonomy":"post_tag","embeddable":true,"href":"https:\/\/senoticias.com.br\/se\/wp-json\/wp\/v2\/tags?post=126305"}],"curies":[{"name":"wp","href":"https:\/\/api.w.org\/{rel}","templated":true}]}}