{"id":126258,"date":"2021-01-10T14:30:27","date_gmt":"2021-01-10T17:30:27","guid":{"rendered":"https:\/\/senoticias.com.br\/se\/?p=126258"},"modified":"2021-01-10T14:30:55","modified_gmt":"2021-01-10T17:30:55","slug":"acidente-de-transito-na-avenida-tancredo-neves-termina-com-duas-mortes-neste-domingo","status":"publish","type":"post","link":"https:\/\/senoticias.com.br\/se\/acidente-de-transito-na-avenida-tancredo-neves-termina-com-duas-mortes-neste-domingo\/","title":{"rendered":"Acidente de tr\u00e2nsito na Avenida Tancredo Neves termina com duas mortes neste domingo"},"content":{"rendered":"\n<p><\/p>\n\n\n\n<p>Uma acidente de tr\u00e2nsito envolvendo uma motocicleta e um autom\u00f3vel resultou em duas mortes, por volta das 4h30 deste domingo, 10, na Avenida Tancredo Neves, Bairro Jabotiana, na capital.<\/p>\n\n\n\n<figure class=\"wp-block-image size-large\"><img loading=\"lazy\" decoding=\"async\" width=\"553\" height=\"388\" src=\"https:\/\/senoticias.com.br\/se\/wp-content\/uploads\/2021\/01\/acidente-na-Tancredo-Neves-SE-Noticias.png\" alt=\"\" class=\"wp-image-126259\" srcset=\"https:\/\/senoticias.com.br\/se\/wp-content\/uploads\/2021\/01\/acidente-na-Tancredo-Neves-SE-Noticias.png 553w, https:\/\/senoticias.com.br\/se\/wp-content\/uploads\/2021\/01\/acidente-na-Tancredo-Neves-SE-Noticias-300x210.png 300w\" sizes=\"(max-width: 553px) 100vw, 553px\" \/><figcaption>As duas v\u00edtimas morreram no local do acidente &#8211; foto: CPTRan<\/figcaption><\/figure>\n\n\n\n<p>De acordo com a Companhia de Policiamento de Tr\u00e2nsito (CPTran), duas mulheres, que estavam na motocicleta n\u00e3o resistiram aos ferimentos e morreram no local do acidente. O condutor do ve\u00edculo fugiu sem prestar socorro \u00e0s v\u00edtimas.<\/p>\n\n\n\n<p>Ainda de acordo com a CPTran, o ve\u00edculo envolvido na ocorr\u00eancia foi encontrado no Bairro Jabotiana e levado \u00e0 delegacia, mas o condutor n\u00e3o estava no local.<\/p>\n\n\n\n<p><em>Quer receber as principais not\u00edcias do&nbsp;<strong>SE Not\u00edcias<\/strong>&nbsp;no seu&nbsp;<strong>WhatsApp?<\/strong>&nbsp;<strong><a href=\"https:\/\/api.whatsapp.com\/send?phone=5579991715289\">Clique aqui<\/a><\/strong>.<\/em><\/p>\n\n\n\n<p><strong><em>Acompanhe tamb\u00e9m o SE Not\u00edcias no\u00a0<a rel=\"noreferrer noopener\" href=\"https:\/\/twitter.com\/Senoticias\" target=\"_blank\">Twitter<\/a>,\u00a0<a rel=\"noreferrer noopener\" href=\"https:\/\/www.facebook.com\/senoticias1\" target=\"_blank\">Facebook<\/a>\u00a0e no\u00a0<a rel=\"noreferrer noopener\" href=\"https:\/\/www.instagram.com\/senoticias\/\" target=\"_blank\">Instagram<\/a><\/em><\/strong><\/p>\n\n\n\n<p><em>Mat\u00e9ria do G1 SE <\/em><\/p>\n","protected":false},"excerpt":{"rendered":"<p>Uma acidente de tr\u00e2nsito envolvendo uma motocicleta e um autom\u00f3vel resultou em duas mortes, por volta das 4h30 deste domingo, 10, na Avenida Tancredo Neves, Bairro Jabotiana, na capital. De acordo com a Companhia de Policiamento de Tr\u00e2nsito (CPTran), duas mulheres, que estavam na motocicleta n\u00e3o resistiram aos ferimentos e morreram no local do acidente. [&hellip;]<\/p>\n","protected":false},"author":6552,"featured_media":126259,"comment_status":"closed","ping_status":"closed","sticky":false,"template":"","format":"standard","meta":{"footnotes":""},"categories":[15,7],"tags":[631,16251,4479,11226],"class_list":{"0":"post-126258","1":"post","2":"type-post","3":"status-publish","4":"format-standard","5":"has-post-thumbnail","7":"category-destaques","8":"category-policia","9":"tag-cptran","10":"tag-duas-mortes-na-tancredo-neves","11":"tag-samu","12":"tag-violencia-no-transito"},"_links":{"self":[{"href":"https:\/\/senoticias.com.br\/se\/wp-json\/wp\/v2\/posts\/126258"}],"collection":[{"href":"https:\/\/senoticias.com.br\/se\/wp-json\/wp\/v2\/posts"}],"about":[{"href":"https:\/\/senoticias.com.br\/se\/wp-json\/wp\/v2\/types\/post"}],"author":[{"embeddable":true,"href":"https:\/\/senoticias.com.br\/se\/wp-json\/wp\/v2\/users\/6552"}],"replies":[{"embeddable":true,"href":"https:\/\/senoticias.com.br\/se\/wp-json\/wp\/v2\/comments?post=126258"}],"version-history":[{"count":0,"href":"https:\/\/senoticias.com.br\/se\/wp-json\/wp\/v2\/posts\/126258\/revisions"}],"wp:featuredmedia":[{"embeddable":true,"href":"https:\/\/senoticias.com.br\/se\/wp-json\/wp\/v2\/media\/126259"}],"wp:attachment":[{"href":"https:\/\/senoticias.com.br\/se\/wp-json\/wp\/v2\/media?parent=126258"}],"wp:term":[{"taxonomy":"category","embeddable":true,"href":"https:\/\/senoticias.com.br\/se\/wp-json\/wp\/v2\/categories?post=126258"},{"taxonomy":"post_tag","embeddable":true,"href":"https:\/\/senoticias.com.br\/se\/wp-json\/wp\/v2\/tags?post=126258"}],"curies":[{"name":"wp","href":"https:\/\/api.w.org\/{rel}","templated":true}]}}