{"id":126254,"date":"2021-01-09T13:49:35","date_gmt":"2021-01-09T16:49:35","guid":{"rendered":"https:\/\/senoticias.com.br\/se\/?p=126254"},"modified":"2021-01-09T13:51:58","modified_gmt":"2021-01-09T16:51:58","slug":"policia-apreende-drogas-e-homem-morre-em-confronto-no-bairro-sao-conrado","status":"publish","type":"post","link":"https:\/\/senoticias.com.br\/se\/policia-apreende-drogas-e-homem-morre-em-confronto-no-bairro-sao-conrado\/","title":{"rendered":"Pol\u00edcia apreende drogas e homem morre em confronto no bairro S\u00e3o Conrado"},"content":{"rendered":"\n<p>No final da tarde de sexta-feira, 08, no bairro S\u00e3o Conrado, zona Sul de Aracaju, uma troca de tiros deixou uma pessoa morta. Segundo informa\u00e7\u00f5es apuradas pelo rep\u00f3rter Marcos Couto, a R\u00e1dio Patrulha apreendeu drogas, balan\u00e7a, colete e uma arma. A a\u00e7\u00e3o aconteceu ap\u00f3s den\u00fancias recebidas.<\/p>\n\n\n\n\n\n\n\n<figure class=\"wp-block-image size-large\"><img decoding=\"async\" src=\"https:\/\/senoticias.com.br\/se\/wp-content\/uploads\/2021\/01\/drogas.jpg\" alt=\"\" class=\"wp-image-126255\"\/><figcaption>Na embarca\u00e7\u00e3o, foram encontradas duas armas, balan\u00e7a de precis\u00e3o, colete bal\u00edstico e pacotes com maconha, pesando entre 5kg e 8kg &#8211; foto: PM\/SE<\/figcaption><\/figure>\n\n\n\n<p>De acordo com informa\u00e7\u00f5es do Sargento Almeida, da R\u00e1dio Patrulha, a equipe ficou sabendo de um poss\u00edvel tr\u00e1fico de drogas na regi\u00e3o, que acontecia, inclusive, pela mar\u00e9. Os policiais montaram a estrat\u00e9gia para prender os suspeitos.<\/p>\n\n\n\n<p>&#8220;Montamos a opera\u00e7\u00e3o e avistamos a canoa com aproximadamente quatro suspeitos. Eles retornaram, mas continuamos a seguir. Quando estavam desembarcando em outro porto, nos aproximamos. Nesse momento, eles dispararam contra a equipe e correram em dire\u00e7\u00e3o a uma fazenda. Continuamos a seguir os suspeitos. Foi na fazenda que ele foi alvejado&#8221;, explica o sargento.<\/p>\n\n\n\n<p>Na troca de tiros, um dos suspeitos foi atingido e levado para o Hospital de Urg\u00eancia Governador Jo\u00e3o Alves Filho, mas n\u00e3o resistiu e veio a \u00f3bito na unidade hospitalar. Os outros suspeitos fugiram.<\/p>\n\n\n\n<p>Na ocorr\u00eancia foram apreendidos cinco quilos de subst\u00e2ncia an\u00e1loga \u00e0 maconha, duas armas de fogo, sendo um rev\u00f3lver calibre .38 com 12 muni\u00e7\u00f5es, sendo 4 deflagradas, uma espingarda calibre 12 com duas muni\u00e7\u00f5es, uma capa de colete bal\u00edstico e duas balan\u00e7as digitais.<\/p>\n\n\n\n<p><em>Quer receber as principais not\u00edcias do&nbsp;<strong>SE Not\u00edcias<\/strong>&nbsp;no seu&nbsp;<strong>WhatsApp?<\/strong>&nbsp;<strong><a href=\"https:\/\/api.whatsapp.com\/send?phone=5579991715289\">Clique aqui<\/a><\/strong>.<\/em><\/p>\n\n\n\n<p><strong><em>Acompanhe tamb\u00e9m o SE Not\u00edcias no\u00a0<a rel=\"noreferrer noopener\" href=\"https:\/\/twitter.com\/Senoticias\" target=\"_blank\">Twitter<\/a>,\u00a0<a rel=\"noreferrer noopener\" href=\"https:\/\/www.facebook.com\/senoticias1\" target=\"_blank\">Facebook<\/a>\u00a0e no\u00a0<a rel=\"noreferrer noopener\" href=\"https:\/\/www.instagram.com\/senoticias\/\" target=\"_blank\">Instagram<\/a><\/em><\/strong><\/p>\n\n\n\n<p><em>Com informa\u00e7\u00f5es do G1 SE<\/em><\/p>\n","protected":false},"excerpt":{"rendered":"<p>No final da tarde de sexta-feira, 08, no bairro S\u00e3o Conrado, zona Sul de Aracaju, uma troca de tiros deixou uma pessoa morta. Segundo informa\u00e7\u00f5es apuradas pelo rep\u00f3rter Marcos Couto, a R\u00e1dio Patrulha apreendeu drogas, balan\u00e7a, colete e uma arma. A a\u00e7\u00e3o aconteceu ap\u00f3s den\u00fancias recebidas. De acordo com informa\u00e7\u00f5es do Sargento Almeida, da R\u00e1dio [&hellip;]<\/p>\n","protected":false},"author":6552,"featured_media":126255,"comment_status":"closed","ping_status":"closed","sticky":false,"template":"","format":"standard","meta":{"footnotes":""},"categories":[15,7,1],"tags":[3948,16250,5114,86,11443],"class_list":{"0":"post-126254","1":"post","2":"type-post","3":"status-publish","4":"format-standard","5":"has-post-thumbnail","7":"category-destaques","8":"category-policia","9":"category-sem-categoria","10":"tag-apreensao-de-drogas","11":"tag-bairro-sao-conrado","12":"tag-operacao-policial","13":"tag-policia-militar","14":"tag-suspeito-morre"},"_links":{"self":[{"href":"https:\/\/senoticias.com.br\/se\/wp-json\/wp\/v2\/posts\/126254"}],"collection":[{"href":"https:\/\/senoticias.com.br\/se\/wp-json\/wp\/v2\/posts"}],"about":[{"href":"https:\/\/senoticias.com.br\/se\/wp-json\/wp\/v2\/types\/post"}],"author":[{"embeddable":true,"href":"https:\/\/senoticias.com.br\/se\/wp-json\/wp\/v2\/users\/6552"}],"replies":[{"embeddable":true,"href":"https:\/\/senoticias.com.br\/se\/wp-json\/wp\/v2\/comments?post=126254"}],"version-history":[{"count":0,"href":"https:\/\/senoticias.com.br\/se\/wp-json\/wp\/v2\/posts\/126254\/revisions"}],"wp:featuredmedia":[{"embeddable":true,"href":"https:\/\/senoticias.com.br\/se\/wp-json\/wp\/v2\/media\/126255"}],"wp:attachment":[{"href":"https:\/\/senoticias.com.br\/se\/wp-json\/wp\/v2\/media?parent=126254"}],"wp:term":[{"taxonomy":"category","embeddable":true,"href":"https:\/\/senoticias.com.br\/se\/wp-json\/wp\/v2\/categories?post=126254"},{"taxonomy":"post_tag","embeddable":true,"href":"https:\/\/senoticias.com.br\/se\/wp-json\/wp\/v2\/tags?post=126254"}],"curies":[{"name":"wp","href":"https:\/\/api.w.org\/{rel}","templated":true}]}}