{"id":126187,"date":"2021-01-04T15:17:14","date_gmt":"2021-01-04T18:17:14","guid":{"rendered":"https:\/\/senoticias.com.br\/se\/?p=126187"},"modified":"2021-01-04T15:23:53","modified_gmt":"2021-01-04T18:23:53","slug":"tce-atua-em-municipios-sergipanos-com-problemas-na-transicao-de-prefeitos","status":"publish","type":"post","link":"https:\/\/senoticias.com.br\/se\/tce-atua-em-municipios-sergipanos-com-problemas-na-transicao-de-prefeitos\/","title":{"rendered":"TCE atua em munic\u00edpios sergipanos com problemas na transi\u00e7\u00e3o de prefeitos"},"content":{"rendered":"\n<p>Com a chegada do ano novo e o consequente in\u00edcio das gest\u00f5es nos munic\u00edpios sergipanos, o Tribunal de Contas do Estado (TCE\/SE) segue atento quanto ao cumprimento da Resolu\u00e7\u00e3o n\u00famero 338, que disp\u00f5e sobre as transi\u00e7\u00f5es de governo em Sergipe.<\/p>\n\n\n\n<figure class=\"wp-block-image size-large\"><img loading=\"lazy\" decoding=\"async\" width=\"550\" height=\"366\" src=\"https:\/\/senoticias.com.br\/se\/wp-content\/uploads\/2020\/05\/tce_fotoascom_270420.jpg\" alt=\"\" class=\"wp-image-123255\" srcset=\"https:\/\/senoticias.com.br\/se\/wp-content\/uploads\/2020\/05\/tce_fotoascom_270420.jpg 550w, https:\/\/senoticias.com.br\/se\/wp-content\/uploads\/2020\/05\/tce_fotoascom_270420-300x200.jpg 300w, https:\/\/senoticias.com.br\/se\/wp-content\/uploads\/2020\/05\/tce_fotoascom_270420-90x60.jpg 90w, https:\/\/senoticias.com.br\/se\/wp-content\/uploads\/2020\/05\/tce_fotoascom_270420-180x120.jpg 180w, https:\/\/senoticias.com.br\/se\/wp-content\/uploads\/2020\/05\/tce_fotoascom_270420-95x64.jpg 95w\" sizes=\"(max-width: 550px) 100vw, 550px\" \/><figcaption>A Resolu\u00e7\u00e3o TC n\u00ba 338 vigora desde o \u00faltimo dia 1\u00ba de outubro de 2020  &#8211; foto: Ascom TCE) <\/figcaption><\/figure>\n\n\n\n<p>A norma motivou o \u00f3rg\u00e3o a expedir medida cautelar para que o agora ex-prefeito do munic\u00edpio de Graccho Cardoso, Jos\u00e9 Nic\u00e1rcio Arag\u00e3o, em at\u00e9 48 horas, libere documentos solicitados pela comiss\u00e3o de transi\u00e7\u00e3o composta pelo prefeito eleito, Jos\u00e9 Arak\u00e9m Arag\u00e3o.<\/p>\n\n\n\n<p>De acordo com den\u00fancia protocolada no Tribunal pelo novo gestor, seu antecessor n\u00e3o colaborou com trabalhos de transi\u00e7\u00e3o da gest\u00e3o, o que, segundo an\u00e1lise da Coordenadoria Jur\u00eddica do TCE, &#8220;acarreta no risco de comprometimento \u00e0 continuidade na presta\u00e7\u00e3o dos servi\u00e7os p\u00fablicos&#8221;.<\/p>\n\n\n\n<p>Outro caso tamb\u00e9m em an\u00e1lise no \u00e2mbito do TCE diz respeito ao <strong>munic\u00edpio de Itabi<\/strong>, onde, conforme foi amplamente noticiado, h\u00e1 suspeita de que o ex-prefeito, Manoel Oliveira Silva, teria ateado fogo em documentos da prefeitura do munic\u00edpio.<\/p>\n\n\n\n<p>A partir das informa\u00e7\u00f5es repercutidas pela m\u00eddia local, foi feito relat\u00f3rio t\u00e9cnico acerca da mat\u00e9ria pela Unidade de Informa\u00e7\u00f5es Estrat\u00e9gicas do TCE, encaminhado no domingo, 3, via Diretoria T\u00e9cnica (Ditec), para an\u00e1lise da conselheira Susana Azevedo, que \u00e9 a atual relatora das contas do munic\u00edpio.<\/p>\n\n\n\n<p><strong>Previs\u00e3o legal<\/strong><\/p>\n\n\n\n<p>A Resolu\u00e7\u00e3o TC n\u00ba 338 vigora desde o \u00faltimo dia 1\u00ba de outubro. Ela exige que o prefeito em exerc\u00edcio que estiver em seu \u00faltimo ano de mandato designe servidores incumbidos de repassar informa\u00e7\u00f5es e documentos a uma Comiss\u00e3o de Transi\u00e7\u00e3o, a ser indicada pelo candidato eleito.<\/p>\n\n\n\n<p>Na hip\u00f3tese da falta da apresenta\u00e7\u00e3o dos documentos e informa\u00e7\u00f5es elencadas na Resolu\u00e7\u00e3o ou no caso de constata\u00e7\u00e3o de ind\u00edcios de irregularidades ou desvios de recursos p\u00fablicos, a Comiss\u00e3o de Transi\u00e7\u00e3o deve comunicar ao Tribunal de Contas e ao Minist\u00e9rio P\u00fablico do Estado de Sergipe, para ado\u00e7\u00e3o das provid\u00eancias cab\u00edveis, inclusive quanto \u00e0 responsabiliza\u00e7\u00e3o dos agentes p\u00fablicos.<\/p>\n\n\n\n<p><em>Quer receber as principais not\u00edcias do&nbsp;<strong>SE Not\u00edcias<\/strong>&nbsp;no seu&nbsp;<strong>WhatsApp?<\/strong>&nbsp;<strong><a href=\"https:\/\/api.whatsapp.com\/send?phone=5579991715289\">Clique aqui<\/a><\/strong>.<\/em><\/p>\n\n\n\n<p><strong><em>Acompanhe tamb\u00e9m o SE Not\u00edcias no\u00a0<a rel=\"noreferrer noopener\" href=\"https:\/\/twitter.com\/Senoticias\" target=\"_blank\">Twitter<\/a>,\u00a0<a rel=\"noreferrer noopener\" href=\"https:\/\/www.facebook.com\/senoticias1\" target=\"_blank\">Facebook<\/a>\u00a0e no\u00a0<a rel=\"noreferrer noopener\" href=\"https:\/\/www.instagram.com\/senoticias\/\" target=\"_blank\">Instagram<\/a><\/em><\/strong><\/p>\n\n\n\n<p><em><strong>Por ascom\/TCE<\/strong><\/em><\/p>\n","protected":false},"excerpt":{"rendered":"<p>Com a chegada do ano novo e o consequente in\u00edcio das gest\u00f5es nos munic\u00edpios sergipanos, o Tribunal de Contas do Estado (TCE\/SE) segue atento quanto ao cumprimento da Resolu\u00e7\u00e3o n\u00famero 338, que disp\u00f5e sobre as transi\u00e7\u00f5es de governo em Sergipe. A norma motivou o \u00f3rg\u00e3o a expedir medida cautelar para que o agora ex-prefeito do [&hellip;]<\/p>\n","protected":false},"author":6557,"featured_media":0,"comment_status":"closed","ping_status":"closed","sticky":false,"template":"","format":"standard","meta":{"footnotes":""},"categories":[15,6],"tags":[529,16208,1622,16209,565],"class_list":{"0":"post-126187","1":"post","2":"type-post","3":"status-publish","4":"format-standard","6":"category-destaques","7":"category-politica","8":"tag-tce","9":"tag-tce-atua-em-municipios-sergipanos","10":"tag-transicao","11":"tag-transicao-de-prefeitos","12":"tag-tribunal-de-contas-do-estado"},"_links":{"self":[{"href":"https:\/\/senoticias.com.br\/se\/wp-json\/wp\/v2\/posts\/126187"}],"collection":[{"href":"https:\/\/senoticias.com.br\/se\/wp-json\/wp\/v2\/posts"}],"about":[{"href":"https:\/\/senoticias.com.br\/se\/wp-json\/wp\/v2\/types\/post"}],"author":[{"embeddable":true,"href":"https:\/\/senoticias.com.br\/se\/wp-json\/wp\/v2\/users\/6557"}],"replies":[{"embeddable":true,"href":"https:\/\/senoticias.com.br\/se\/wp-json\/wp\/v2\/comments?post=126187"}],"version-history":[{"count":0,"href":"https:\/\/senoticias.com.br\/se\/wp-json\/wp\/v2\/posts\/126187\/revisions"}],"wp:attachment":[{"href":"https:\/\/senoticias.com.br\/se\/wp-json\/wp\/v2\/media?parent=126187"}],"wp:term":[{"taxonomy":"category","embeddable":true,"href":"https:\/\/senoticias.com.br\/se\/wp-json\/wp\/v2\/categories?post=126187"},{"taxonomy":"post_tag","embeddable":true,"href":"https:\/\/senoticias.com.br\/se\/wp-json\/wp\/v2\/tags?post=126187"}],"curies":[{"name":"wp","href":"https:\/\/api.w.org\/{rel}","templated":true}]}}