{"id":126168,"date":"2021-01-02T11:27:28","date_gmt":"2021-01-02T14:27:28","guid":{"rendered":"https:\/\/senoticias.com.br\/se\/?p=126168"},"modified":"2021-01-02T11:27:39","modified_gmt":"2021-01-02T14:27:39","slug":"vou-defender-os-aracajuanos-e-os-direitos-dos-pacientes-oncologicos-de-sergipe-afirma-sheyla-galba","status":"publish","type":"post","link":"https:\/\/senoticias.com.br\/se\/vou-defender-os-aracajuanos-e-os-direitos-dos-pacientes-oncologicos-de-sergipe-afirma-sheyla-galba\/","title":{"rendered":"\u201cVou defender os aracajuanos e os direitos dos pacientes oncol\u00f3gicos de Sergipe\u201d, afirma Sheyla Galba"},"content":{"rendered":"\n<p>Um dos novos nomes eleitos para o Legislativo Municipal, Sheyla Galba (Cidadania) foi empossada vereadora, na tarde desta sexta-feira, 1\u00b0, em Sess\u00e3o Solene no audit\u00f3rio do Tribunal de Justi\u00e7a de Sergipe &#8211; TJ\/SE. Por conta da pandemia, a solenidade de posse n\u00e3o foi aberta \u00e0 popula\u00e7\u00e3o, que pode acompanhar o evento ao vivo pela TV C\u00e2mara (em canal aberto) e demais canais oficiais da C\u00e2mara Municipal de Aracaju &#8211; CMA.<\/p>\n\n\n\n<figure class=\"wp-block-image size-large\"><img loading=\"lazy\" decoding=\"async\" width=\"1024\" height=\"683\" src=\"https:\/\/senoticias.com.br\/se\/wp-content\/uploads\/2021\/01\/sheyla-senoticias-1024x683.jpg\" alt=\"\" class=\"wp-image-126169\"\/><figcaption>Sheyla Galba (Cidadania) foi empossada vereadora, na tarde desta sexta-feira, 1\u00b0.<\/figcaption><\/figure>\n\n\n\n<p>\u00a0<br>\u00a0<br>&#8220;Agrade\u00e7o a Deus por mais este importante passo em minha vida. A partir de agora estou vereadora por Aracaju e vou trabalhar incansavelmente na defesa dos direitos de todos os cidad\u00e3os aracajuanos. Honrarei a confian\u00e7a depositada em mim&#8221;, afirmou Sheyla.\u00a0<br>\u00a0<br>Al\u00e9m de fazer do mandato um instrumento para fortalecer sua bandeira, Sheyla Galba assegurou que tamb\u00e9m estar\u00e1 focada nos demais problemas que atingem a popula\u00e7\u00e3o.\u00a0&#8220;A luta pelos pacientes oncol\u00f3gicos em Sergipe seguir\u00e1 firme, agora com muito mais for\u00e7a. Seguirei fiscalizando e cobrando um tratamento oncol\u00f3gico digno, inclusive trazendo essa responsabilidade para o Munic\u00edpio de Aracaju. Vamos \u2018arrumar a casa\u2019, cumprindo a miss\u00e3o que Deus nos confiou&#8221;, salientou.\u00a0<br>\u00a0<br>&#8220;Mas, al\u00e9m disso, vou cumprir o papel fiscalizador do Executivo Municipal e estarei atenta tamb\u00e9m \u00e0s demandas que envolvam as demais \u00e1reas, cobrando solu\u00e7\u00f5es efetivas&#8221;, complementou.\u00a0<br>\u00a0<br><strong>Mesa Diretora<\/strong><br>\u00a0<br>Logo depois de empossados, seguindo o que determina o Regimento Interno da C\u00e2mara, os vereadores elegeram a nova Mesa Diretora da CMA para o bi\u00eanio 2021\/2022. A chapa \u00fanica, representada pelos vereadores Nitinho (presidente), Vin\u00edcius Porto (vice-presidente), Fabiano Oliveira (1\u00b0 secret\u00e1rio), Sargento Byron (2\u00b0 secret\u00e1rio) e Joaquim da Janelinha (3\u00b0 secret\u00e1rio), foi eleita com 21 votos, entre eles o de Sheyla Galba.<br>\u00a0<br>&#8220;Eu n\u00e3o gosto de ficar em cima do muro. Todos sabem que \u00e9 a primeira vez que eu estou vereadora, mas eu j\u00e1 acompanho pelas redes sociais e imprensa o trabalho do vereador Nitinho, por isso votei na chapa. \u00c9 um voto de confian\u00e7a que demos a Nitinho e podem ter certeza que vamos cobrar muito um trabalho melhor para que a C\u00e2mara esteja ainda mais forte e atuante na defesa dos interesses dos cidad\u00e3os\u201d, ressaltou Sheyla.\u00a0 \u00a0<\/p>\n\n\n\n<p><em>Quer receber as principais not\u00edcias do&nbsp;<strong>SE Not\u00edcias<\/strong>&nbsp;no seu&nbsp;<strong>WhatsApp?<\/strong>&nbsp;<strong><a href=\"https:\/\/api.whatsapp.com\/send?phone=5579991715289\">Clique aqui<\/a><\/strong>.<\/em><\/p>\n\n\n\n<p><strong><em>Acompanhe tamb\u00e9m o SE Not\u00edcias no&nbsp;<a rel=\"noreferrer noopener\" href=\"https:\/\/twitter.com\/Senoticias\" target=\"_blank\">Twitter<\/a>,&nbsp;<a rel=\"noreferrer noopener\" href=\"https:\/\/www.facebook.com\/senoticias1\" target=\"_blank\">Facebook<\/a>&nbsp;e no&nbsp;<a rel=\"noreferrer noopener\" href=\"https:\/\/www.instagram.com\/senoticias\/\" target=\"_blank\">Instagram<\/a><\/em><\/strong><\/p>\n\n\n\n<p>Da assessoria de imprensa<\/p>\n","protected":false},"excerpt":{"rendered":"<p>Um dos novos nomes eleitos para o Legislativo Municipal, Sheyla Galba (Cidadania) foi empossada vereadora, na tarde desta sexta-feira, 1\u00b0, em Sess\u00e3o Solene no audit\u00f3rio do Tribunal de Justi\u00e7a de Sergipe &#8211; TJ\/SE. Por conta da pandemia, a solenidade de posse n\u00e3o foi aberta \u00e0 popula\u00e7\u00e3o, que pode acompanhar o evento ao vivo pela TV [&hellip;]<\/p>\n","protected":false},"author":6557,"featured_media":0,"comment_status":"closed","ping_status":"closed","sticky":false,"template":"","format":"standard","meta":{"footnotes":""},"categories":[15,6],"tags":[5137,16194,15940],"class_list":{"0":"post-126168","1":"post","2":"type-post","3":"status-publish","4":"format-standard","6":"category-destaques","7":"category-politica","8":"tag-cma","9":"tag-pacientes-oncologicos","10":"tag-sheyla-galba"},"_links":{"self":[{"href":"https:\/\/senoticias.com.br\/se\/wp-json\/wp\/v2\/posts\/126168"}],"collection":[{"href":"https:\/\/senoticias.com.br\/se\/wp-json\/wp\/v2\/posts"}],"about":[{"href":"https:\/\/senoticias.com.br\/se\/wp-json\/wp\/v2\/types\/post"}],"author":[{"embeddable":true,"href":"https:\/\/senoticias.com.br\/se\/wp-json\/wp\/v2\/users\/6557"}],"replies":[{"embeddable":true,"href":"https:\/\/senoticias.com.br\/se\/wp-json\/wp\/v2\/comments?post=126168"}],"version-history":[{"count":0,"href":"https:\/\/senoticias.com.br\/se\/wp-json\/wp\/v2\/posts\/126168\/revisions"}],"wp:attachment":[{"href":"https:\/\/senoticias.com.br\/se\/wp-json\/wp\/v2\/media?parent=126168"}],"wp:term":[{"taxonomy":"category","embeddable":true,"href":"https:\/\/senoticias.com.br\/se\/wp-json\/wp\/v2\/categories?post=126168"},{"taxonomy":"post_tag","embeddable":true,"href":"https:\/\/senoticias.com.br\/se\/wp-json\/wp\/v2\/tags?post=126168"}],"curies":[{"name":"wp","href":"https:\/\/api.w.org\/{rel}","templated":true}]}}