{"id":126139,"date":"2020-12-30T12:39:41","date_gmt":"2020-12-30T15:39:41","guid":{"rendered":"https:\/\/senoticias.com.br\/se\/?p=126139"},"modified":"2020-12-30T12:39:50","modified_gmt":"2020-12-30T15:39:50","slug":"prefeitura-de-aracaju-reforca-orientacao-e-fiscalizacao-durante-festejos-de-final-de-ano","status":"publish","type":"post","link":"https:\/\/senoticias.com.br\/se\/prefeitura-de-aracaju-reforca-orientacao-e-fiscalizacao-durante-festejos-de-final-de-ano\/","title":{"rendered":"Prefeitura de Aracaju refor\u00e7a orienta\u00e7\u00e3o e fiscaliza\u00e7\u00e3o durante festejos de final de ano"},"content":{"rendered":"\n<p>Este ano, a Prefeitura de Aracaju n\u00e3o realizar\u00e1 a tradicional festa de R\u00e9veillon na Orla da Atalaia. A decis\u00e3o, tomada ainda em agosto, segue orienta\u00e7\u00f5es do Minist\u00e9rio da Sa\u00fade (MS) e atende \u00e0 necessidade do momento de continuar evitando aglomera\u00e7\u00f5es, mantendo o distanciamento f\u00edsico e as medidas de higieniza\u00e7\u00e3o.<\/p>\n\n\n\n<figure class=\"wp-block-image size-large\"><img loading=\"lazy\" decoding=\"async\" width=\"1024\" height=\"768\" src=\"https:\/\/senoticias.com.br\/se\/wp-content\/uploads\/2020\/12\/fiscais-senoticias-1024x768.jpg\" alt=\"\" class=\"wp-image-126140\"\/><figcaption>\nPrefeitura atuar\u00e1, por meio da Defesa Civil, no sentido de fazer cumprir todas essas normas &#8211; Foto: Semdec\/AAN\n\n\n<\/figcaption><\/figure>\n\n\n\n<p>Por conta disso, a administra\u00e7\u00e3o municipal atuar\u00e1, por meio da Defesa Civil, no sentido de fazer cumprir todas essas normas. \u201cA Defesa Civil iniciou um trabalho integrado de orienta\u00e7\u00e3o e fiscaliza\u00e7\u00e3o com rela\u00e7\u00e3o \u00e0s regras de biosseguran\u00e7a, de acordo com o \u00faltimo decreto do Poder Executivo Municipal, que determinou o m\u00e1ximo de 150 pessoas em eventos em locais abertos e 100 pessoas em espa\u00e7os fechados\u201d, explica o coordenador da Defesa Civil, major S\u00edlvio Prado.<\/p>\n\n\n\n<p>A capacidade para bares e restaurantes ser\u00e1 de 50%, respeitando o distanciamento social na disposi\u00e7\u00e3o das mesas, que deve ser de dois metros, e a capacidade m\u00e1xima, por mesa, de seis pessoas. \u201cJ\u00e1 em rela\u00e7\u00e3o aos artistas, s\u00f3 ser\u00e3o permitidos dois por evento, utilizando m\u00e1scara durante toda a apresenta\u00e7\u00e3o\u201d, ressalta.<\/p>\n\n\n\n<p>De acordo com ele, haver\u00e1 fiscaliza\u00e7\u00f5es durante todo o dia 31, inclusive no per\u00edodo da noite. \u201cA gente j\u00e1 vem realizando fiscaliza\u00e7\u00f5es preventivas e de orienta\u00e7\u00e3o. No dia 31, iniciaremos pela manh\u00e3 em todos os bares que est\u00e3o anunciando eventos, e na hora da festa tamb\u00e9m iremos fiscalizar, podendo at\u00e9 embargar o evento se ele n\u00e3o atender \u00e0s regras de biosseguran\u00e7a\u201d, alerta.<\/p>\n\n\n\n<p>O principal objetivo, segundo o major, \u00e9 o de evitar aglomera\u00e7\u00f5es e, consequentemente, a propaga\u00e7\u00e3o do novo coronav\u00edrus. \u201cAs fiscaliza\u00e7\u00f5es visam exatamente isso: evitar aglomera\u00e7\u00f5es durante o R\u00e9veillon, para que a gente possa impedir o aumento dos casos\u201d, diz ele. A Prefeitura tamb\u00e9m n\u00e3o far\u00e1 a tradicional queima de fogos, por entender que h\u00e1 uma atra\u00e7\u00e3o de p\u00fablico muito grande para v\u00ea-la.<\/p>\n\n\n\n<p>Tudo isso para que o R\u00e9veillon possa ser celebrado, mas com a responsabilidade e a seguran\u00e7a que o momento imp\u00f5e. \u201c\u00c9 um R\u00e9veillon diferente, no qual a gente n\u00e3o vai poder se abra\u00e7ar, se reunir como a gente costuma fazer. Precisamos fazer cumprir essas regras para que tenhamos um R\u00e9veillon sem propaga\u00e7\u00e3o do v\u00edrus, o que possibilita que evitemos mais mortes\u201d, destaca.<\/p>\n\n\n\n<p>A popula\u00e7\u00e3o pode denunciar casos de descumprimento das normas pelo 190 da Pol\u00edcia Militar, que tem uma capacidade maior de atendimento. As demandas que n\u00e3o puderem ser atendidas poder\u00e3o ser repassadas para a pr\u00f3pria Defesa Civil Municipal.<\/p>\n\n\n\n<p>Eventos na faixa de areia<br>A Empresa Municipal de Servi\u00e7os Urbanos (Emsurb) informa que n\u00e3o est\u00e1 autorizada a libera\u00e7\u00e3o de eventos na faixa de areia da extens\u00e3o litor\u00e2nea da capital, de responsabilidade dos comerciantes instalados na \u00e1rea ou por grupos que re\u00fanam n\u00famero de pessoas que ocasione aglomera\u00e7\u00e3o.<\/p>\n\n\n\n<p>&#8220;Neste sentido, fica proibida tamb\u00e9m a instala\u00e7\u00e3o de tendas e toldos por qualquer cidad\u00e3o e cidad\u00e3 na faixa de areia. No entanto, os acessos \u00e0 praia e \u00e0 orla estar\u00e3o livres, observando que n\u00e3o dever\u00e1 haver grande concentra\u00e7\u00e3o de pessoas em um mesmo local&#8221;, explica o presidente da empresa municipal, Luiz Roberto Dantas.<\/p>\n\n\n\n<p>Mediante a inexist\u00eancia de eventos promovidos ou autorizados pela Prefeitura de Aracaju, para celebrar a passagem de ano, a Emsurb atuar\u00e1 nos espa\u00e7os p\u00fablicos da regi\u00e3o com equipes de fiscaliza\u00e7\u00e3o, seja para evitar aglomera\u00e7\u00f5es ou organizar o com\u00e9rcio ambulante.<\/p>\n\n\n\n<p><strong>Tr\u00e2nsito<\/strong><\/p>\n\n\n\n<p>Mesmo sem festa, a Superintend\u00eancia Municipal de Transportes e Tr\u00e2nsito (SMTT) far\u00e1, no dia 31, o monitoramento do tr\u00e2nsito na regi\u00e3o, a fim de assegurar a mobilidade. O \u00f3rg\u00e3o montou uma opera\u00e7\u00e3o e, caso necess\u00e1rio, ser\u00e3o realizados bloqueios nos tradicionais pontos com maior fluxo de ve\u00edculos, como a avenida Rotary, que d\u00e1 acesso aos Arcos da Orla.<\/p>\n\n\n\n<p>\u201cEstaremos monitorando o fluxo na regi\u00e3o durante a noite do dia 31. O tr\u00e2nsito s\u00f3 ser\u00e1 bloqueado em alguns pontos da Atalaia se houver um aumento significativo na circula\u00e7\u00e3o de ve\u00edculos, j\u00e1 que, normalmente, a praia \u00e9 um dos locais mais procurados pela popula\u00e7\u00e3o na virada do ano. Mas acreditamos que, por conta da pandemia e da n\u00e3o realiza\u00e7\u00e3o de festa na Orla, a movimenta\u00e7\u00e3o n\u00e3o ser\u00e1 grande. Se for, estaremos preparados para garantir a mobilidade\u201d, assegura o superintendente da SMTT, Renato Telles.<\/p>\n\n\n\n<p>Os pontos onde poder\u00e3o haver bloqueios no tr\u00e2nsito, dependendo do fluxo ser\u00e3o: avenida Rotary com rua Niceu Dantas, avenida Santos Dumont (in\u00edcio da Passarela do Caranguejo), retorno pr\u00f3ximo \u00e0 rua Cl\u00f3vis Rollemberg, avenida Santos Dumont (pr\u00f3ximo ao Farol da Coroa do Meio), avenida Rotary (pr\u00f3ximo ao Terminal da Atalaia) e rua Cl\u00f3vis Rollemberg (pr\u00f3ximo \u00e0 rua Niceu Dantas).<\/p>\n\n\n\n<p>Tamb\u00e9m caber\u00e1 \u00e0 SMTT fiscalizar a faixa de areia do litoral aracajuano, que, em virtude do feriado prolongado, dever\u00e1 ter grande movimenta\u00e7\u00e3o. \u201cNa capital, conforme lei municipal 2.024, \u00e9 proibida a circula\u00e7\u00e3o de ve\u00edculos na areia, estaremos fiscalizando tamb\u00e9m este espa\u00e7o no dia 1\u00ba para evitar que ve\u00edculos n\u00e3o-autorizados circulem na areia, oferecendo risco aos banhistas\u201d, destaca Renato.<\/p>\n\n\n\n<p>Assim como os demais \u00f3rg\u00e3os, a Vigil\u00e2ncia Sanit\u00e1ria de Aracaju tamb\u00e9m vai continuar dando continuidade \u00e0s fiscaliza\u00e7\u00f5es de rotina e priorizando as den\u00fancias nesse per\u00edodo. Nas fiscaliza\u00e7\u00f5es rotineiras as equipes observam o cumprimento dos protocolos sanit\u00e1rios, e o estabelecimento que n\u00e3o tiver cumprindo, ser\u00e1 autuado, o que implica multa, apreens\u00e3o de insumos comercializados e at\u00e9 interdi\u00e7\u00e3o. As a\u00e7\u00f5es s\u00e3o realizadas conjuntamente com o Corpo de Bombeiro, a Pol\u00edcia Militar, a Vigil\u00e2ncia Estadual e a Defesa Civil<\/p>\n\n\n\n<p><em>Quer receber as principais not\u00edcias do&nbsp;<strong>SE Not\u00edcias<\/strong>&nbsp;no seu&nbsp;<strong>WhatsApp?<\/strong>&nbsp;<strong><a href=\"https:\/\/api.whatsapp.com\/send?phone=5579991715289\">Clique aqui<\/a><\/strong>.<\/em><\/p>\n\n\n\n<p><strong><em>Acompanhe tamb\u00e9m o SE Not\u00edcias no&nbsp;<a rel=\"noreferrer noopener\" href=\"https:\/\/twitter.com\/Senoticias\" target=\"_blank\">Twitter<\/a>,&nbsp;<a rel=\"noreferrer noopener\" href=\"https:\/\/www.facebook.com\/senoticias1\" target=\"_blank\">Facebook<\/a>&nbsp;e no&nbsp;<a rel=\"noreferrer noopener\" href=\"https:\/\/www.instagram.com\/senoticias\/\" target=\"_blank\">Instagram<\/a><\/em><\/strong><\/p>\n","protected":false},"excerpt":{"rendered":"<p>Este ano, a Prefeitura de Aracaju n\u00e3o realizar\u00e1 a tradicional festa de R\u00e9veillon na Orla da Atalaia. A decis\u00e3o, tomada ainda em agosto, segue orienta\u00e7\u00f5es do Minist\u00e9rio da Sa\u00fade (MS) e atende \u00e0 necessidade do momento de continuar evitando aglomera\u00e7\u00f5es, mantendo o distanciamento f\u00edsico e as medidas de higieniza\u00e7\u00e3o. Por conta disso, a administra\u00e7\u00e3o municipal [&hellip;]<\/p>\n","protected":false},"author":6557,"featured_media":0,"comment_status":"closed","ping_status":"closed","sticky":false,"template":"","format":"standard","meta":{"footnotes":""},"categories":[15,6],"tags":[7622,7805,213],"class_list":{"0":"post-126139","1":"post","2":"type-post","3":"status-publish","4":"format-standard","6":"category-destaques","7":"category-politica","8":"tag-ano-novo","9":"tag-final-de-ano","10":"tag-prefeitura-de-aracaju"},"_links":{"self":[{"href":"https:\/\/senoticias.com.br\/se\/wp-json\/wp\/v2\/posts\/126139"}],"collection":[{"href":"https:\/\/senoticias.com.br\/se\/wp-json\/wp\/v2\/posts"}],"about":[{"href":"https:\/\/senoticias.com.br\/se\/wp-json\/wp\/v2\/types\/post"}],"author":[{"embeddable":true,"href":"https:\/\/senoticias.com.br\/se\/wp-json\/wp\/v2\/users\/6557"}],"replies":[{"embeddable":true,"href":"https:\/\/senoticias.com.br\/se\/wp-json\/wp\/v2\/comments?post=126139"}],"version-history":[{"count":0,"href":"https:\/\/senoticias.com.br\/se\/wp-json\/wp\/v2\/posts\/126139\/revisions"}],"wp:attachment":[{"href":"https:\/\/senoticias.com.br\/se\/wp-json\/wp\/v2\/media?parent=126139"}],"wp:term":[{"taxonomy":"category","embeddable":true,"href":"https:\/\/senoticias.com.br\/se\/wp-json\/wp\/v2\/categories?post=126139"},{"taxonomy":"post_tag","embeddable":true,"href":"https:\/\/senoticias.com.br\/se\/wp-json\/wp\/v2\/tags?post=126139"}],"curies":[{"name":"wp","href":"https:\/\/api.w.org\/{rel}","templated":true}]}}