{"id":126059,"date":"2020-12-22T13:05:08","date_gmt":"2020-12-22T16:05:08","guid":{"rendered":"https:\/\/senoticias.com.br\/se\/?p=126059"},"modified":"2020-12-22T13:05:19","modified_gmt":"2020-12-22T16:05:19","slug":"frota-do-transporte-intermunicipal-ganha-veiculos-extras-para-periodo-natalino","status":"publish","type":"post","link":"https:\/\/senoticias.com.br\/se\/frota-do-transporte-intermunicipal-ganha-veiculos-extras-para-periodo-natalino\/","title":{"rendered":"Frota do transporte intermunicipal ganha ve\u00edculos extras para per\u00edodo natalino"},"content":{"rendered":"\n<p>A Coordenadoria de Transportes da Secretaria de Estado de Desenvolvimento Urbano e Sustentabilidade (Sedurbs) disponibilizar\u00e1, a partir desta quinta-feira (24), a frota reserva dos ve\u00edculos, a fim de assegurar as viagens realizadas pela popula\u00e7\u00e3o sergipana durante o per\u00edodo natalino. A mudan\u00e7a vai at\u00e9 a pr\u00f3xima segunda-feira, 28.<\/p>\n\n\n\n<figure class=\"wp-block-image size-large\"><img loading=\"lazy\" decoding=\"async\" width=\"1024\" height=\"682\" src=\"https:\/\/senoticias.com.br\/se\/wp-content\/uploads\/2020\/12\/rodovia-senoticias-1024x682.jpeg\" alt=\"\" class=\"wp-image-126060\"\/><figcaption>Neste ano, a frota reserva ter\u00e1 dispon\u00edvel 60 ve\u00edculos a mais a partir desta quinta-feira, 24\nFoto: Ascom\/Sedurbs<\/figcaption><\/figure>\n\n\n\n<p>De acordo com a Sedurbs, a iniciativa ocorrer\u00e1 devido \u00e0 intensa demanda de passageiros que se deslocam da capital para o interior sergipano, a fim de rever seus familiares. O diretor de Transporte do Estado (Ditransp), Everton Menezes, explicou como ser\u00e1 o processo de mudan\u00e7a na programa\u00e7\u00e3o. \u201cIremos disponibilizar 60 \u00f4nibus a mais no sistema, para compor a frota reserva no per\u00edodo do Natal, assim a popula\u00e7\u00e3o sergipana, que tem costume de viajar da capital para as cidades do interior, ter\u00e1 maior comodidade e op\u00e7\u00f5es no deslocamento\u201d, explica.<\/p>\n\n\n\n<p>No total, o Governo do Estado tem 620 ve\u00edculos dispon\u00edveis, 320 na capital sergipana atuando no setor de transporte intermunicipal. Ainda haver\u00e1 fiscais de prontid\u00e3o a servi\u00e7o da popula\u00e7\u00e3o nos principais terminais do estado durante o per\u00edodo, bem como duas viaturas que estar\u00e3o de plant\u00e3o para seguran\u00e7a de todos nas rodovias. Neste ano, as cidades de Est\u00e2ncia, Propri\u00e1, Lagarto, Nossa Senhora da Gl\u00f3ria e Itabaiana prometem ser as mais procuradas.<\/p>\n\n\n\n<p>Pandemia<\/p>\n\n\n\n<p>De acordo com decreto estadual, em todos os locais de uso coletivo, comum ou especial, p\u00fablico e privado, a exemplo da circula\u00e7\u00e3o em meios de transportes, \u00e9 obrigat\u00f3rio o uso de m\u00e1scaras de prote\u00e7\u00e3o, descart\u00e1veis, caseiras ou reutiliz\u00e1veis. A medida sanit\u00e1ria visa conter a Covid-19.<\/p>\n\n\n\n<p>Pensando em atitudes que preservem a vida e promo\u00e7\u00e3o da sa\u00fade p\u00fablica sergipana, a Sedurbs informa, ainda, que as empresas de \u00f4nibus dever\u00e3o disponibilizar \u00e1lcool em gel na entrada dos ve\u00edculos, cobrar dos passageiros o uso das m\u00e1scaras e propagar que os equipamentos de prote\u00e7\u00e3o individual s\u00e3o obrigat\u00f3rios para passageiros, motoristas e cobradores. As empresas dever\u00e3o, tamb\u00e9m, proibir o acesso ao ve\u00edculo do indiv\u00edduo que estiver sem a m\u00e1scara.<\/p>\n\n\n\n<p><em>Quer receber as principais not\u00edcias do&nbsp;<strong>SE Not\u00edcias<\/strong>&nbsp;no seu&nbsp;<strong>WhatsApp?<\/strong>&nbsp;<strong><a href=\"https:\/\/api.whatsapp.com\/send?phone=5579991715289\">Clique aqui<\/a><\/strong>.<\/em><\/p>\n\n\n\n<p><strong><em>Acompanhe tamb\u00e9m o SE Not\u00edcias no&nbsp;<a rel=\"noreferrer noopener\" href=\"https:\/\/twitter.com\/Senoticias\" target=\"_blank\">Twitter<\/a>,&nbsp;<a rel=\"noreferrer noopener\" href=\"https:\/\/www.facebook.com\/senoticias1\" target=\"_blank\">Facebook<\/a>&nbsp;e no&nbsp;<a rel=\"noreferrer noopener\" href=\"https:\/\/www.instagram.com\/senoticias\/\" target=\"_blank\">Instagram<\/a><\/em><\/strong><\/p>\n\n\n\n<p>Mat\u00e9ria extra\u00edda do site do Governo de Sergipe<\/p>\n","protected":false},"excerpt":{"rendered":"<p>A Coordenadoria de Transportes da Secretaria de Estado de Desenvolvimento Urbano e Sustentabilidade (Sedurbs) disponibilizar\u00e1, a partir desta quinta-feira (24), a frota reserva dos ve\u00edculos, a fim de assegurar as viagens realizadas pela popula\u00e7\u00e3o sergipana durante o per\u00edodo natalino. A mudan\u00e7a vai at\u00e9 a pr\u00f3xima segunda-feira, 28. De acordo com a Sedurbs, a iniciativa ocorrer\u00e1 [&hellip;]<\/p>\n","protected":false},"author":6557,"featured_media":0,"comment_status":"closed","ping_status":"closed","sticky":false,"template":"","format":"standard","meta":{"footnotes":""},"categories":[15,38],"tags":[6956,16054,3737],"class_list":{"0":"post-126059","1":"post","2":"type-post","3":"status-publish","4":"format-standard","6":"category-destaques","7":"category-municipios","8":"tag-natal","9":"tag-sedurbs-2","10":"tag-transporte-intermunicipal"},"_links":{"self":[{"href":"https:\/\/senoticias.com.br\/se\/wp-json\/wp\/v2\/posts\/126059"}],"collection":[{"href":"https:\/\/senoticias.com.br\/se\/wp-json\/wp\/v2\/posts"}],"about":[{"href":"https:\/\/senoticias.com.br\/se\/wp-json\/wp\/v2\/types\/post"}],"author":[{"embeddable":true,"href":"https:\/\/senoticias.com.br\/se\/wp-json\/wp\/v2\/users\/6557"}],"replies":[{"embeddable":true,"href":"https:\/\/senoticias.com.br\/se\/wp-json\/wp\/v2\/comments?post=126059"}],"version-history":[{"count":0,"href":"https:\/\/senoticias.com.br\/se\/wp-json\/wp\/v2\/posts\/126059\/revisions"}],"wp:attachment":[{"href":"https:\/\/senoticias.com.br\/se\/wp-json\/wp\/v2\/media?parent=126059"}],"wp:term":[{"taxonomy":"category","embeddable":true,"href":"https:\/\/senoticias.com.br\/se\/wp-json\/wp\/v2\/categories?post=126059"},{"taxonomy":"post_tag","embeddable":true,"href":"https:\/\/senoticias.com.br\/se\/wp-json\/wp\/v2\/tags?post=126059"}],"curies":[{"name":"wp","href":"https:\/\/api.w.org\/{rel}","templated":true}]}}