{"id":126046,"date":"2020-12-21T16:11:46","date_gmt":"2020-12-21T19:11:46","guid":{"rendered":"https:\/\/senoticias.com.br\/se\/?p=126046"},"modified":"2020-12-21T16:15:27","modified_gmt":"2020-12-21T19:15:27","slug":"policia-civil-prende-suspeitos-de-latrocinio-no-bairro-industrial","status":"publish","type":"post","link":"https:\/\/senoticias.com.br\/se\/policia-civil-prende-suspeitos-de-latrocinio-no-bairro-industrial\/","title":{"rendered":"Pol\u00edcia Civil prende suspeitos de latroc\u00ednio no bairro Industrial"},"content":{"rendered":"\n<p>Policiais civis do Departamento de Crimes Contra o Patrim\u00f4nio (Depatri), com o apoio da Superintend\u00eancia da Pol\u00edcia Civil (Supci) e da Divis\u00e3o de Intelig\u00eancia (Dipol), prenderam dois suspeitos do latroc\u00ednio de Gabriel de Jesus Santos, 25 anos. O crime foi praticado no dia 8 de novembro deste ano. As pris\u00f5es ocorreram na quinta-feira, 17.<br>&nbsp;<\/p>\n\n\n\n<figure class=\"wp-block-image size-large\"><img decoding=\"async\" src=\"https:\/\/senoticias.com.br\/se\/wp-content\/uploads\/2020\/12\/industrial_capa.jpg\" alt=\"\" class=\"wp-image-126047\"\/><figcaption>Na a\u00e7\u00e3o policial, foram apreendidos dinheiro, rel\u00f3gios e outros produtos -Foto: SSP\/SE<\/figcaption><\/figure>\n\n\n\n<p>De acordo com a delegada Juliana Alcoforado, o crime foi praticado sob a ponte do bairro Industrial, na capital. Gabriel tentava ajudar um conhecido, que foi assaltado, a recuperar seus pertences, quando os autores dispararam contra ele. Os suspeitos, de 29 e de 32 anos, s\u00e3o ex-presidi\u00e1rios e ainda encontravam-se em regime aberto pela pr\u00e1tica de roubos.<br>&nbsp;<\/p>\n\n\n\n<p>\u201cO jovem estava bebendo com amigos, quando um conhecido foi assaltado e pediu ajuda. Ele era acostumado a ajudar as pessoas, pegou sua motocicleta e, junto \u00e0 v\u00edtima, foi atr\u00e1s dos assaltantes. L\u00e1, tentou barganhar para que os assaltantes devolvessem o produto do roubo. Eles dispararam contra Gabriel, que faleceu\u201d, complementou.<br>&nbsp;<\/p>\n\n\n\n<p>As investiga\u00e7\u00f5es foram iniciadas logo ap\u00f3s a a\u00e7\u00e3o criminosa e os autores do crime foram identificados pela Pol\u00edcia Civil. \u201cPassamos a apurar o fato e chegamos \u00e0 autoria delitiva. Apreendemos na resid\u00eancia de um deles a quantia de cerca de R$ 12 mil, al\u00e9m de rel\u00f3gios e outros produtos, bem como encontramos as roupas utilizadas no dia do crime\u201d, citou.<br>&nbsp;<\/p>\n\n\n\n<p>Juliana Alcoforado destacou ainda que os suspeitos do crime foram reconhecidos atrav\u00e9s das imagens obtidas a partir de c\u00e2meras de seguran\u00e7a. \u201cAs testemunhas j\u00e1 identificaram os suspeitos e as imagens n\u00e3o deixam d\u00favidas sobre a autoria delitiva. Foi latroc\u00ednio a partir do momento em que foi um crime praticado para garantir o proveito criminoso do roubo que tinha sido praticado anteriormente\u201d, reiterou.<br>\u00a0<\/p>\n\n\n\n<p>Eles foram localizados e presos na manh\u00e3 da \u00faltima quinta-feira, 17, e j\u00e1 encontram-se \u00e0 disposi\u00e7\u00e3o da Justi\u00e7a. A Pol\u00edcia Civil ressalta que informa\u00e7\u00f5es e den\u00fancias sobre a\u00e7\u00f5es criminosas e suspeitos de crimes podem ser repassadas atrav\u00e9s do Disque-Den\u00fancia, no telefone 181. O sigilo \u00e9 garantido.<\/p>\n\n\n\n<p><em>Quer receber as principais not\u00edcias do&nbsp;<strong>SE Not\u00edcias<\/strong>&nbsp;no seu&nbsp;<strong>WhatsApp?<\/strong>&nbsp;<strong><a href=\"https:\/\/api.whatsapp.com\/send?phone=5579991715289\">Clique aqui<\/a><\/strong>.<\/em><\/p>\n\n\n\n<p><strong><em>Acompanhe tamb\u00e9m o SE Not\u00edcias no\u00a0<a rel=\"noreferrer noopener\" href=\"https:\/\/twitter.com\/Senoticias\" target=\"_blank\">Twitter<\/a>,\u00a0<a rel=\"noreferrer noopener\" href=\"https:\/\/www.facebook.com\/senoticias1\" target=\"_blank\">Facebook<\/a>\u00a0e no\u00a0<a rel=\"noreferrer noopener\" href=\"https:\/\/www.instagram.com\/senoticias\/\" target=\"_blank\">Instagram<\/a><\/em><\/strong><\/p>\n\n\n\n<p><em>Mat\u00e9ria extra\u00edda do site da SSP\/SE<\/em><\/p>\n","protected":false},"excerpt":{"rendered":"<p>Policiais civis do Departamento de Crimes Contra o Patrim\u00f4nio (Depatri), com o apoio da Superintend\u00eancia da Pol\u00edcia Civil (Supci) e da Divis\u00e3o de Intelig\u00eancia (Dipol), prenderam dois suspeitos do latroc\u00ednio de Gabriel de Jesus Santos, 25 anos. O crime foi praticado no dia 8 de novembro deste ano. As pris\u00f5es ocorreram na quinta-feira, 17.&nbsp; De [&hellip;]<\/p>\n","protected":false},"author":6557,"featured_media":126047,"comment_status":"closed","ping_status":"closed","sticky":false,"template":"","format":"standard","meta":{"footnotes":""},"categories":[15,7],"tags":[9494,16111,78],"class_list":{"0":"post-126046","1":"post","2":"type-post","3":"status-publish","4":"format-standard","5":"has-post-thumbnail","7":"category-destaques","8":"category-policia","9":"tag-delegada-juliana-alcoforado","10":"tag-latrocinio-no-bairro-industrial","11":"tag-policia-civil"},"_links":{"self":[{"href":"https:\/\/senoticias.com.br\/se\/wp-json\/wp\/v2\/posts\/126046"}],"collection":[{"href":"https:\/\/senoticias.com.br\/se\/wp-json\/wp\/v2\/posts"}],"about":[{"href":"https:\/\/senoticias.com.br\/se\/wp-json\/wp\/v2\/types\/post"}],"author":[{"embeddable":true,"href":"https:\/\/senoticias.com.br\/se\/wp-json\/wp\/v2\/users\/6557"}],"replies":[{"embeddable":true,"href":"https:\/\/senoticias.com.br\/se\/wp-json\/wp\/v2\/comments?post=126046"}],"version-history":[{"count":0,"href":"https:\/\/senoticias.com.br\/se\/wp-json\/wp\/v2\/posts\/126046\/revisions"}],"wp:featuredmedia":[{"embeddable":true,"href":"https:\/\/senoticias.com.br\/se\/wp-json\/wp\/v2\/media\/126047"}],"wp:attachment":[{"href":"https:\/\/senoticias.com.br\/se\/wp-json\/wp\/v2\/media?parent=126046"}],"wp:term":[{"taxonomy":"category","embeddable":true,"href":"https:\/\/senoticias.com.br\/se\/wp-json\/wp\/v2\/categories?post=126046"},{"taxonomy":"post_tag","embeddable":true,"href":"https:\/\/senoticias.com.br\/se\/wp-json\/wp\/v2\/tags?post=126046"}],"curies":[{"name":"wp","href":"https:\/\/api.w.org\/{rel}","templated":true}]}}