{"id":126039,"date":"2020-12-21T12:37:46","date_gmt":"2020-12-21T15:37:46","guid":{"rendered":"https:\/\/senoticias.com.br\/se\/?p=126039"},"modified":"2020-12-21T15:49:03","modified_gmt":"2020-12-21T18:49:03","slug":"mpse-ajuiza-acao-para-que-estado-nao-autorize-eventos-ate-apresentar-relatorio-tecnico-cientifico-sobre-projecoes-da-pandemia","status":"publish","type":"post","link":"https:\/\/senoticias.com.br\/se\/mpse-ajuiza-acao-para-que-estado-nao-autorize-eventos-ate-apresentar-relatorio-tecnico-cientifico-sobre-projecoes-da-pandemia\/","title":{"rendered":"MPSE aju\u00edza A\u00e7\u00e3o para que Estado n\u00e3o autorize eventos at\u00e9 apresentar relat\u00f3rio t\u00e9cnico-cient\u00edfico sobre proje\u00e7\u00f5es da pandemia"},"content":{"rendered":"\n<p>O Minist\u00e9rio P\u00fablico de Sergipe, por interm\u00e9dio da Promotoria Plantonista e do Gabinete de Monitoramento da Sa\u00fade, ajuizou A\u00e7\u00e3o Civil P\u00fablica para que o Estado de Sergipe se abstenha de autorizar quaisquer eventos, shows e similares, sem a devida an\u00e1lise t\u00e9cnico-cient\u00edfica sobre as proje\u00e7\u00f5es da pandemia.<\/p>\n\n\n\n<figure class=\"wp-block-image size-large\"><img loading=\"lazy\" decoding=\"async\" width=\"550\" height=\"365\" src=\"https:\/\/senoticias.com.br\/se\/wp-content\/uploads\/2020\/04\/foto-mpe-e1585855899305.jpg\" alt=\"\" class=\"wp-image-122735\"\/><figcaption> MPSE aju\u00edza A\u00e7\u00e3o para que Estado n\u00e3o autorize eventos at\u00e9 apresentar relat\u00f3rio t\u00e9cnico-cient\u00edfico &#8211; Foto: Se Not\u00edcias)<\/figcaption><\/figure>\n\n\n\n<p>O Estado dever\u00e1 apresentar, at\u00e9 esta segunda-feira, 21, relat\u00f3rio t\u00e9cnico-cient\u00edfico sobre essas proje\u00e7\u00f5es que ofereceram fuste ao disposto no art. da Resolu\u00e7\u00e3o n\u00ba 07\/20 \u2013 Comit\u00ea T\u00e9cnico-Cient\u00edfico e de Atividades Especiais (Ctcae). Al\u00e9m disso, dever\u00e1 suspender quaisquer autoriza\u00e7\u00f5es eventualmente j\u00e1 concedidas.<\/p>\n\n\n\n<p>O MP, por interm\u00e9dio da Promotoria de Justi\u00e7a dos Direitos \u00e0 Sa\u00fade, diante do recebimento de reclama\u00e7\u00e3o sobre a previs\u00e3o de diversas festas e&nbsp;<em>shows<\/em>&nbsp;de&nbsp;<em>R\u00e9<\/em><em>veillon<\/em>&nbsp;mesmo diante do contexto de aumento de casos de Covid-19 em Sergipe, instaurou Inqu\u00e9rito Civil n\u00ba 54.20.01.0408 com o prop\u00f3sito de averiguar as autoriza\u00e7\u00f5es eventualmente concedidas pela Secretaria de Estado da Sa\u00fade para realiza\u00e7\u00e3o desses eventos.<\/p>\n\n\n\n<p>\u201cO momento \u00e9 de instabilidade e imprevisibilidade sanit\u00e1ria por causa do aumento significativo dos casos de Covid-19 no Estado de Sergipe, o qual encontra-se nos \u00faltimos dias com a maior taxa de cont\u00e1gio do pa\u00eds, estimada em 1,87, ou seja, cada 100 pessoas infectadas, contamina 187. Nesse sentido, devem ser coibidas a\u00e7\u00f5es realizadas pelo poder p\u00fablico estadual que possibilitem a pr\u00e1tica de atividades n\u00e3o essenciais, a exemplo de eventos festivos,\u00a0<em>shows<\/em>\u00a0e similares, inclusive destinados \u00e0 celebra\u00e7\u00e3o de Natal e\u00a0<em>R\u00e9veillon<\/em>, com ou sem comercializa\u00e7\u00e3o de ingressos, em ambientes p\u00fablicos ou privados de uso comum, a exemplo de praias, pra\u00e7as, parques, clubes sociais, bares, restaurantes e similares, ainda que limitada a capacidade de 100 (cem) pessoas em ambientes fechados, e 150 (cento e cinquenta) em ambientes abertos, as quais promovem a aglomera\u00e7\u00e3o de pessoas, constituindo potencial foco de dissemina\u00e7\u00e3o da Covid-19\u201d, frisaram os Promotores de Justi\u00e7a na ACP.<\/p>\n\n\n\n<p><em>Quer receber as principais not\u00edcias do&nbsp;<strong>SE Not\u00edcias<\/strong>&nbsp;no seu&nbsp;<strong>WhatsApp?<\/strong>&nbsp;<strong><a href=\"https:\/\/api.whatsapp.com\/send?phone=5579991715289\">Clique aqui<\/a><\/strong>.<\/em><\/p>\n\n\n\n<p><strong><em>Acompanhe tamb\u00e9m o SE Not\u00edcias no&nbsp;<a rel=\"noreferrer noopener\" href=\"https:\/\/twitter.com\/Senoticias\" target=\"_blank\">Twitter<\/a>,&nbsp;<a rel=\"noreferrer noopener\" href=\"https:\/\/www.facebook.com\/senoticias1\" target=\"_blank\">Facebook<\/a>&nbsp;e no&nbsp;<a rel=\"noreferrer noopener\" href=\"https:\/\/www.instagram.com\/senoticias\/\" target=\"_blank\">Instagram<\/a><\/em><\/strong><\/p>\n\n\n\n<p><strong>Clique abaixo e confira na \u00edntegra<\/strong><\/p>\n\n\n\n<p><strong><a href=\"https:\/\/www.mpse.mp.br\/wp-content\/uploads\/2020\/12\/ACP-Eventos.pdf\">ACP Eventos<\/a><\/strong><\/p>\n\n\n\n<p><strong>N\u00facleo de Comunica\u00e7\u00e3o<\/strong><br><strong>Minist\u00e9rio P\u00fablico de Sergipe<\/strong><\/p>\n","protected":false},"excerpt":{"rendered":"<p>O Minist\u00e9rio P\u00fablico de Sergipe, por interm\u00e9dio da Promotoria Plantonista e do Gabinete de Monitoramento da Sa\u00fade, ajuizou A\u00e7\u00e3o Civil P\u00fablica para que o Estado de Sergipe se abstenha de autorizar quaisquer eventos, shows e similares, sem a devida an\u00e1lise t\u00e9cnico-cient\u00edfica sobre as proje\u00e7\u00f5es da pandemia. O Estado dever\u00e1 apresentar, at\u00e9 esta segunda-feira, 21, relat\u00f3rio [&hellip;]<\/p>\n","protected":false},"author":6552,"featured_media":0,"comment_status":"closed","ping_status":"closed","sticky":false,"template":"","format":"standard","meta":{"footnotes":""},"categories":[15,6,1],"tags":[14279,2911,2910,14369],"class_list":{"0":"post-126039","1":"post","2":"type-post","3":"status-publish","4":"format-standard","6":"category-destaques","7":"category-politica","8":"category-sem-categoria","9":"tag-covid19","10":"tag-ministerio-publico-de-sergipe","11":"tag-mpe","12":"tag-pandemia"},"_links":{"self":[{"href":"https:\/\/senoticias.com.br\/se\/wp-json\/wp\/v2\/posts\/126039"}],"collection":[{"href":"https:\/\/senoticias.com.br\/se\/wp-json\/wp\/v2\/posts"}],"about":[{"href":"https:\/\/senoticias.com.br\/se\/wp-json\/wp\/v2\/types\/post"}],"author":[{"embeddable":true,"href":"https:\/\/senoticias.com.br\/se\/wp-json\/wp\/v2\/users\/6552"}],"replies":[{"embeddable":true,"href":"https:\/\/senoticias.com.br\/se\/wp-json\/wp\/v2\/comments?post=126039"}],"version-history":[{"count":0,"href":"https:\/\/senoticias.com.br\/se\/wp-json\/wp\/v2\/posts\/126039\/revisions"}],"wp:attachment":[{"href":"https:\/\/senoticias.com.br\/se\/wp-json\/wp\/v2\/media?parent=126039"}],"wp:term":[{"taxonomy":"category","embeddable":true,"href":"https:\/\/senoticias.com.br\/se\/wp-json\/wp\/v2\/categories?post=126039"},{"taxonomy":"post_tag","embeddable":true,"href":"https:\/\/senoticias.com.br\/se\/wp-json\/wp\/v2\/tags?post=126039"}],"curies":[{"name":"wp","href":"https:\/\/api.w.org\/{rel}","templated":true}]}}