{"id":125981,"date":"2020-12-16T15:01:53","date_gmt":"2020-12-16T18:01:53","guid":{"rendered":"https:\/\/senoticias.com.br\/se\/?p=125981"},"modified":"2020-12-16T15:02:04","modified_gmt":"2020-12-16T18:02:04","slug":"ambev-deve-investir-r-90-milhoes-no-estado-de-sergipe","status":"publish","type":"post","link":"https:\/\/senoticias.com.br\/se\/ambev-deve-investir-r-90-milhoes-no-estado-de-sergipe\/","title":{"rendered":"Ambev deve investir R$ 90 milh\u00f5es no Estado de Sergipe"},"content":{"rendered":"\n<p>O governador Belivaldo Chagas e o vice-presidente de Rela\u00e7\u00f5es Corporativas e Compliance da Ambev, Ricardo Gon\u00e7alves Melo, nesta quarta-feira (16), anunciaram que a cervejaria dever\u00e1 investir R$ 90 milh\u00f5es em uma nova linha de produ\u00e7\u00e3o da f\u00e1brica localizada no munic\u00edpio de Est\u00e2ncia, em Sergipe. Em audi\u00eancia no Pal\u00e1cio-Museu Ol\u00edmpio Campos (Pmoc), o governador e representantes da empresa assinaram o Protocolo de Inten\u00e7\u00f5es de Investimentos para o projeto. O secret\u00e1rio de Estado da Fazenda, Marco Ant\u00f4nio Queiroz, o secret\u00e1rio do Desenvolvimento Econ\u00f4mico, da Ci\u00eancia e Tecnologia, Jos\u00e9 Augusto Carvalho, e o secret\u00e1rio de Estado da Agricultura, Andr\u00e9 Bomfim, tamb\u00e9m, participaram da reuni\u00e3o, assim como o diretor de Rela\u00e7\u00f5es Corporativas da Ambev, Tiago Pereira, o diretor Comercial Ab\u00edlio J\u00fanior, o diretor de Rela\u00e7\u00f5es Institucionais, Rodrigo Moccia, a gerente Fabril Carla Lessa e o diretor Industrial do Nordeste, Fabiani Oliveira.<\/p>\n\n\n\n<figure class=\"wp-block-image size-large\"><img loading=\"lazy\" decoding=\"async\" width=\"1024\" height=\"682\" src=\"https:\/\/senoticias.com.br\/se\/wp-content\/uploads\/2020\/12\/269aa2a66bf5bacb93339d872c740f97-1024x682.jpeg\" alt=\"\" class=\"wp-image-125982\"\/><figcaption>Governador e representantes da empresa assinaram o Protocolo de Inten\u00e7\u00f5es de Investimentos para implanta\u00e7\u00e3o de nova linha de envase de latas de cerveja na f\u00e1brica de Est\u00e2ncia (foto: M\u00e1rio Sousa\/SE)<\/figcaption><\/figure>\n\n\n\n<p>&#8220;\u00c9 como se fosse uma nova f\u00e1brica e esse investimento chega em boa hora. Procuramos mostrar \u00e0 sociedade como, na pr\u00e1tica, a lei de incentivo fiscal retorna em benef\u00edcios para o governo e popula\u00e7\u00e3o, por isso esse investimento \u00e9 t\u00e3o importante, porque representa gera\u00e7\u00e3o de empregos e aquecimento para economia. \u00c9 mais uma a\u00e7\u00e3o que vai fazer Sergipe avan\u00e7ar!&#8221;, declarou Belivaldo Chagas.<\/p>\n\n\n\n<p>O investimento acordado ser\u00e1 concentrado na implanta\u00e7\u00e3o de nova e moderna linha de envase de latas de cerveja na filial de Sergipe da f\u00e1brica da Ambev. O aporte deve acontecer ainda no primeiro trimestre de 2021, gerando uma capacidade adicional da ordem de 1 milh\u00e3o de hectolitros de cerveja.<\/p>\n\n\n\n<p>De acordo com o vice-presidente Ricardo Gon\u00e7alves Melo, o incentivo do Governo, por meio do Programa Sergipano de Desenvolvimento Industrial (PSDI), foi fundamental para decis\u00e3o do grupo de investir no projeto que dever\u00e1 gerar cerca de 9 mil empregos diretos e indiretos em Sergipe. \u201cO fomento e de atra\u00e7\u00e3o de investimentos do Estado \u00e9 importante e determinante na decis\u00e3o que se faz de investimento em Sergipe. E ele retorna de v\u00e1rias formas, tanto na gera\u00e7\u00e3o de emprego durante a implanta\u00e7\u00e3o da constru\u00e7\u00e3o da nova linha, como tamb\u00e9m, na opera\u00e7\u00e3o dessa nova linha. E gera empregos, tamb\u00e9m, quando aumenta a capacidade produtiva em armazenagem e outras atividades na f\u00e1brica e no transporte\u201d, explicou.<\/p>\n\n\n\n<p>Ainda segundo o vice-presidente, a nova linha de produ\u00e7\u00e3o ter\u00e1 capacidade de produzir 90 mil latas por hora. \u201cCom esse investimento, vamos aumentar em mais de 50% a capacidade produtiva de l\u00edquidos de cervejas da f\u00e1brica de Est\u00e2ncia. Aqui, em Sergipe, produzimos uma boa parte das nossas cervejas puro malte, que atende todo Norte-Nordeste, como a Brahma Duplo Malte, a Skol Puro Malte e a Bohemia. \u00c9 um investimento que a gente est\u00e1 muito orgulhoso em anunciar e que nos deixa muitos esperan\u00e7osos com o futuro da nossa atua\u00e7\u00e3o em Sergipe\u201d, explanou.<\/p>\n\n\n\n<p><strong>Protocolo<\/strong><\/p>\n\n\n\n<p>Por meio do Protocolo de Inten\u00e7\u00f5es, a Ambev compromete-se a apresentar \u00e0 Secretaria de Estado do Desenvolvimento Econ\u00f4mico e da Ci\u00eancia e Tecnologia (Sedetec) um projeto t\u00e9cnico-econ\u00f4mico-financeiro da implanta\u00e7\u00e3o da nova linha de produ\u00e7\u00e3o, bem como toda a documenta\u00e7\u00e3o necess\u00e1ria. O Governo de Sergipe, por sua vez, compromete-se a envidar esfor\u00e7os para que a Ambev continue gozando dos benef\u00edcios fiscais do Programa Sergipano de Desenvolvimento Industrial (PSDI), com extens\u00e3o de prazo.<\/p>\n\n\n\n<p>A articula\u00e7\u00e3o e o incentivo \u00e0s atividades industriais fazem parte do conjunto de iniciativas contidas no Programa de Recupera\u00e7\u00e3o Econ\u00f4mica \u2013 Avan\u00e7a Sergipe, como forma de est\u00edmulo \u00e0 economia. Com o Programa, o Governo do Estado vem investindo um montante superior a R$ 1 bilh\u00e3o para acelerar a recupera\u00e7\u00e3o da economia sergipana.<br>Para o secret\u00e1rio do Desenvolvimento Econ\u00f4mico, da Ci\u00eancia e Tecnologia, Jos\u00e9 Augusto Carvalho, o aumento em mais de 50 % da capacidade produtiva da f\u00e1brica de Est\u00e2ncia representa um crescimento exponencial para a economia local, j\u00e1 que o n\u00edvel de atividade das f\u00e1bricas proporciona, ainda, gera\u00e7\u00e3o de novas atividades no seu entorno. \u201cS\u00e3o investimentos significativos para o estado, s\u00e3o novos equipamentos que chegam, gera\u00e7\u00e3o de novos empregos e representa, tamb\u00e9m, aumento na arrecada\u00e7\u00e3o do Estado, por conta do aumento da produ\u00e7\u00e3o\u201d.<\/p>\n\n\n\n<p><strong>PSDI<\/strong><\/p>\n\n\n\n<p>O compromisso do Governo de Sergipe inclui a san\u00e7\u00e3o de proposta de altera\u00e7\u00e3o da Lei Estadual n\u00ba 3.140 de 23 de dezembro de 1991, com o prop\u00f3sito de estender o prazo de frui\u00e7\u00e3o dos benef\u00edcios do PSDI. Por esse dispositivo, que j\u00e1 foi aprovado na Assembleia Legislativa de Sergipe (Alese), retira-se o limite atualmente existente de 25 anos, adequando a concess\u00e3o aos prazos estabelecidos pela Lei Complementar n\u00ba 160\/2017 e Conv\u00eanio n\u00ba 190\/2017. Caso a altera\u00e7\u00e3o conte com a anu\u00eancia do Conselho de Desenvolvimento Industrial (CDI), a Ambev poder\u00e1 gozar dos benef\u00edcios do PSDI at\u00e9 31 de dezembro de 2032, sob as mesmas condi\u00e7\u00f5es atualmente em vigor.<\/p>\n\n\n\n<p><em>Quer receber as principais not\u00edcias do&nbsp;<strong>SE Not\u00edcias<\/strong>&nbsp;no seu&nbsp;<strong>WhatsApp?<\/strong>&nbsp;<strong><a href=\"https:\/\/api.whatsapp.com\/send?phone=5579991715289\">Clique aqui<\/a><\/strong>.<\/em><\/p>\n\n\n\n<p><strong><em>Acompanhe tamb\u00e9m o SE Not\u00edcias no\u00a0<a rel=\"noreferrer noopener\" href=\"https:\/\/twitter.com\/Senoticias\" target=\"_blank\">Twitter<\/a>,\u00a0<a rel=\"noreferrer noopener\" href=\"https:\/\/www.facebook.com\/senoticias1\" target=\"_blank\">Facebook<\/a>\u00a0e no\u00a0<a rel=\"noreferrer noopener\" href=\"https:\/\/www.instagram.com\/senoticias\/\" target=\"_blank\">Instagram<\/a><\/em><\/strong><\/p>\n\n\n\n<p><em>Mat\u00e9ria da Ag\u00eancia Sergipe de Not\u00edcias<\/em><\/p>\n","protected":false},"excerpt":{"rendered":"<p>O governador Belivaldo Chagas e o vice-presidente de Rela\u00e7\u00f5es Corporativas e Compliance da Ambev, Ricardo Gon\u00e7alves Melo, nesta quarta-feira (16), anunciaram que a cervejaria dever\u00e1 investir R$ 90 milh\u00f5es em uma nova linha de produ\u00e7\u00e3o da f\u00e1brica localizada no munic\u00edpio de Est\u00e2ncia, em Sergipe. Em audi\u00eancia no Pal\u00e1cio-Museu Ol\u00edmpio Campos (Pmoc), o governador e representantes [&hellip;]<\/p>\n","protected":false},"author":6552,"featured_media":125982,"comment_status":"closed","ping_status":"closed","sticky":false,"template":"","format":"standard","meta":{"footnotes":""},"categories":[15,6],"tags":[16045,2806,16046,16044],"class_list":{"0":"post-125981","1":"post","2":"type-post","3":"status-publish","4":"format-standard","5":"has-post-thumbnail","7":"category-destaques","8":"category-politica","9":"tag-ambev","10":"tag-belivaldo-chagas","11":"tag-governo-de-de-sergipe","12":"tag-protocolo-de-intencoes"},"_links":{"self":[{"href":"https:\/\/senoticias.com.br\/se\/wp-json\/wp\/v2\/posts\/125981"}],"collection":[{"href":"https:\/\/senoticias.com.br\/se\/wp-json\/wp\/v2\/posts"}],"about":[{"href":"https:\/\/senoticias.com.br\/se\/wp-json\/wp\/v2\/types\/post"}],"author":[{"embeddable":true,"href":"https:\/\/senoticias.com.br\/se\/wp-json\/wp\/v2\/users\/6552"}],"replies":[{"embeddable":true,"href":"https:\/\/senoticias.com.br\/se\/wp-json\/wp\/v2\/comments?post=125981"}],"version-history":[{"count":0,"href":"https:\/\/senoticias.com.br\/se\/wp-json\/wp\/v2\/posts\/125981\/revisions"}],"wp:featuredmedia":[{"embeddable":true,"href":"https:\/\/senoticias.com.br\/se\/wp-json\/wp\/v2\/media\/125982"}],"wp:attachment":[{"href":"https:\/\/senoticias.com.br\/se\/wp-json\/wp\/v2\/media?parent=125981"}],"wp:term":[{"taxonomy":"category","embeddable":true,"href":"https:\/\/senoticias.com.br\/se\/wp-json\/wp\/v2\/categories?post=125981"},{"taxonomy":"post_tag","embeddable":true,"href":"https:\/\/senoticias.com.br\/se\/wp-json\/wp\/v2\/tags?post=125981"}],"curies":[{"name":"wp","href":"https:\/\/api.w.org\/{rel}","templated":true}]}}