{"id":125979,"date":"2020-12-16T13:22:09","date_gmt":"2020-12-16T16:22:09","guid":{"rendered":"https:\/\/senoticias.com.br\/se\/?p=125979"},"modified":"2020-12-16T13:29:38","modified_gmt":"2020-12-16T16:29:38","slug":"procuradores-da-republica-no-distrito-federal-pernambuco-rio-de-janeiro-sao-paulo-e-sergipe-questionam-ministerio-da-saude-sobre-kit-covid","status":"publish","type":"post","link":"https:\/\/senoticias.com.br\/se\/procuradores-da-republica-no-distrito-federal-pernambuco-rio-de-janeiro-sao-paulo-e-sergipe-questionam-ministerio-da-saude-sobre-kit-covid\/","title":{"rendered":"Procuradores da Rep\u00fablica no Distrito Federal, Pernambuco, Rio de Janeiro, S\u00e3o Paulo e Sergipe questionam Minist\u00e9rio da Sa\u00fade sobre \u201ckit covid\u201d"},"content":{"rendered":"\n<p>Procuradores da Rep\u00fablica no Distrito Federal, Pernambuco, Rio de Janeiro, S\u00e3o Paulo e Sergipe enviaram of\u00edcio \u00e0 Secretaria Executiva do Minist\u00e9rio da Sa\u00fade questionando a distribui\u00e7\u00e3o do \u201ckit covid\u201d, ao custo de R$ 250 milh\u00f5es. A informa\u00e7\u00e3o, divulgada na imprensa ao longo desta semana, d\u00e1 conta de que, com este valor, seria poss\u00edvel adquirir 13,18 milh\u00f5es de doses da vacina contra a covid-19, suficientes para imunizar quase 7 milh\u00f5es de brasileiros. No documento foi recebido nesta segunda-feira (14\/12) pela secretaria e estabelecido prazo de cinco dias para resposta.<\/p>\n\n\n\n<p>O of\u00edcio traz questionamentos sobre quais medicamentos comp\u00f5em o &#8220;kit covid&#8221; e se foi atestada sua efic\u00e1cia. Em caso positivo, foi requerido que sejam fornecidas c\u00f3pias dos estudos realizados mencionando as evid\u00eancias cient\u00edficas sobre a efic\u00e1cia, a acur\u00e1cia, a efetividade e a seguran\u00e7a dos medicamentos, produtos ou procedimentos oferecidos.<\/p>\n\n\n\n<p>Os membros do Minist\u00e9rio P\u00fablico Federal (MPF) tamb\u00e9m pedem informa\u00e7\u00f5es sobre a distribui\u00e7\u00e3o do &#8220;kit covid&#8221; e quais as diretrizes para essa log\u00edstica. Al\u00e9m disso, foi questionado se o &#8220;kit&#8221; \u00e9 destinado a todos os pacientes diagnosticados com a doen\u00e7a ou se h\u00e1 crit\u00e9rios para a distribui\u00e7\u00e3o, a depender da gravidade dos sintomas.<\/p>\n\n\n\n<figure class=\"wp-block-image size-large\"><img loading=\"lazy\" decoding=\"async\" width=\"599\" height=\"358\" src=\"https:\/\/senoticias.com.br\/se\/wp-content\/uploads\/2020\/09\/covid-se-noticias-e1600175056907.jpg\" alt=\"\" class=\"wp-image-125033\"\/><figcaption>\n\nProcuradores de SE questionam Minist\u00e9rio da Sa\u00fade sobre \u201ckit covid\u201d Foto: Ac\u00e1cio Pinheiro\/Ag\u00eancia Bras\u00edlia<\/figcaption><\/figure>\n\n\n\n<p><strong>Testes<\/strong>&nbsp;&#8211; O of\u00edcio faz refer\u00eancia ainda \u00e0 exig\u00eancia, ou n\u00e3o, de realiza\u00e7\u00e3o de testes para detec\u00e7\u00e3o da covid-19 para fornecimento do \u201ckit\u201d e pede informa\u00e7\u00f5es sobre a obrigatoriedade de prescri\u00e7\u00e3o m\u00e9dica para uso dos medicamentos.<\/p>\n\n\n\n<p>Os procuradores perguntam tamb\u00e9m quais as medidas tomadas pelo Minist\u00e9rio da Sa\u00fade para garantir o acesso ao exame laboratorial ou teste para confirma\u00e7\u00e3o de covid-19, que permita o tratamento precoce dos pacientes, \u201cante o not\u00f3rio d\u00e9ficit de exames para diagn\u00f3stico da popula\u00e7\u00e3o\u201d.<\/p>\n\n\n\n<p>Como o processo de aprova\u00e7\u00e3o de imunizantes est\u00e1 em andamento em v\u00e1rios pa\u00edses, o of\u00edcio questiona ainda se foi realizada avalia\u00e7\u00e3o econ\u00f4mica dos custos para aquisi\u00e7\u00e3o do \u201ckit\u201d em compara\u00e7\u00e3o com a aquisi\u00e7\u00e3o de vacinas. O documento foi encaminhado ao secret\u00e1rio-executivo do Minist\u00e9rio da Sa\u00fade, \u00c9lcio Franco, e recebido nesta segunda, 14\/12.<\/p>\n\n\n\n<p><strong>Recomenda\u00e7\u00e3o<\/strong> \u2013 Em maio, procuradores de Pernambuco, Rio de Janeiro, S\u00e3o Paulo e Sergipe recomendaram a suspens\u00e3o da nota com orienta\u00e7\u00f5es sobre o manuseio medicamentoso para tratamento precoce de pacientes com covid-19. A recomenda\u00e7\u00e3o foi enviada para a 1\u00aa C\u00e2mara de Revis\u00e3o e <strong>Coordena\u00e7\u00e3o<\/strong> \u2013 Direitos Sociais e Fiscaliza\u00e7\u00e3o de Atos Administrativos (1CCR) para ser encaminhada para o Minist\u00e9rio da Sa\u00fade. Al\u00e9m da recomenda\u00e7\u00e3o, foi encaminhada representa\u00e7\u00e3o ao Tribunal de Contas da Uni\u00e3o (TCU) para suspens\u00e3o da mesma nota.<\/p>\n\n\n\n<p>Tanto a recomenda\u00e7\u00e3o, como a representa\u00e7\u00e3o e o o of\u00edcio emitido agora baseiam-se no cumprimento da legisla\u00e7\u00e3o do Sistema \u00danico de Sa\u00fade (SUS), que exige que os medicamentos distribu\u00eddos \u00e0 popula\u00e7\u00e3o tenham efic\u00e1cia comprovada, em especial em pacientes com sintomas leves de covid-19.<\/p>\n\n\n\n<p>Confira a\u00a0<strong><a href=\"http:\/\/www.mpf.mp.br\/sp\/sala-de-imprensa\/docs\/oficio-kit-covid\">\u00edntegra do of\u00edcio<\/a><\/strong>.<\/p>\n\n\n\n<p><em>Quer receber as principais not\u00edcias do&nbsp;<strong>SE Not\u00edcias<\/strong>&nbsp;no seu&nbsp;<strong>WhatsApp?<\/strong>&nbsp;<strong><a href=\"https:\/\/api.whatsapp.com\/send?phone=5579991715289\">Clique aqui<\/a><\/strong>.<\/em><\/p>\n\n\n\n<p><strong><em>Acompanhe tamb\u00e9m o SE Not\u00edcias no\u00a0<a rel=\"noreferrer noopener\" href=\"https:\/\/twitter.com\/Senoticias\" target=\"_blank\">Twitter<\/a>,\u00a0<a rel=\"noreferrer noopener\" href=\"https:\/\/www.facebook.com\/senoticias1\" target=\"_blank\">Facebook<\/a>\u00a0e no\u00a0<a rel=\"noreferrer noopener\" href=\"https:\/\/www.instagram.com\/senoticias\/\" target=\"_blank\">Instagram<\/a><\/em><\/strong><\/p>\n\n\n\n<p><em>Da Assessoria de Comunica\u00e7\u00e3o Social\/MPF<\/em><\/p>\n","protected":false},"excerpt":{"rendered":"<p>Procuradores da Rep\u00fablica no Distrito Federal, Pernambuco, Rio de Janeiro, S\u00e3o Paulo e Sergipe enviaram of\u00edcio \u00e0 Secretaria Executiva do Minist\u00e9rio da Sa\u00fade questionando a distribui\u00e7\u00e3o do \u201ckit covid\u201d, ao custo de R$ 250 milh\u00f5es. A informa\u00e7\u00e3o, divulgada na imprensa ao longo desta semana, d\u00e1 conta de que, com este valor, seria poss\u00edvel adquirir 13,18 [&hellip;]<\/p>\n","protected":false},"author":6552,"featured_media":0,"comment_status":"closed","ping_status":"closed","sticky":false,"template":"","format":"standard","meta":{"footnotes":""},"categories":[15,6],"tags":[16042,544,4608,16043],"class_list":{"0":"post-125979","1":"post","2":"type-post","3":"status-publish","4":"format-standard","6":"category-destaques","7":"category-politica","8":"tag-kit-covid","9":"tag-ministerio-da-saude","10":"tag-ministerio-publico-federal","11":"tag-procuradores-da-republica"},"_links":{"self":[{"href":"https:\/\/senoticias.com.br\/se\/wp-json\/wp\/v2\/posts\/125979"}],"collection":[{"href":"https:\/\/senoticias.com.br\/se\/wp-json\/wp\/v2\/posts"}],"about":[{"href":"https:\/\/senoticias.com.br\/se\/wp-json\/wp\/v2\/types\/post"}],"author":[{"embeddable":true,"href":"https:\/\/senoticias.com.br\/se\/wp-json\/wp\/v2\/users\/6552"}],"replies":[{"embeddable":true,"href":"https:\/\/senoticias.com.br\/se\/wp-json\/wp\/v2\/comments?post=125979"}],"version-history":[{"count":0,"href":"https:\/\/senoticias.com.br\/se\/wp-json\/wp\/v2\/posts\/125979\/revisions"}],"wp:attachment":[{"href":"https:\/\/senoticias.com.br\/se\/wp-json\/wp\/v2\/media?parent=125979"}],"wp:term":[{"taxonomy":"category","embeddable":true,"href":"https:\/\/senoticias.com.br\/se\/wp-json\/wp\/v2\/categories?post=125979"},{"taxonomy":"post_tag","embeddable":true,"href":"https:\/\/senoticias.com.br\/se\/wp-json\/wp\/v2\/tags?post=125979"}],"curies":[{"name":"wp","href":"https:\/\/api.w.org\/{rel}","templated":true}]}}