{"id":125969,"date":"2020-12-16T09:19:12","date_gmt":"2020-12-16T12:19:12","guid":{"rendered":"https:\/\/senoticias.com.br\/se\/?p=125969"},"modified":"2020-12-16T10:24:35","modified_gmt":"2020-12-16T13:24:35","slug":"juca-janio-e-vereadores-sao-diplomados-em-laranjeiras","status":"publish","type":"post","link":"https:\/\/senoticias.com.br\/se\/juca-janio-e-vereadores-sao-diplomados-em-laranjeiras\/","title":{"rendered":"Juca, Janio e vereadores s\u00e3o diplomados em Laranjeiras"},"content":{"rendered":"\n<p>Em solenidade presidida pelo juiz Fernando Dantas, da 13\u00aa zona eleitoral e restrita por conta da pandemia da COVID-19, o prefeito eleito de Laranjeiras, Jos\u00e9 de Ara\u00fajo Leite Neto (Juca), o vice-prefeito eleito Janio Dias, os vereadores eleitos e suplentes foram diplomados na tarde de ontem, 15. O ato aconteceu no Clube Recreativo Ant\u00f4nio Carlos Franco, na cidade hist\u00f3rica.<\/p>\n\n\n\n<p>Para este segundo mandato, Juca assume o compromisso de reconstruir Laranjeiras, sem esquecer dos investimentos em sa\u00fade, educa\u00e7\u00e3o, gera\u00e7\u00e3o de emprego, assist\u00eancia social, mas ciente que ter\u00e1 grandes desafios nos pr\u00f3ximos quatro anos.<\/p>\n\n\n\n<figure class=\"wp-block-image size-large\"><img loading=\"lazy\" decoding=\"async\" width=\"682\" height=\"1024\" src=\"https:\/\/senoticias.com.br\/se\/wp-content\/uploads\/2020\/12\/Juca-de-Bala-SE-Noticias-682x1024.jpeg\" alt=\"\" class=\"wp-image-125970\" srcset=\"https:\/\/senoticias.com.br\/se\/wp-content\/uploads\/2020\/12\/Juca-de-Bala-SE-Noticias-682x1024.jpeg 682w, https:\/\/senoticias.com.br\/se\/wp-content\/uploads\/2020\/12\/Juca-de-Bala-SE-Noticias-200x300.jpeg 200w, https:\/\/senoticias.com.br\/se\/wp-content\/uploads\/2020\/12\/Juca-de-Bala-SE-Noticias-768x1152.jpeg 768w, https:\/\/senoticias.com.br\/se\/wp-content\/uploads\/2020\/12\/Juca-de-Bala-SE-Noticias.jpeg 853w\" sizes=\"(max-width: 682px) 100vw, 682px\" \/><figcaption>Prefeito eleito, Jos\u00e9 de Ara\u00fajo Leite Neto (Juca), o vice-prefeito eleito Janio Dias (foto: divulga\u00e7\u00e3o)<\/figcaption><\/figure>\n\n\n\n<p>\u201cQuero realizar grandes investimentos no munic\u00edpio e atender \u00e0s expectativas do povo. Fazer de Laranjeiras uma cidade melhor para se viver. Mas sei que terei grandes desafios, j\u00e1 que a arrecada\u00e7\u00e3o vem caindo de forma significativa e estamos herdando um d\u00edvida de cerca de R$ 30 milh\u00f5es. Nesta gest\u00e3o, a prioridade ser\u00e1 investir no povo, com pol\u00edticas p\u00fablicas voltadas, principalmente, para os que mais necessitam das a\u00e7\u00f5es da Prefeitura\u201d, disse Juca.<\/p>\n\n\n\n<p>Juca foi prefeito de Laranjeiras, de 2013 a 2016, antes disso, vereador por um mandato e logo em seguida assumiu o cargo de vice-prefeito. Al\u00e9m de Juca, tamb\u00e9m foram diplomados os vereadores eleitos e seus suplentes, e o vice-prefeito, Janio Dias, que tamb\u00e9m \u00e9 um experiente pol\u00edtico no munic\u00edpio, assumindo a fun\u00e7\u00e3o de vereador por tr\u00eas mandatos e durante dez anos assumiu a vice-presid\u00eancia da C\u00e2mara. &#8220;A pretens\u00e3o \u00e9 gerir Laranjeiras a &#8216;quatro m\u00e3os&#8217;, como foi colocado em campanha&#8221;, disse Janio Dias.<\/p>\n\n\n\n<p><em>Quer receber as principais not\u00edcias do&nbsp;<strong>SE Not\u00edcias<\/strong>&nbsp;no seu&nbsp;<strong>WhatsApp?<\/strong>&nbsp;<strong><a href=\"https:\/\/api.whatsapp.com\/send?phone=5579991715289\">Clique aqui<\/a><\/strong>.<\/em><\/p>\n\n\n\n<p><strong><em>Acompanhe tamb\u00e9m o SE Not\u00edcias no&nbsp;<a rel=\"noreferrer noopener\" href=\"https:\/\/twitter.com\/Senoticias\" target=\"_blank\">Twitter<\/a>,&nbsp;<a rel=\"noreferrer noopener\" href=\"https:\/\/www.facebook.com\/senoticias1\" target=\"_blank\">Facebook<\/a>&nbsp;e no&nbsp;<a rel=\"noreferrer noopener\" href=\"https:\/\/www.instagram.com\/senoticias\/\" target=\"_blank\">Instagram<\/a><\/em><\/strong><\/p>\n\n\n\n<p><em>ASCOM JUCA<\/em><\/p>\n","protected":false},"excerpt":{"rendered":"<p>Em solenidade presidida pelo juiz Fernando Dantas, da 13\u00aa zona eleitoral e restrita por conta da pandemia da COVID-19, o prefeito eleito de Laranjeiras, Jos\u00e9 de Ara\u00fajo Leite Neto (Juca), o vice-prefeito eleito Janio Dias, os vereadores eleitos e suplentes foram diplomados na tarde de ontem, 15. O ato aconteceu no Clube Recreativo Ant\u00f4nio Carlos [&hellip;]<\/p>\n","protected":false},"author":6552,"featured_media":0,"comment_status":"closed","ping_status":"closed","sticky":false,"template":"","format":"standard","meta":{"footnotes":""},"categories":[15,38,1],"tags":[8507,16035,16036,1036,8480],"class_list":{"0":"post-125969","1":"post","2":"type-post","3":"status-publish","4":"format-standard","6":"category-destaques","7":"category-municipios","8":"category-sem-categoria","9":"tag-eleicoes-2020","10":"tag-juca-de-bala","11":"tag-juca-diplomado","12":"tag-laranjeiras","13":"tag-prefeito-de-laranjeiras"},"_links":{"self":[{"href":"https:\/\/senoticias.com.br\/se\/wp-json\/wp\/v2\/posts\/125969"}],"collection":[{"href":"https:\/\/senoticias.com.br\/se\/wp-json\/wp\/v2\/posts"}],"about":[{"href":"https:\/\/senoticias.com.br\/se\/wp-json\/wp\/v2\/types\/post"}],"author":[{"embeddable":true,"href":"https:\/\/senoticias.com.br\/se\/wp-json\/wp\/v2\/users\/6552"}],"replies":[{"embeddable":true,"href":"https:\/\/senoticias.com.br\/se\/wp-json\/wp\/v2\/comments?post=125969"}],"version-history":[{"count":0,"href":"https:\/\/senoticias.com.br\/se\/wp-json\/wp\/v2\/posts\/125969\/revisions"}],"wp:attachment":[{"href":"https:\/\/senoticias.com.br\/se\/wp-json\/wp\/v2\/media?parent=125969"}],"wp:term":[{"taxonomy":"category","embeddable":true,"href":"https:\/\/senoticias.com.br\/se\/wp-json\/wp\/v2\/categories?post=125969"},{"taxonomy":"post_tag","embeddable":true,"href":"https:\/\/senoticias.com.br\/se\/wp-json\/wp\/v2\/tags?post=125969"}],"curies":[{"name":"wp","href":"https:\/\/api.w.org\/{rel}","templated":true}]}}