{"id":125960,"date":"2020-12-15T14:16:01","date_gmt":"2020-12-15T17:16:01","guid":{"rendered":"https:\/\/senoticias.com.br\/se\/?p=125960"},"modified":"2020-12-15T14:23:50","modified_gmt":"2020-12-15T17:23:50","slug":"pm-da-bahia-e-preso-em-sergipe-suspeito-de-integrar-grupo-investigado-por-extorsao","status":"publish","type":"post","link":"https:\/\/senoticias.com.br\/se\/pm-da-bahia-e-preso-em-sergipe-suspeito-de-integrar-grupo-investigado-por-extorsao\/","title":{"rendered":"PM da Bahia \u00e9 preso em Sergipe suspeito de integrar grupo investigado por extors\u00e3o"},"content":{"rendered":"\n<p>Um policial militar que atua na cidade do Conde, no Litoral Norte da Bahia, foi preso em Aracaju, onde mora, na manh\u00e3 desta ter\u00e7a-feira (15), suspeito de fazer parte de um grupo que praticava o crime de extors\u00e3o.<\/p>\n\n\n\n<figure class=\"wp-block-image size-large\"><img decoding=\"async\" src=\"https:\/\/senoticias.com.br\/se\/wp-content\/uploads\/2020\/12\/PM-Bahia-SE-Nooticias.jpeg\" alt=\"\" class=\"wp-image-125961\"\/><figcaption>Opera\u00e7\u00e3o Condado foi realizada pela pol\u00edcia da Bahia, com apoio da Pol\u00edcia Civil de Sergipe. (Foto: Pol\u00edcia Civil\/Divulga\u00e7\u00e3o)<\/figcaption><\/figure>\n\n\n\n<p>Al\u00e9m dele, um policial civil suspeito de integrar grupo de exterm\u00ednio foi alvo de um mandado de busca e apreens\u00e3o, mas n\u00e3o foi encontrado. Ele \u00e9 lotado na delegacia territorial da mesma cidade baiana, mas est\u00e1 afastado por licen\u00e7a m\u00e9dica, e agora \u00e9 considerado foragido da Justi\u00e7a.<\/p>\n\n\n\n<p>De acordo com a Secretaria de seguran\u00e7a P\u00fablica (SSP-BA), a dupla era investigada desde 2018. O PM preso foi ouvido, passou por exames m\u00e9dicos e foi encaminhado para o Batalh\u00e3o de Choque. Na a\u00e7\u00e3o, foram apreendidas duas armas e diversas placas de ve\u00edculos.<\/p>\n\n\n\n<p>Denominada de Opera\u00e7\u00e3o Condado, a a\u00e7\u00e3o foi realizada pela pol\u00edcia baiana, com o aux\u00edlio da Pol\u00edcia Civil de Sergipe, onde os acusados residem.<\/p>\n\n\n\n<p><em>Quer receber as principais not\u00edcias do&nbsp;<strong>SE Not\u00edcias<\/strong>&nbsp;no seu&nbsp;<strong>WhatsApp?<\/strong>&nbsp;<strong><a href=\"https:\/\/api.whatsapp.com\/send?phone=5579991715289\">Clique aqui<\/a><\/strong>.<\/em><\/p>\n\n\n\n<p><strong><em>Acompanhe tamb\u00e9m o SE Not\u00edcias no\u00a0<a rel=\"noreferrer noopener\" href=\"https:\/\/twitter.com\/Senoticias\" target=\"_blank\">Twitter<\/a>,\u00a0<a rel=\"noreferrer noopener\" href=\"https:\/\/www.facebook.com\/senoticias1\" target=\"_blank\">Facebook<\/a>\u00a0e no\u00a0<a rel=\"noreferrer noopener\" href=\"https:\/\/www.instagram.com\/senoticias\/\" target=\"_blank\">Instagram<\/a><\/em><\/strong><\/p>\n\n\n\n<p><em>Informa\u00e7\u00f5es do <strong><a href=\"https:\/\/g1.globo.com\/ba\/bahia\/noticia\/2020\/12\/15\/pm-da-bahia-e-preso-em-se-suspeito-de-integrar-grupo-investigado-por-extorsao.ghtml\">G1<\/a><\/strong> Bahia<\/em><\/p>\n","protected":false},"excerpt":{"rendered":"<p>Um policial militar que atua na cidade do Conde, no Litoral Norte da Bahia, foi preso em Aracaju, onde mora, na manh\u00e3 desta ter\u00e7a-feira (15), suspeito de fazer parte de um grupo que praticava o crime de extors\u00e3o. Al\u00e9m dele, um policial civil suspeito de integrar grupo de exterm\u00ednio foi alvo de um mandado de [&hellip;]<\/p>\n","protected":false},"author":6552,"featured_media":125961,"comment_status":"closed","ping_status":"closed","sticky":false,"template":"","format":"standard","meta":{"footnotes":""},"categories":[15,7],"tags":[16029,16031,3290,16030],"class_list":{"0":"post-125960","1":"post","2":"type-post","3":"status-publish","4":"format-standard","5":"has-post-thumbnail","7":"category-destaques","8":"category-policia","9":"tag-operacao-condado","10":"tag-pm-da-bahia","11":"tag-policial-militar","12":"tag-policial-militar-da-bahia-preso-em-aracaju"},"_links":{"self":[{"href":"https:\/\/senoticias.com.br\/se\/wp-json\/wp\/v2\/posts\/125960"}],"collection":[{"href":"https:\/\/senoticias.com.br\/se\/wp-json\/wp\/v2\/posts"}],"about":[{"href":"https:\/\/senoticias.com.br\/se\/wp-json\/wp\/v2\/types\/post"}],"author":[{"embeddable":true,"href":"https:\/\/senoticias.com.br\/se\/wp-json\/wp\/v2\/users\/6552"}],"replies":[{"embeddable":true,"href":"https:\/\/senoticias.com.br\/se\/wp-json\/wp\/v2\/comments?post=125960"}],"version-history":[{"count":0,"href":"https:\/\/senoticias.com.br\/se\/wp-json\/wp\/v2\/posts\/125960\/revisions"}],"wp:featuredmedia":[{"embeddable":true,"href":"https:\/\/senoticias.com.br\/se\/wp-json\/wp\/v2\/media\/125961"}],"wp:attachment":[{"href":"https:\/\/senoticias.com.br\/se\/wp-json\/wp\/v2\/media?parent=125960"}],"wp:term":[{"taxonomy":"category","embeddable":true,"href":"https:\/\/senoticias.com.br\/se\/wp-json\/wp\/v2\/categories?post=125960"},{"taxonomy":"post_tag","embeddable":true,"href":"https:\/\/senoticias.com.br\/se\/wp-json\/wp\/v2\/tags?post=125960"}],"curies":[{"name":"wp","href":"https:\/\/api.w.org\/{rel}","templated":true}]}}