{"id":125959,"date":"2020-12-15T12:43:01","date_gmt":"2020-12-15T15:43:01","guid":{"rendered":"https:\/\/senoticias.com.br\/se\/?p=125959"},"modified":"2020-12-15T12:43:14","modified_gmt":"2020-12-15T15:43:14","slug":"natal-iluminado-prefeitura-e-energisa-acendem-as-luzes-da-decoracao-no-parque-da-sementeira","status":"publish","type":"post","link":"https:\/\/senoticias.com.br\/se\/natal-iluminado-prefeitura-e-energisa-acendem-as-luzes-da-decoracao-no-parque-da-sementeira\/","title":{"rendered":"Natal Iluminado: Prefeitura e Energisa acendem as luzes da decora\u00e7\u00e3o no Parque da Sementeira"},"content":{"rendered":"\n<p>O Parque Governador Augusto Franco, mais conhecido como Parque da Sementeira, ganhou novas cores na noite desta segunda-feira, 14. A Prefeitura de Aracaju e a Energisa acenderam as luzes que comp\u00f5em a decora\u00e7\u00e3o natalina do espa\u00e7o de lazer, dando in\u00edcio a mais uma etapa do Natal Iluminado 2020 na capital sergipana. Este ano, o projeto conta com sete milh\u00f5es de pontos de luz espalhados por toda a extens\u00e3o do parque &#8211; o maior n\u00famero desde que a parceria entre a administra\u00e7\u00e3o municipal e o grupo foi retomada, em 2017.<\/p>\n\n\n\n<figure class=\"wp-block-image size-large\"><img loading=\"lazy\" decoding=\"async\" width=\"599\" height=\"337\" src=\"https:\/\/senoticias.com.br\/se\/wp-content\/uploads\/2020\/12\/Natal-Iluminado-do-Parque-da-Sementeira-2020-e1607814151803.jpeg\" alt=\"Natal Iluminado SE Not\u00edcias\" class=\"wp-image-125925\"\/><figcaption>Natal iluminado\n<\/figcaption><\/figure>\n\n\n\n<p>At\u00e9 o pr\u00f3ximo dia 30 de dezembro, os visitantes que forem \u00e0 Sementeira poder\u00e3o contemplar, ainda, uma \u00e1rvore de Natal com estrutura tridimensional, t\u00faneis iluminados e \u00e1rvores flutuantes nos lagos, al\u00e9m de outros elementos decorativos. Tamb\u00e9m ser\u00e1 poss\u00edvel, em dias e hor\u00e1rios espec\u00edficos, realizar a visita\u00e7\u00e3o ao Papai Noel interativo, uma forma encontrada para manter a tradi\u00e7\u00e3o e, ao mesmo tempo, assegurar a manuten\u00e7\u00e3o dos protocolos sanit\u00e1rios, estabelecidos em virtude da pandemia do novo coronav\u00edrus.<\/p>\n\n\n\n<p>&#8220;Mesmo com todas as dificuldades e limita\u00e7\u00f5es, mantivemos o Natal Iluminado, pois \u00e9 uma forma de acender a luz da esperan\u00e7a em nossa cidade. Decoramos v\u00e1rios pontos da cidade e mantivemos esta estrutura no Parque da Sementeira para semear um sentimento de confian\u00e7a no futuro e de cren\u00e7a em dias melhores&#8221;, afirmou o prefeito Edvaldo Nogueira, ressaltando que todas as medidas sanit\u00e1rias ser\u00e3o respeitadas no acesso ao local. &#8220;Vai ter controle de entrada, vai ter fiscaliza\u00e7\u00e3o, aferi\u00e7\u00e3o de temperatura, regras para tudo ocorra com seguran\u00e7a&#8221;, disse.<\/p>\n\n\n\n<p>Da mesma forma, o presidente da Energisa, Roberto Carlos Currais, expressou a import\u00e2ncia do Natal Iluminado. &#8220;A Energisa refor\u00e7a o seu compromisso com a esperan\u00e7a. \u00c9 um momento de reflex\u00e3o e de otimismo por dias melhores. Caprichamos na ornamenta\u00e7\u00e3o, mas respeitando as medidas sanit\u00e1rias, para assegurar a sa\u00fade e a seguran\u00e7a das pessoas. Nossa mensagem \u00e9 de agradecimento e deseja a todos um feliz natal&#8221;, declarou.<\/p>\n\n\n\n<p>Tecnologia<br>Para que a popula\u00e7\u00e3o pudesse vivenciar o Natal Iluminado 2020 do Parque da Sementeira com toda a seguran\u00e7a que o momento exige, um projeto diferenciado foi elaborado. Com sete milh\u00f5es de pontos de luz, a ilumina\u00e7\u00e3o especial foi instalada de modo a evitar aglomera\u00e7\u00f5es. J\u00e1 a visita\u00e7\u00e3o ao Papai Noel ocorrer\u00e1 em dias espec\u00edficos &#8211; 14, 18, 19, 20, 25, 26 e 27 -, das 18h30 \u00e0s 21h. Nestas datas e hor\u00e1rios, o personagem interativo, transmitido simultaneamente, se comunicar\u00e1 com os visitantes que passarem por uma casa montada no parque.<\/p>\n\n\n\n<p>Al\u00e9m disso, \u00e1rvores flutuantes, com oito metros de altura, em formato 3D, foram instaladas nos lagos e diversos objetos de decora\u00e7\u00e3o foram dispostos pelos ambientes do parque. O projeto inclui, tamb\u00e9m, uma manjedoura, um pres\u00e9pio e t\u00faneis iluminados.<\/p>\n\n\n\n<p>Consolida\u00e7\u00e3o<br>A parceria entre a Prefeitura de Aracaju e o grupo Energisa para realiza\u00e7\u00e3o do Natal Iluminado no Parque da Sementeira foi firmada em 2017. No primeiro ano, o projeto contou com um pres\u00e9pio, em tamanho real, 19 \u00e1rvores de Natal &#8211; sendo uma com 8 metros de altura -, dois portais luminosos e 200 figuras luminosas. Em 2018 a parceria foi ampliada e garantiu a instala\u00e7\u00e3o de 280 mil pontos de luz pelo parque.<\/p>\n\n\n\n<p>Na terceira edi\u00e7\u00e3o, em 2019, a ilumina\u00e7\u00e3o contou com milh\u00e3o de pontos de luz, uma \u00e1rvore central, oito \u00e1rvores de sete metros de altura nos lagos, letreiro iluminado feliz Natal, ilumina\u00e7\u00e3o da ponte e elementos decorativos. J\u00e1 consolidado, o projeto chega ao quarto ano com sete milh\u00f5es de pontos de luz e in\u00fameras novidades.<\/p>\n\n\n\n<p><em>Quer receber as principais not\u00edcias do&nbsp;<strong>SE Not\u00edcias<\/strong>&nbsp;no seu&nbsp;<strong>WhatsApp?<\/strong>&nbsp;<strong><a href=\"https:\/\/api.whatsapp.com\/send?phone=5579991715289\">Clique aqui<\/a><\/strong>.<\/em><\/p>\n\n\n\n<p><strong><em>Acompanhe tamb\u00e9m o SE Not\u00edcias no&nbsp;<a rel=\"noreferrer noopener\" href=\"https:\/\/twitter.com\/Senoticias\" target=\"_blank\">Twitter<\/a>,&nbsp;<a rel=\"noreferrer noopener\" href=\"https:\/\/www.facebook.com\/senoticias1\" target=\"_blank\">Facebook<\/a>&nbsp;e no&nbsp;<a rel=\"noreferrer noopener\" href=\"https:\/\/www.instagram.com\/senoticias\/\" target=\"_blank\">Instagram<\/a><\/em><\/strong><\/p>\n","protected":false},"excerpt":{"rendered":"<p>O Parque Governador Augusto Franco, mais conhecido como Parque da Sementeira, ganhou novas cores na noite desta segunda-feira, 14. A Prefeitura de Aracaju e a Energisa acenderam as luzes que comp\u00f5em a decora\u00e7\u00e3o natalina do espa\u00e7o de lazer, dando in\u00edcio a mais uma etapa do Natal Iluminado 2020 na capital sergipana. Este ano, o projeto [&hellip;]<\/p>\n","protected":false},"author":6557,"featured_media":0,"comment_status":"closed","ping_status":"closed","sticky":false,"template":"","format":"standard","meta":{"footnotes":""},"categories":[15,38],"tags":[5967,6956,6781,213],"class_list":{"0":"post-125959","1":"post","2":"type-post","3":"status-publish","4":"format-standard","6":"category-destaques","7":"category-municipios","8":"tag-energisa","9":"tag-natal","10":"tag-natal-iluminado","11":"tag-prefeitura-de-aracaju"},"_links":{"self":[{"href":"https:\/\/senoticias.com.br\/se\/wp-json\/wp\/v2\/posts\/125959"}],"collection":[{"href":"https:\/\/senoticias.com.br\/se\/wp-json\/wp\/v2\/posts"}],"about":[{"href":"https:\/\/senoticias.com.br\/se\/wp-json\/wp\/v2\/types\/post"}],"author":[{"embeddable":true,"href":"https:\/\/senoticias.com.br\/se\/wp-json\/wp\/v2\/users\/6557"}],"replies":[{"embeddable":true,"href":"https:\/\/senoticias.com.br\/se\/wp-json\/wp\/v2\/comments?post=125959"}],"version-history":[{"count":0,"href":"https:\/\/senoticias.com.br\/se\/wp-json\/wp\/v2\/posts\/125959\/revisions"}],"wp:attachment":[{"href":"https:\/\/senoticias.com.br\/se\/wp-json\/wp\/v2\/media?parent=125959"}],"wp:term":[{"taxonomy":"category","embeddable":true,"href":"https:\/\/senoticias.com.br\/se\/wp-json\/wp\/v2\/categories?post=125959"},{"taxonomy":"post_tag","embeddable":true,"href":"https:\/\/senoticias.com.br\/se\/wp-json\/wp\/v2\/tags?post=125959"}],"curies":[{"name":"wp","href":"https:\/\/api.w.org\/{rel}","templated":true}]}}