{"id":125938,"date":"2020-12-14T10:49:26","date_gmt":"2020-12-14T13:49:26","guid":{"rendered":"https:\/\/senoticias.com.br\/se\/?p=125938"},"modified":"2020-12-14T12:08:39","modified_gmt":"2020-12-14T15:08:39","slug":"justica-suspende-diplomacao-de-dois-vereadores-eleitos-em-aracaju","status":"publish","type":"post","link":"https:\/\/senoticias.com.br\/se\/justica-suspende-diplomacao-de-dois-vereadores-eleitos-em-aracaju\/","title":{"rendered":"Justi\u00e7a suspende diploma\u00e7\u00e3o de dois vereadores eleitos em Aracaju"},"content":{"rendered":"\n<p>A Ju\u00edza da 1\u00aa Zona Eleitoral de Aracaju, atendendo ao parecer do MPE, concedeu liminares em duas a\u00e7\u00f5es de investiga\u00e7\u00e3o eleitoral determinando a n\u00e3o diploma\u00e7\u00e3o dos dois candidatos a vereador eleitos pelo PSC em Aracaju. <strong>A informa\u00e7\u00e3o \u00e9 do jornalista Andr\u00e9 Barros<\/strong>.<\/p>\n\n\n\n<figure class=\"wp-block-image size-large\"><img loading=\"lazy\" decoding=\"async\" width=\"539\" height=\"263\" src=\"https:\/\/senoticias.com.br\/se\/wp-content\/uploads\/2020\/12\/Eleicao-2020-se-noticias.jpeg\" alt=\"\" class=\"wp-image-125939\" srcset=\"https:\/\/senoticias.com.br\/se\/wp-content\/uploads\/2020\/12\/Eleicao-2020-se-noticias.jpeg 539w, https:\/\/senoticias.com.br\/se\/wp-content\/uploads\/2020\/12\/Eleicao-2020-se-noticias-300x146.jpeg 300w\" sizes=\"(max-width: 539px) 100vw, 539px\" \/><figcaption>Com a decis\u00e3o ficam canceladas as diploma\u00e7\u00f5es dos candidatos F\u00e1bio Meireles e S\u00e1vio de Vardo da Lot\u00e9rica. (foto arte: Justi\u00e7a Eleitoral)<\/figcaption><\/figure>\n\n\n\n<p>A decis\u00e3o se fundamentou nos s\u00e9rios ind\u00edcios de fraudes perpetradas pelo partido na cota de candidaturas femininas nas elei\u00e7\u00f5es de 15 de novembro \u00faltimo.<\/p>\n\n\n\n<p>Tr\u00eas candidatas do PSC sequer votaram em si mesmas, ou seja, tiveram <strong>0 votos<\/strong>. Uma outra candidata teve sua candidatura indeferida antes mesmo do dia das elei\u00e7\u00f5es por falta de quita\u00e7\u00e3o eleitoral, e o partido n\u00e3o a substituiu nem sequer cortou candidatos do outro g\u00eanero para recompor a propor\u00e7\u00e3o da chapa como determina a lei eleitoral.<\/p>\n\n\n\n<p>Duas dessas candidatas tiveram ainda seus registros de candidaturas indeferidas por n\u00e3o conseguirem provar que eram filiadas ao PSC.<br>Durante as investiga\u00e7\u00f5es se verificou ainda que as poss\u00edveis candidatas \u201claranjas\u201dsequer mencionaram em suas redes sociais o fato de serem candidatas no pleito desse ano, e uma delas declarava em suas redes voto e apoio ao PT, sigla que fazia da parte de uma coliga\u00e7\u00e3o advers\u00e1ria do PSC nessas elei\u00e7\u00f5es.<\/p>\n\n\n\n<p>Na a\u00e7\u00e3o o MPE, e os candidatos <strong>Elber Batalha Filho (PSB)<\/strong> e <strong>Camilo Feitosa (PT)<\/strong> pedem a <strong>anula\u00e7\u00e3o de toda a chapa do PSC de Aracaju<\/strong>, e dos votos de todos os seus candidatos.<\/p>\n\n\n\n<p>Com a decis\u00e3o ficam canceladas as diploma\u00e7\u00f5es dos candidatos <strong>F\u00e1bio Meireles<\/strong> e <strong>S\u00e1vio de Vardo da Lot\u00e9rica<\/strong>.<\/p>\n\n\n\n<p><em>Quer receber as principais not\u00edcias do&nbsp;<strong>SE Not\u00edcias<\/strong>&nbsp;no seu&nbsp;<strong>WhatsApp?<\/strong>&nbsp;<strong><a href=\"https:\/\/api.whatsapp.com\/send?phone=5579991715289\">Clique aqui<\/a><\/strong>.<\/em><\/p>\n\n\n\n<p><strong><em>Acompanhe tamb\u00e9m o SE Not\u00edcias no&nbsp;<a rel=\"noreferrer noopener\" href=\"https:\/\/twitter.com\/Senoticias\" target=\"_blank\">Twitter<\/a>,&nbsp;<a rel=\"noreferrer noopener\" href=\"https:\/\/www.facebook.com\/senoticias1\" target=\"_blank\">Facebook<\/a>&nbsp;e no&nbsp;<a rel=\"noreferrer noopener\" href=\"https:\/\/www.instagram.com\/senoticias\/\" target=\"_blank\">Instagram<\/a><\/em><\/strong><\/p>\n","protected":false},"excerpt":{"rendered":"<p>A Ju\u00edza da 1\u00aa Zona Eleitoral de Aracaju, atendendo ao parecer do MPE, concedeu liminares em duas a\u00e7\u00f5es de investiga\u00e7\u00e3o eleitoral determinando a n\u00e3o diploma\u00e7\u00e3o dos dois candidatos a vereador eleitos pelo PSC em Aracaju. A informa\u00e7\u00e3o \u00e9 do jornalista Andr\u00e9 Barros. A decis\u00e3o se fundamentou nos s\u00e9rios ind\u00edcios de fraudes perpetradas pelo partido na [&hellip;]<\/p>\n","protected":false},"author":6552,"featured_media":125939,"comment_status":"closed","ping_status":"closed","sticky":false,"template":"","format":"standard","meta":{"footnotes":""},"categories":[15,6],"tags":[16014,16013,16015,546,2910,1210,16016],"class_list":{"0":"post-125938","1":"post","2":"type-post","3":"status-publish","4":"format-standard","5":"has-post-thumbnail","7":"category-destaques","8":"category-politica","9":"tag-1a-zona-eleitoral-de-aracaju","10":"tag-eleicao-2020","11":"tag-fabio-meireles","12":"tag-ministerio-publico-eleitoral","13":"tag-mpe","14":"tag-psc","15":"tag-savio-de-vardo-da-loterica"},"_links":{"self":[{"href":"https:\/\/senoticias.com.br\/se\/wp-json\/wp\/v2\/posts\/125938"}],"collection":[{"href":"https:\/\/senoticias.com.br\/se\/wp-json\/wp\/v2\/posts"}],"about":[{"href":"https:\/\/senoticias.com.br\/se\/wp-json\/wp\/v2\/types\/post"}],"author":[{"embeddable":true,"href":"https:\/\/senoticias.com.br\/se\/wp-json\/wp\/v2\/users\/6552"}],"replies":[{"embeddable":true,"href":"https:\/\/senoticias.com.br\/se\/wp-json\/wp\/v2\/comments?post=125938"}],"version-history":[{"count":0,"href":"https:\/\/senoticias.com.br\/se\/wp-json\/wp\/v2\/posts\/125938\/revisions"}],"wp:featuredmedia":[{"embeddable":true,"href":"https:\/\/senoticias.com.br\/se\/wp-json\/wp\/v2\/media\/125939"}],"wp:attachment":[{"href":"https:\/\/senoticias.com.br\/se\/wp-json\/wp\/v2\/media?parent=125938"}],"wp:term":[{"taxonomy":"category","embeddable":true,"href":"https:\/\/senoticias.com.br\/se\/wp-json\/wp\/v2\/categories?post=125938"},{"taxonomy":"post_tag","embeddable":true,"href":"https:\/\/senoticias.com.br\/se\/wp-json\/wp\/v2\/tags?post=125938"}],"curies":[{"name":"wp","href":"https:\/\/api.w.org\/{rel}","templated":true}]}}