{"id":125910,"date":"2020-12-11T11:01:40","date_gmt":"2020-12-11T14:01:40","guid":{"rendered":"https:\/\/senoticias.com.br\/se\/?p=125910"},"modified":"2020-12-11T11:10:28","modified_gmt":"2020-12-11T14:10:28","slug":"sergipe-registra-650-novos-casos-de-covid-19-e-mais-cinco-mortes","status":"publish","type":"post","link":"https:\/\/senoticias.com.br\/se\/sergipe-registra-650-novos-casos-de-covid-19-e-mais-cinco-mortes\/","title":{"rendered":"Sergipe registra 650 novos casos de Covid-19 e mais cinco mortes"},"content":{"rendered":"\n<p><\/p>\n\n\n\n<p>A Secretaria de Estado da Sa\u00fade (SES) divulgou na <strong>quinta-feira, 10<\/strong>, o boletim epidemiol\u00f3gico do coronav\u00edrus, com <strong>650 casos e cinco novos \u00f3bitos<\/strong>. Em Sergipe, <strong>96.990 pessoas j\u00e1 testaram positivo<\/strong> para a Covid-19 e 2.351 morreram. Todos os cinco \u00f3bitos estavam em investiga\u00e7\u00e3o e foram confirmados. At\u00e9 o momento, <strong>86.601 pacientes<\/strong> foram curados.<\/p>\n\n\n\n<figure class=\"wp-block-image size-large\"><img loading=\"lazy\" decoding=\"async\" width=\"1024\" height=\"1024\" src=\"https:\/\/senoticias.com.br\/se\/wp-content\/uploads\/2020\/12\/Covid19-SE-Noticias-1024x1024.jpeg\" alt=\"\" class=\"wp-image-125911\"\/><figcaption>Segundo a Secretaria de Estado da Sa\u00fade, At\u00e9 o momento, 86.601 pacientes foram curados.<\/figcaption><\/figure>\n\n\n\n<p>Os cinco \u00f3bitos foram: mulher, 75 anos, de Po\u00e7o Verde, sem comorbidades; mulher, 96 anos, de Est\u00e2ncia, com hipertens\u00e3o e diabetes; homem, 60 anos, de Lagarto, com diabetes, pancitopenia, leishmaniose e doen\u00e7a cardiovascular cr\u00f4nica; mulher, 92 anos, de Nossa Senhora da Gl\u00f3ria, com hipertens\u00e3o e diabetes; e uma crian\u00e7a do sexo masculino, de quatro meses de idade, de Telha, sem comorbidades.<\/p>\n\n\n\n<p>Foram realizados <strong>219.421 exames<\/strong> e <strong>122.431 foram negativados<\/strong>. Est\u00e3o <strong>internados 277 pacientes<\/strong>, sendo 131 em leitos de UTI (92 na rede p\u00fablica, sendo 85 adultas e 7 pedi\u00e1tricas; e 39 na rede privada, sendo 34 adultas e 5 pedi\u00e1tricas) e 146 em leitos cl\u00ednicos (97 na rede p\u00fablica 49 na rede privada). S\u00e3o investigados mais seis \u00f3bitos. Ainda aguardam resultado <strong>3.152 exames coletados.<\/strong><\/p>\n\n\n\n<p>Mais detalhes sobre o novo boletim epidemiol\u00f3gico da Covid-19 em sergipecontraocoronavirus.net.br.<\/p>\n\n\n\n<p><em>Quer receber as principais not\u00edcias do&nbsp;<strong>SE Not\u00edcias<\/strong>&nbsp;no seu&nbsp;<strong>WhatsApp?<\/strong>&nbsp;<strong><a href=\"https:\/\/api.whatsapp.com\/send?phone=5579991715289\">Clique aqui<\/a><\/strong>.<\/em><\/p>\n\n\n\n<p><strong><em>Acompanhe tamb\u00e9m o SE Not\u00edcias no&nbsp;<a rel=\"noreferrer noopener\" href=\"https:\/\/twitter.com\/Senoticias\" target=\"_blank\">Twitter<\/a>,&nbsp;<a rel=\"noreferrer noopener\" href=\"https:\/\/www.facebook.com\/senoticias1\" target=\"_blank\">Facebook<\/a>&nbsp;e no&nbsp;<a rel=\"noreferrer noopener\" href=\"https:\/\/www.instagram.com\/senoticias\/\" target=\"_blank\">Instagram<\/a><\/em><\/strong><\/p>\n","protected":false},"excerpt":{"rendered":"<p>A Secretaria de Estado da Sa\u00fade (SES) divulgou na quinta-feira, 10, o boletim epidemiol\u00f3gico do coronav\u00edrus, com 650 casos e cinco novos \u00f3bitos. Em Sergipe, 96.990 pessoas j\u00e1 testaram positivo para a Covid-19 e 2.351 morreram. Todos os cinco \u00f3bitos estavam em investiga\u00e7\u00e3o e foram confirmados. At\u00e9 o momento, 86.601 pacientes foram curados. Os cinco [&hellip;]<\/p>\n","protected":false},"author":6557,"featured_media":125911,"comment_status":"closed","ping_status":"closed","sticky":false,"template":"","format":"standard","meta":{"footnotes":""},"categories":[15,6,1],"tags":[14123,14270,448,14369,6385],"class_list":{"0":"post-125910","1":"post","2":"type-post","3":"status-publish","4":"format-standard","5":"has-post-thumbnail","7":"category-destaques","8":"category-politica","9":"category-sem-categoria","10":"tag-coronavirus","11":"tag-covid-19","12":"tag-governo-de-sergipe","13":"tag-pandemia","14":"tag-secretaria-de-estado-da-saude"},"_links":{"self":[{"href":"https:\/\/senoticias.com.br\/se\/wp-json\/wp\/v2\/posts\/125910"}],"collection":[{"href":"https:\/\/senoticias.com.br\/se\/wp-json\/wp\/v2\/posts"}],"about":[{"href":"https:\/\/senoticias.com.br\/se\/wp-json\/wp\/v2\/types\/post"}],"author":[{"embeddable":true,"href":"https:\/\/senoticias.com.br\/se\/wp-json\/wp\/v2\/users\/6557"}],"replies":[{"embeddable":true,"href":"https:\/\/senoticias.com.br\/se\/wp-json\/wp\/v2\/comments?post=125910"}],"version-history":[{"count":0,"href":"https:\/\/senoticias.com.br\/se\/wp-json\/wp\/v2\/posts\/125910\/revisions"}],"wp:featuredmedia":[{"embeddable":true,"href":"https:\/\/senoticias.com.br\/se\/wp-json\/wp\/v2\/media\/125911"}],"wp:attachment":[{"href":"https:\/\/senoticias.com.br\/se\/wp-json\/wp\/v2\/media?parent=125910"}],"wp:term":[{"taxonomy":"category","embeddable":true,"href":"https:\/\/senoticias.com.br\/se\/wp-json\/wp\/v2\/categories?post=125910"},{"taxonomy":"post_tag","embeddable":true,"href":"https:\/\/senoticias.com.br\/se\/wp-json\/wp\/v2\/tags?post=125910"}],"curies":[{"name":"wp","href":"https:\/\/api.w.org\/{rel}","templated":true}]}}