{"id":125887,"date":"2020-12-09T19:44:51","date_gmt":"2020-12-09T22:44:51","guid":{"rendered":"https:\/\/senoticias.com.br\/se\/?p=125887"},"modified":"2020-12-09T19:58:58","modified_gmt":"2020-12-09T22:58:58","slug":"prefeitura-de-sao-cristovao-paga-segunda-parcela-do-13-dos-servidores-nesta-quinta-feira","status":"publish","type":"post","link":"https:\/\/senoticias.com.br\/se\/prefeitura-de-sao-cristovao-paga-segunda-parcela-do-13-dos-servidores-nesta-quinta-feira\/","title":{"rendered":"Prefeitura de S\u00e3o Crist\u00f3v\u00e3o paga segunda parcela do 13\u00b0 dos servidores nesta quinta-feira, 10"},"content":{"rendered":"\n<p>A Prefeitura de S\u00e3o Crist\u00f3v\u00e3o, atrav\u00e9s da Secretaria Municipal da Fazenda, paga nesta quinta-feira, 10, a segunda parcela do 13\u00b0 dos servidores efetivos e comissionados do munic\u00edpio. O prazo m\u00e1ximo para quita\u00e7\u00e3o \u00e9 20 de dezembro, o que representa uma antecipa\u00e7\u00e3o de 10 dias.<\/p>\n\n\n\n<figure class=\"wp-block-image size-large is-resized\"><img loading=\"lazy\" decoding=\"async\" src=\"https:\/\/senoticias.com.br\/se\/wp-content\/uploads\/2020\/06\/Prefeito-Marcos-Santana-SE-Noticias-1024x484.jpg\" alt=\"\" class=\"wp-image-123927\" width=\"512\" height=\"242\"\/><figcaption>An\u00fancio foi feito pelo pr\u00f3prio prefeito em uma rede social (foto: arquivo\/SE Not\u00edcias)<\/figcaption><\/figure>\n\n\n\n<p>Ao todo, 1670 servidores p\u00fablicos receber\u00e3o a segunda parcela do d\u00e9cimo terceiro. Com isso, a Administra\u00e7\u00e3o Municipal colocar\u00e1 em circula\u00e7\u00e3o mais de R$1,8 milh\u00e3o, movimentando a economia local. A expectativa \u00e9 que o pagamento possa fomentar alguns setores, a exemplo do com\u00e9rcio, tendo efeito direto nas vendas de Natal e Ano Novo.<\/p>\n\n\n\n<p>&nbsp;\u201cAcreditamos que esse pagamento ter\u00e1 efeito direto na economia neste final de ano. Quando as pessoas recebem seus pagamentos em dia, elas tem a confian\u00e7a para investir e utilizam parte significativa dessa renda na compra de alimentos e na contrata\u00e7\u00e3o de diversos servi\u00e7os na cidade, o que consequentemente acaba gerando mais renda e empregos no munic\u00edpio&#8221;, explica Marcos Santana.<\/p>\n\n\n\n<p>Para o gestor, assim como o pagamento dos sal\u00e1rios, a quita\u00e7\u00e3o do 13\u00b0 integra a pol\u00edtica de valoriza\u00e7\u00e3o dos servidores p\u00fablicos.<\/p>\n\n\n\n<p>Ele ainda lembra que, a gest\u00e3o, desde o primeiro m\u00eas de mandato e ap\u00f3s an\u00e1lises t\u00e9cnicas, estabeleceu o calend\u00e1rio de pagamento de sal\u00e1rio em que adotou o \u00faltimo dia \u00fatil do m\u00eas vigente como a data para pagamento de sal\u00e1rios, mesmo com a legisla\u00e7\u00e3o permitindo que os sal\u00e1rios possam ser pagos at\u00e9 o quinto dia \u00fatil do m\u00eas subsequente.<\/p>\n\n\n\n<p>\u201cPagar o nosso servidor em dia \u00e9 nosso dever, mas, em tempos de recess\u00e3o econ\u00f4mica como o que vivemos \u00e9, tamb\u00e9m, responsabilidade com o dinheiro p\u00fablico. Desde janeiro de 2017 estamos fazendo isso, e assim iremos continuar pelos pr\u00f3ximos quatro anos\u201d, afirma o prefeito.<\/p>\n\n\n\n<p><em>Quer receber as principais not\u00edcias do&nbsp;<strong>SE Not\u00edcias<\/strong>&nbsp;no seu&nbsp;<strong>WhatsApp?<\/strong>&nbsp;<strong><a href=\"https:\/\/api.whatsapp.com\/send?phone=5579991715289\">Clique aqui<\/a><\/strong>.<\/em><\/p>\n\n\n\n<p><strong><em>Acompanhe tamb\u00e9m o SE Not\u00edcias no\u00a0<a rel=\"noreferrer noopener\" href=\"https:\/\/twitter.com\/Senoticias\" target=\"_blank\">Twitter<\/a>,\u00a0<a rel=\"noreferrer noopener\" href=\"https:\/\/www.facebook.com\/senoticias1\" target=\"_blank\">Facebook<\/a>\u00a0e no\u00a0<a rel=\"noreferrer noopener\" href=\"https:\/\/www.instagram.com\/senoticias\/\" target=\"_blank\">Instagram<\/a><\/em><\/strong><\/p>\n\n\n\n<p><em>Da Assessoria de Imprensa<\/em><\/p>\n","protected":false},"excerpt":{"rendered":"<p>A Prefeitura de S\u00e3o Crist\u00f3v\u00e3o, atrav\u00e9s da Secretaria Municipal da Fazenda, paga nesta quinta-feira, 10, a segunda parcela do 13\u00b0 dos servidores efetivos e comissionados do munic\u00edpio. O prazo m\u00e1ximo para quita\u00e7\u00e3o \u00e9 20 de dezembro, o que representa uma antecipa\u00e7\u00e3o de 10 dias. Ao todo, 1670 servidores p\u00fablicos receber\u00e3o a segunda parcela do d\u00e9cimo [&hellip;]<\/p>\n","protected":false},"author":6552,"featured_media":0,"comment_status":"closed","ping_status":"closed","sticky":false,"template":"","format":"standard","meta":{"footnotes":""},"categories":[15,38],"tags":[7141,4589,81,15987],"class_list":{"0":"post-125887","1":"post","2":"type-post","3":"status-publish","4":"format-standard","6":"category-destaques","7":"category-municipios","8":"tag-decimo-terceiro","9":"tag-prefeito-marcos-santana","10":"tag-prefeitura-de-sao-cristovao","11":"tag-segunda-parcela-do-13"},"_links":{"self":[{"href":"https:\/\/senoticias.com.br\/se\/wp-json\/wp\/v2\/posts\/125887"}],"collection":[{"href":"https:\/\/senoticias.com.br\/se\/wp-json\/wp\/v2\/posts"}],"about":[{"href":"https:\/\/senoticias.com.br\/se\/wp-json\/wp\/v2\/types\/post"}],"author":[{"embeddable":true,"href":"https:\/\/senoticias.com.br\/se\/wp-json\/wp\/v2\/users\/6552"}],"replies":[{"embeddable":true,"href":"https:\/\/senoticias.com.br\/se\/wp-json\/wp\/v2\/comments?post=125887"}],"version-history":[{"count":0,"href":"https:\/\/senoticias.com.br\/se\/wp-json\/wp\/v2\/posts\/125887\/revisions"}],"wp:attachment":[{"href":"https:\/\/senoticias.com.br\/se\/wp-json\/wp\/v2\/media?parent=125887"}],"wp:term":[{"taxonomy":"category","embeddable":true,"href":"https:\/\/senoticias.com.br\/se\/wp-json\/wp\/v2\/categories?post=125887"},{"taxonomy":"post_tag","embeddable":true,"href":"https:\/\/senoticias.com.br\/se\/wp-json\/wp\/v2\/tags?post=125887"}],"curies":[{"name":"wp","href":"https:\/\/api.w.org\/{rel}","templated":true}]}}