{"id":125856,"date":"2020-12-06T12:16:40","date_gmt":"2020-12-06T15:16:40","guid":{"rendered":"https:\/\/senoticias.com.br\/se\/?p=125856"},"modified":"2020-12-06T12:24:20","modified_gmt":"2020-12-06T15:24:20","slug":"saiba-onde-a-covid-19-preocupa-mais-em-sergipe","status":"publish","type":"post","link":"https:\/\/senoticias.com.br\/se\/saiba-onde-a-covid-19-preocupa-mais-em-sergipe\/","title":{"rendered":"Saiba onde a Covid-19 preocupa mais em Sergipe"},"content":{"rendered":"\n<p>A Universidade Federal de Sergipe (UFS) divulgou, na sexta-feira, 4, os resultados da segunda fase da a\u00e7\u00e3o de monitora\u00e7\u00e3o de casos da covid-19 no estado no \u00e2mbito do <strong>Projeto EpiSergipe<\/strong>. Foram realizados <strong>5.405 testes r\u00e1pidos e sorol\u00f3gicos nas zonas urbanas e rurais de 15 munic\u00edpios sergipano<\/strong>s, no per\u00edodo de <strong>11 de agosto a 17 de novembro<\/strong> deste ano.<\/p>\n\n\n\n<figure class=\"wp-block-image size-large\"><img loading=\"lazy\" decoding=\"async\" width=\"1024\" height=\"761\" src=\"https:\/\/senoticias.com.br\/se\/wp-content\/uploads\/2020\/12\/IMG-2300.jpg\" alt=\"\" class=\"wp-image-125857\" srcset=\"https:\/\/senoticias.com.br\/se\/wp-content\/uploads\/2020\/12\/IMG-2300.jpg 1024w, https:\/\/senoticias.com.br\/se\/wp-content\/uploads\/2020\/12\/IMG-2300-300x223.jpg 300w, https:\/\/senoticias.com.br\/se\/wp-content\/uploads\/2020\/12\/IMG-2300-768x571.jpg 768w\" sizes=\"(max-width: 1024px) 100vw, 1024px\" \/><figcaption>UFS apresenta resultados da segunda fase de testes da covid-19 (foto: Josaf\u00e1 Neto\/Ufs)<\/figcaption><\/figure>\n\n\n\n<p>63,2% (3.415) das pessoas testadas nessa etapa foram do sexo feminino e 36,8% (1.990) do sexo masculino, nas faixas et\u00e1rias de 0 a 19 anos (11,4%), 20 a 59 (69,9%) e acima de 60 (18,3%). Desse total, 745 pessoas apresentaram resultado positivo para o novo coronav\u00edrus por meio do teste r\u00e1pido, indicando uma taxa de preval\u00eancia de 13,8%. A maioria do g\u00eanero feminino (68,3%), e com idade entre 20 e 59 anos (71,1%).<\/p>\n\n\n\n<p>Das 745 pessoas que testaram positivo para anticorpos SARS-CoV-2, foram coletadas 694 amostras de sangue para a confirma\u00e7\u00e3o do resultado atrav\u00e9s do teste de sorologia. Por meio do m\u00e9todo de imunofluoresc\u00eancia, 648 exames apresentaram resultado positivo para a detec\u00e7\u00e3o de anticorpos, enquanto 46 deram negativo.<\/p>\n\n\n\n<p>Na sorologia, 594 amostras sinalizaram para o tipo IgG+, o que aponta para possibilidade da pessoa estar imune, 2 para IgM+, indicando a doen\u00e7a na fase inicial, e 52 pessoas com IgG+ e IgM+. Esses dados indicam uma soropreval\u00eancia de 12%, com maior frequ\u00eancia no g\u00eanero feminino (12,7%), e em pessoas de 20 a 59 anos (12,3%).<\/p>\n\n\n\n<p>A pesquisa ainda apontou um aumento de 29% na taxa de soropreval\u00eancia no estado em compara\u00e7\u00e3o com o m\u00eas de julho, quando o percentual era de 9,3%. Nesta segunda etapa, os munic\u00edpios com maiores taxas foram: Tobias Barreto (22,3%), Nossa Senhora do Socorro (18,4%) e Propri\u00e1 (15,8%). J\u00e1 Barra dos Coqueiros (5,0%), Canind\u00e9 de S\u00e3o Francisco (5,6%) e Porto da Folha (5,7%) foram as cidades com os menores \u00edndices no per\u00edodo analisado. Aracaju, por sua vez, teve uma soropreval\u00eancia estimada em 7,7%<\/p>\n\n\n\n<p>Professor do Departamento de Educa\u00e7\u00e3o em Sa\u00fade da UFS e membro do EpiSergipe, Paulo Ricardo Martins Filho avalia que os resultados gerais mostraram \u201cum avan\u00e7o da soropreval\u00eancia para o interior, que antes era de 8%, e agora, \u00e9 aproximadamente de 13%, e uma certa estabiliza\u00e7\u00e3o da soropreval\u00eancia na regi\u00e3o da Grande Aracaju\u201d.<\/p>\n\n\n\n<p>Martins ainda aponta para o crescimento da soropreval\u00eancia no grupo de pessoas entre 20 e 59 anos. \u201cS\u00e3o esses os indiv\u00edduos que comp\u00f5em uma faixa economicamente ativa da popula\u00e7\u00e3o, e que tem retornado ao trabalho, \u00e0 medida que o plano de retomada das atividades foi sendo implementado no estado nos \u00faltimos meses\u201d, afirma.<\/p>\n\n\n\n<p>Tobias Barreto, no Sul do estado, foi o munic\u00edpio com maior aumento na estimativa de soropreval\u00eancia. Na primeira fase, a taxa estava em 6,4%. J\u00e1, nesta segunda fase, atingiu 22,3%, um acr\u00e9scimo de 15,9 pontos percentuais. O oposto aconteceu em Laranjeiras, localizado na Grande Aracaju, que diminuiu de 15,9% para 11%.<\/p>\n\n\n\n<p>Al\u00e9m de Tobias Barreto, Martins cita as cidades que chamaram a aten\u00e7\u00e3o quanto ao crescimento \u201csignificativo\u201d da soropreval\u00eancia nesta nova etapa: Sim\u00e3o Dias (passou de 1,4% na fase 1 para 9,8% na fase 2), Canind\u00e9 de S\u00e3o Francisco (1,7% para 5,6%), Itabaiana (2,7% para 13%) e Nossa Senhora do Socorro (7,7% para 18,4%).<\/p>\n\n\n\n<p>Paulo Martins afirma que, geralmente, os casos come\u00e7am nas regi\u00f5es metropolitanas e depois se espalham pelo interior dos estados. \u201cEnt\u00e3o, isso tem acontecido ao longo dos \u00faltimos meses em Sergipe. E \u00e9 bom destacar que alguns munic\u00edpios que foram comentados est\u00e3o localizados em regi\u00f5es fronteiri\u00e7as, ent\u00e3o, isso \u00e9 um fator tamb\u00e9m preponderante para que esse aumento da soropreval\u00eancia tenha sido visto em Canind\u00e9 do S\u00e3o Francisco, na regi\u00e3o de Tobias Barreto e Sim\u00e3o Dias\u201d, acrescenta o pesquisador.<\/p>\n\n\n\n<p>Coordenador geral da a\u00e7\u00e3o, o professor Adriano Antunes ressalta que o projeto realizar\u00e1, ao todo, mais de 15 mil testes r\u00e1pidos para verificar a preval\u00eancia da doen\u00e7a na capital e interior do estado. Como o objetivo \u00e9 acompanhar o n\u00edvel de contamina\u00e7\u00e3o ao longo do tempo, segundo ele, 60 professores, t\u00e9cnicos e alunos envolvidos na a\u00e7\u00e3o v\u00e3o revisitar os munic\u00edpios em janeiro de 2021 para a terceira fase de testagem.<\/p>\n\n\n\n<p><strong>Projeto EpiSergipe<\/strong><\/p>\n\n\n\n<p>A Universidade Federal de Sergipe firmou uma parceria com o Governo de Sergipe para o desenvolvimento de um projeto que visa acompanhar o grau de contamina\u00e7\u00e3o e os impactos do coronav\u00edrus em Sergipe. O investimento \u00e9 de R$ 4.160.000,00.<\/p>\n\n\n\n<p>Al\u00e9m do monitoramento de casos, a iniciativa, com dura\u00e7\u00e3o prevista de um ano, visa identificar os impactos socioecon\u00f4micos, em virtude da pandemia, atrav\u00e9s de uma proposta de simula\u00e7\u00e3o e acompanhamento de tr\u00eas modalidades de crimes: homic\u00eddios, roubos e furtos e viol\u00eancia dom\u00e9stica, e a evolu\u00e7\u00e3o da doen\u00e7a nas popula\u00e7\u00f5es vulner\u00e1veis, a carcer\u00e1ria, adolescentes em cumprimento de medidas socioeducativas, popula\u00e7\u00e3o de rua e idosos que vivem em Institui\u00e7\u00f5es de Longa Perman\u00eancia.<\/p>\n\n\n\n<p><em>Quer receber as principais not\u00edcias do&nbsp;<strong>SE Not\u00edcias<\/strong>&nbsp;no seu&nbsp;<strong>WhatsApp?<\/strong>&nbsp;<strong><a href=\"https:\/\/api.whatsapp.com\/send?phone=5579991715289\">Clique aqui<\/a><\/strong>.<\/em><\/p>\n\n\n\n<p><strong><em>Acompanhe tamb\u00e9m o SE Not\u00edcias no\u00a0<a rel=\"noreferrer noopener\" href=\"https:\/\/twitter.com\/Senoticias\" target=\"_blank\">Twitter<\/a>,\u00a0<a rel=\"noreferrer noopener\" href=\"https:\/\/www.facebook.com\/senoticias1\" target=\"_blank\">Facebook<\/a>\u00a0e no\u00a0<a rel=\"noreferrer noopener\" href=\"https:\/\/www.instagram.com\/senoticias\/\" target=\"_blank\">Instagram<\/a><\/em><\/strong><\/p>\n\n\n\n<p><em>Por Abel Victor e Josaf\u00e1 Neto | <a href=\"http:\/\/www.ufs.br\/conteudo\/66456-ufs-apresenta-resultados-da-segunda-fase-de-testes-da-covid-19-no-ambito-do-projeto-episergipe\">UFS<\/a><\/em><\/p>\n","protected":false},"excerpt":{"rendered":"<p>A Universidade Federal de Sergipe (UFS) divulgou, na sexta-feira, 4, os resultados da segunda fase da a\u00e7\u00e3o de monitora\u00e7\u00e3o de casos da covid-19 no estado no \u00e2mbito do Projeto EpiSergipe. Foram realizados 5.405 testes r\u00e1pidos e sorol\u00f3gicos nas zonas urbanas e rurais de 15 munic\u00edpios sergipanos, no per\u00edodo de 11 de agosto a 17 de [&hellip;]<\/p>\n","protected":false},"author":6557,"featured_media":0,"comment_status":"closed","ping_status":"closed","sticky":false,"template":"","format":"standard","meta":{"footnotes":""},"categories":[15,6],"tags":[14123,14279,14369,15967,2299,15968],"class_list":{"0":"post-125856","1":"post","2":"type-post","3":"status-publish","4":"format-standard","6":"category-destaques","7":"category-politica","8":"tag-coronavirus","9":"tag-covid19","10":"tag-pandemia","11":"tag-projeto-episergipe","12":"tag-ufs","13":"tag-ufs-apresenta-resultados-da-segunda-fase-de-testes-da-covid-19"},"_links":{"self":[{"href":"https:\/\/senoticias.com.br\/se\/wp-json\/wp\/v2\/posts\/125856"}],"collection":[{"href":"https:\/\/senoticias.com.br\/se\/wp-json\/wp\/v2\/posts"}],"about":[{"href":"https:\/\/senoticias.com.br\/se\/wp-json\/wp\/v2\/types\/post"}],"author":[{"embeddable":true,"href":"https:\/\/senoticias.com.br\/se\/wp-json\/wp\/v2\/users\/6557"}],"replies":[{"embeddable":true,"href":"https:\/\/senoticias.com.br\/se\/wp-json\/wp\/v2\/comments?post=125856"}],"version-history":[{"count":0,"href":"https:\/\/senoticias.com.br\/se\/wp-json\/wp\/v2\/posts\/125856\/revisions"}],"wp:attachment":[{"href":"https:\/\/senoticias.com.br\/se\/wp-json\/wp\/v2\/media?parent=125856"}],"wp:term":[{"taxonomy":"category","embeddable":true,"href":"https:\/\/senoticias.com.br\/se\/wp-json\/wp\/v2\/categories?post=125856"},{"taxonomy":"post_tag","embeddable":true,"href":"https:\/\/senoticias.com.br\/se\/wp-json\/wp\/v2\/tags?post=125856"}],"curies":[{"name":"wp","href":"https:\/\/api.w.org\/{rel}","templated":true}]}}