{"id":125847,"date":"2020-12-05T16:12:40","date_gmt":"2020-12-05T19:12:40","guid":{"rendered":"https:\/\/senoticias.com.br\/se\/?p=125847"},"modified":"2020-12-05T16:36:52","modified_gmt":"2020-12-05T19:36:52","slug":"governo-quer-dar-emprestimo-de-ate-r-1-000-para-quem-ganha-bolsa-familia","status":"publish","type":"post","link":"https:\/\/senoticias.com.br\/se\/governo-quer-dar-emprestimo-de-ate-r-1-000-para-quem-ganha-bolsa-familia\/","title":{"rendered":"Governo quer dar empr\u00e9stimo de at\u00e9 R$ 1.000 para quem ganha Bolsa Fam\u00edlia"},"content":{"rendered":"\n<p>O governo federal est\u00e1 avaliando criar um programa de microcr\u00e9dito para quem recebe o Bolsa Fam\u00edlia, programa que auxilia fam\u00edlias em extrema probreza. Com o programa, seriam liberados empr\u00e9stimos de R$ 500 at\u00e9 R$ 1.000. As informa\u00e7\u00f5es foram publicadas pelo portal Uol.<\/p>\n\n\n\n<figure class=\"wp-block-image size-large\"><img loading=\"lazy\" decoding=\"async\" width=\"1024\" height=\"431\" src=\"https:\/\/senoticias.com.br\/se\/wp-content\/uploads\/2020\/12\/Cash-SE-Noticias-1024x431.jpeg\" alt=\"\" class=\"wp-image-125853\"\/><figcaption>Governo estuda pagar R$ 1.000 a benefici\u00e1rios do Bolsa Fam\u00edlia (foto: Se Not\u00edcias)<\/figcaption><\/figure>\n\n\n\n<p>Com o eminente fim do aux\u00edlio emergencial, o governo tem estudado outras medidas para apoiar a popula\u00e7\u00e3o mais vulner\u00e1vel, como aux\u00edlio-creche de R$ 52 por m\u00eas e pr\u00eamios de at\u00e9 R$ 1.000 a bons alunos.<\/p>\n\n\n\n<p>O presidente da Caixa, Pedro Guimar\u00e3es, j\u00e1 declarou que pretende transformar o app &#8216;Caixa Tem&#8217; em um banco digital e fazer uma oferta inicial de a\u00e7\u00f5es. E, entre os produtos que ele quer oferecer aos correntistas, est\u00e1 o microcr\u00e9dito, com empr\u00e9stimos de at\u00e9 R$ 1.000 para as pessoas que se encaixarem no perfil.<\/p>\n\n\n\n<p>O programa, apesar de ainda n\u00e3o ter formata\u00e7\u00e3o definida, j\u00e1 est\u00e1 em discuss\u00e3o no Congresso. A ideia n\u00e3o \u00e9 apenas oferecer o microcr\u00e9dito, pois o governo acredita que isso vai gerar apenas um consumo imediato. O programa poder\u00e1 oferecer os valores em conjunto com cursos de capacita\u00e7\u00e3o financeira, como deseja e pretende membros que pensam o programa.<\/p>\n\n\n\n<p>O Minist\u00e9rio da Cidadania j\u00e1 oferece aos inscritos no Cadastro \u00danico e aos benefici\u00e1rios do Bolsa Fam\u00edlia a possibilidade de fazer cursos gratuitos de capacita\u00e7\u00e3o e ter acesso ao microcr\u00e9dito orientado por meio do programa Progredir, que \u00e9 um outro programa que visa a gera\u00e7\u00e3o de capacita\u00e7\u00e3o.<\/p>\n\n\n\n<p><em>Quer receber as principais not\u00edcias do&nbsp;<strong>SE Not\u00edcias<\/strong>&nbsp;no seu&nbsp;<strong>WhatsApp?<\/strong>&nbsp;<strong><a href=\"https:\/\/api.whatsapp.com\/send?phone=5579991715289\">Clique aqui<\/a><\/strong>.<\/em><\/p>\n\n\n\n<p><strong><em>Acompanhe tamb\u00e9m o SE Not\u00edcias no&nbsp;<a rel=\"noreferrer noopener\" href=\"https:\/\/twitter.com\/Senoticias\" target=\"_blank\">Twitter<\/a>,&nbsp;<a rel=\"noreferrer noopener\" href=\"https:\/\/www.facebook.com\/senoticias1\" target=\"_blank\">Facebook<\/a>&nbsp;e no&nbsp;<a rel=\"noreferrer noopener\" href=\"https:\/\/www.instagram.com\/senoticias\/\" target=\"_blank\">Instagram<\/a><\/em><\/strong><\/p>\n\n\n\n<p><em>Mat\u00e9ria extra\u00edda do Portal Uol<\/em><\/p>\n","protected":false},"excerpt":{"rendered":"<p>O governo federal est\u00e1 avaliando criar um programa de microcr\u00e9dito para quem recebe o Bolsa Fam\u00edlia, programa que auxilia fam\u00edlias em extrema probreza. Com o programa, seriam liberados empr\u00e9stimos de R$ 500 at\u00e9 R$ 1.000. As informa\u00e7\u00f5es foram publicadas pelo portal Uol. Com o eminente fim do aux\u00edlio emergencial, o governo tem estudado outras medidas [&hellip;]<\/p>\n","protected":false},"author":6557,"featured_media":125853,"comment_status":"closed","ping_status":"closed","sticky":false,"template":"","format":"standard","meta":{"footnotes":""},"categories":[15,6],"tags":[14351,4440,6449,57],"class_list":{"0":"post-125847","1":"post","2":"type-post","3":"status-publish","4":"format-standard","5":"has-post-thumbnail","7":"category-destaques","8":"category-politica","9":"tag-auxilio-emergencial","10":"tag-bolsa-familia","11":"tag-emprestimos","12":"tag-governo-federal"},"_links":{"self":[{"href":"https:\/\/senoticias.com.br\/se\/wp-json\/wp\/v2\/posts\/125847"}],"collection":[{"href":"https:\/\/senoticias.com.br\/se\/wp-json\/wp\/v2\/posts"}],"about":[{"href":"https:\/\/senoticias.com.br\/se\/wp-json\/wp\/v2\/types\/post"}],"author":[{"embeddable":true,"href":"https:\/\/senoticias.com.br\/se\/wp-json\/wp\/v2\/users\/6557"}],"replies":[{"embeddable":true,"href":"https:\/\/senoticias.com.br\/se\/wp-json\/wp\/v2\/comments?post=125847"}],"version-history":[{"count":0,"href":"https:\/\/senoticias.com.br\/se\/wp-json\/wp\/v2\/posts\/125847\/revisions"}],"wp:featuredmedia":[{"embeddable":true,"href":"https:\/\/senoticias.com.br\/se\/wp-json\/wp\/v2\/media\/125853"}],"wp:attachment":[{"href":"https:\/\/senoticias.com.br\/se\/wp-json\/wp\/v2\/media?parent=125847"}],"wp:term":[{"taxonomy":"category","embeddable":true,"href":"https:\/\/senoticias.com.br\/se\/wp-json\/wp\/v2\/categories?post=125847"},{"taxonomy":"post_tag","embeddable":true,"href":"https:\/\/senoticias.com.br\/se\/wp-json\/wp\/v2\/tags?post=125847"}],"curies":[{"name":"wp","href":"https:\/\/api.w.org\/{rel}","templated":true}]}}