{"id":125841,"date":"2020-12-04T18:49:07","date_gmt":"2020-12-04T21:49:07","guid":{"rendered":"https:\/\/senoticias.com.br\/se\/?p=125841"},"modified":"2020-12-04T18:53:45","modified_gmt":"2020-12-04T21:53:45","slug":"membro-de-grupo-especializado-em-golpe-do-aluguel-de-veiculos-e-preso-em-sao-cristovao","status":"publish","type":"post","link":"https:\/\/senoticias.com.br\/se\/membro-de-grupo-especializado-em-golpe-do-aluguel-de-veiculos-e-preso-em-sao-cristovao\/","title":{"rendered":"Membro de grupo especializado em golpe do aluguel de ve\u00edculos \u00e9 preso em S\u00e3o Crist\u00f3v\u00e3o"},"content":{"rendered":"\n<p>Na quarta-feira, 2, policiais civis da Divis\u00e3o de Roubos e Furtos de Ve\u00edculos (DRFV), em continuidade a uma a\u00e7\u00e3o iniciada por policiais militares do Grupamento Especial T\u00e1tico com Motos (Getam), prenderam Giovanny Yuri Miranda dos Santos em flagrante. A a\u00e7\u00e3o realizada no munic\u00edpio de S\u00e3o Crist\u00f3v\u00e3o tamb\u00e9m resultou na apreens\u00e3o de dois ve\u00edculos.<\/p>\n\n\n\n<figure class=\"wp-block-image size-large\"><img loading=\"lazy\" decoding=\"async\" width=\"1024\" height=\"682\" src=\"https:\/\/senoticias.com.br\/se\/wp-content\/uploads\/2020\/12\/DRFV-1-1024x682.jpeg\" alt=\"\" class=\"wp-image-125842\"\/><figcaption>Segundo a pol\u00edcia, dois ve\u00edculos tamb\u00e9m foram apreendidos na opera\u00e7\u00e3o policial<\/figcaption><\/figure>\n\n\n\n<p>Segundo o <strong>Delegado Kassio Keliton<\/strong>, policiais <strong>militares do Getam<\/strong> apreenderam e conduziram \u00e0 DRFV um ve\u00edculo com restri\u00e7\u00e3o de roubo e furto, bem como dois dos tr\u00eas suspeitos que estavam como passageiros deste ve\u00edculo. Em continuidade \u00e0 a\u00e7\u00e3o iniciada pela pol\u00edcia militar, a equipe de investigadores da delegacia, continuou as investiga\u00e7\u00f5es, logrando \u00eaxito tanto na recupera\u00e7\u00e3o de outro ve\u00edculo como na pris\u00e3o do \u201cpropriet\u00e1rio\u201d dos citados ve\u00edculos j\u00e1 apreendidos.<\/p>\n\n\n\n<p>No decorrer das dilig\u00eancias, descobriu-se mais uma associa\u00e7\u00e3o criminosa especializada em crimes de estelionato envolvendo carros \u201calugados\u201d de locadoras de ve\u00edculos em outros estados da Federa\u00e7\u00e3o. A maneira de agir dos criminosos se iniciava com o aluguel dos ve\u00edculos nos mais diferentes estados do Pa\u00eds. &#8220;Um integrante do grupo se dirigia a uma loja de loca\u00e7\u00e3o, onde assina contrato de aluguel de determinado ve\u00edculo a ser devolvido em poucos dias. O carro n\u00e3o \u00e9 devolvido, mas sim levado a outro estado, onde \u00e9 vendido ou alugado, podendo at\u00e9 ser adquirido por um terceiro de boa-f\u00e9&#8221;, explica o delegado.<\/p>\n\n\n\n<p>Ap\u00f3s a pris\u00e3o, o suspeito identificado como Yuri confessou toda a pr\u00e1tica criminosa. Com isso, os coautores do crime j\u00e1 est\u00e3o sendo devidamente identificados e as investiga\u00e7\u00f5es seguir\u00e3o para obter as localiza\u00e7\u00f5es e efetuar as respectivas pris\u00f5es. A Pol\u00edcia Civil destaca a import\u00e2ncia da sociedade colaborar com informa\u00e7\u00f5es, por meio do <strong>Disque Den\u00fancia (181)<\/strong>. O sigilo do denunciante \u00e9 garantido.<\/p>\n\n\n\n<p><em>Quer receber as principais not\u00edcias do&nbsp;<strong>SE Not\u00edcias<\/strong>&nbsp;no seu&nbsp;<strong>WhatsApp?<\/strong>&nbsp;<strong><a href=\"https:\/\/api.whatsapp.com\/send?phone=5579991715289\">Clique aqui<\/a><\/strong>.<\/em><\/p>\n\n\n\n<p><strong><em>Acompanhe tamb\u00e9m o SE Not\u00edcias no\u00a0<a rel=\"noreferrer noopener\" href=\"https:\/\/twitter.com\/Senoticias\" target=\"_blank\">Twitter<\/a>,\u00a0<a rel=\"noreferrer noopener\" href=\"https:\/\/www.facebook.com\/senoticias1\" target=\"_blank\">Facebook<\/a>\u00a0e no\u00a0<a rel=\"noreferrer noopener\" href=\"https:\/\/www.instagram.com\/senoticias\/\" target=\"_blank\">Instagram<\/a><\/em><\/strong><\/p>\n\n\n\n<p><em>Mat\u00e9ria extra\u00edda do <strong><a href=\"https:\/\/www.ssp.se.gov.br\/Noticias\/Detalhes?idNoticia=17295\">site<\/a><\/strong> da SSP\/SE<\/em><\/p>\n","protected":false},"excerpt":{"rendered":"<p>Na quarta-feira, 2, policiais civis da Divis\u00e3o de Roubos e Furtos de Ve\u00edculos (DRFV), em continuidade a uma a\u00e7\u00e3o iniciada por policiais militares do Grupamento Especial T\u00e1tico com Motos (Getam), prenderam Giovanny Yuri Miranda dos Santos em flagrante. A a\u00e7\u00e3o realizada no munic\u00edpio de S\u00e3o Crist\u00f3v\u00e3o tamb\u00e9m resultou na apreens\u00e3o de dois ve\u00edculos. Segundo o [&hellip;]<\/p>\n","protected":false},"author":6552,"featured_media":125842,"comment_status":"closed","ping_status":"closed","sticky":false,"template":"","format":"standard","meta":{"footnotes":""},"categories":[15,7,1],"tags":[575,15962,15963,78,86],"class_list":{"0":"post-125841","1":"post","2":"type-post","3":"status-publish","4":"format-standard","5":"has-post-thumbnail","7":"category-destaques","8":"category-policia","9":"category-sem-categoria","10":"tag-getam","11":"tag-golpe-do-aluguel","12":"tag-grupamento-especial-tatico-com-motos","13":"tag-policia-civil","14":"tag-policia-militar"},"_links":{"self":[{"href":"https:\/\/senoticias.com.br\/se\/wp-json\/wp\/v2\/posts\/125841"}],"collection":[{"href":"https:\/\/senoticias.com.br\/se\/wp-json\/wp\/v2\/posts"}],"about":[{"href":"https:\/\/senoticias.com.br\/se\/wp-json\/wp\/v2\/types\/post"}],"author":[{"embeddable":true,"href":"https:\/\/senoticias.com.br\/se\/wp-json\/wp\/v2\/users\/6552"}],"replies":[{"embeddable":true,"href":"https:\/\/senoticias.com.br\/se\/wp-json\/wp\/v2\/comments?post=125841"}],"version-history":[{"count":0,"href":"https:\/\/senoticias.com.br\/se\/wp-json\/wp\/v2\/posts\/125841\/revisions"}],"wp:featuredmedia":[{"embeddable":true,"href":"https:\/\/senoticias.com.br\/se\/wp-json\/wp\/v2\/media\/125842"}],"wp:attachment":[{"href":"https:\/\/senoticias.com.br\/se\/wp-json\/wp\/v2\/media?parent=125841"}],"wp:term":[{"taxonomy":"category","embeddable":true,"href":"https:\/\/senoticias.com.br\/se\/wp-json\/wp\/v2\/categories?post=125841"},{"taxonomy":"post_tag","embeddable":true,"href":"https:\/\/senoticias.com.br\/se\/wp-json\/wp\/v2\/tags?post=125841"}],"curies":[{"name":"wp","href":"https:\/\/api.w.org\/{rel}","templated":true}]}}