{"id":125832,"date":"2020-12-03T21:21:57","date_gmt":"2020-12-04T00:21:57","guid":{"rendered":"https:\/\/senoticias.com.br\/se\/?p=125832"},"modified":"2020-12-03T21:27:24","modified_gmt":"2020-12-04T00:27:24","slug":"governo-de-sergipe-diz-que-aulas-presenciais-da-rede-estadual-voltarao-em-marco-de-2021","status":"publish","type":"post","link":"https:\/\/senoticias.com.br\/se\/governo-de-sergipe-diz-que-aulas-presenciais-da-rede-estadual-voltarao-em-marco-de-2021\/","title":{"rendered":"Governo de Sergipe diz que aulas presenciais da rede estadual voltar\u00e3o em mar\u00e7o de 2021"},"content":{"rendered":"\n<p>O governador Belivaldo Chagas anunciou em coletiva de imprensa, nesta quinta-feira (03), novas defini\u00e7\u00f5es a respeito da flexibiliza\u00e7\u00e3o do retorno das atividades escolares do estado. Por meio de reuni\u00e3o realizada junto ao Comit\u00ea T\u00e9cnico-Cient\u00edfico e de Atividades Especiais (Ctcae), ficou decidido o in\u00edcio do ano letivo de toda a rede p\u00fablica estadual para o dia 22 de mar\u00e7o de 2021.<\/p>\n\n\n\n<figure class=\"wp-block-image size-large\"><img loading=\"lazy\" decoding=\"async\" width=\"600\" height=\"358\" src=\"https:\/\/senoticias.com.br\/se\/wp-content\/uploads\/2020\/10\/Retomada-das-Aulas-SE-Noticias.jpg\" alt=\"\" class=\"wp-image-125409\" srcset=\"https:\/\/senoticias.com.br\/se\/wp-content\/uploads\/2020\/10\/Retomada-das-Aulas-SE-Noticias.jpg 600w, https:\/\/senoticias.com.br\/se\/wp-content\/uploads\/2020\/10\/Retomada-das-Aulas-SE-Noticias-300x179.jpg 300w\" sizes=\"(max-width: 600px) 100vw, 600px\" \/><figcaption> Nas redes municipais e particulares, a decis\u00e3o ficar\u00e1 a crit\u00e9rio de cada munic\u00edpio.<\/figcaption><\/figure>\n\n\n\n<p>O comit\u00ea tamb\u00e9m autorizou o retorno das aulas na rede p\u00fablica municipal, cabendo aos munic\u00edpios definir calend\u00e1rios e condi\u00e7\u00f5es do retorno das atividades escolares. Em rela\u00e7\u00e3o \u00e0 rede particular, fica autorizada retomada total do Ensino M\u00e9dio a partir do dia 18 de janeiro de 2021, e em rela\u00e7\u00e3o \u00e0s turmas da Educa\u00e7\u00e3o Infantil e Ensino Fundamental, caber\u00e1 aos munic\u00edpios definirem programa\u00e7\u00e3o de retorno.<\/p>\n\n\n\n<p>Institui\u00e7\u00f5es de ensino superior tamb\u00e9m ficam autorizadas a retomar o funcionamento a partir de 18 de janeiro, cabendo a cada uma delas definir as condi\u00e7\u00f5es de retorno dos estudantes.<\/p>\n\n\n\n<p>\u201cQuanto \u00e0s aulas particulares e dos munic\u00edpios, cada munic\u00edpio vai se sentar com sua comunidade escolar e vai decidir seus calend\u00e1rios. Haver\u00e1 um protocolo, estabelecido pela SES, atrav\u00e9s do qual eles devem estabelecer seus protocolos conforme suas adapta\u00e7\u00f5es. Com rela\u00e7\u00e3o ao retorno as aulas estaduais, n\u00f3s j\u00e1 estamos divulgando um calend\u00e1rio em que estabelece que o retorno se dar\u00e1 para toda a rede a partir do dia 22 de mar\u00e7o, j\u00e1 que tivemos aulas online, tivemos aulas presencias, e temos que cumprir as 800 aulas\/ano\u201d, explicou Belivaldo.<\/p>\n\n\n\n<p>Sobre a rede estadual de ensino, o governador anunciou tamb\u00e9m que o per\u00edodo de matr\u00edcula vai acontecer entre os dias 1\u00ba e 15 de mar\u00e7o, seguido da semana de planejamento, entre os dias 16 e 20. Em decreto anterior, o governo j\u00e1 havia liberado a volta \u00e0s aulas das terceiras s\u00e9ries do Ensino M\u00e9dio e pr\u00e9-vestibulares, desde o m\u00eas de novembro.<\/p>\n\n\n\n<p><strong>Amplia\u00e7\u00e3o de leitos de UTI<\/strong><\/p>\n\n\n\n<p>Ainda na coletiva de imprensa, o governador tamb\u00e9m anunciou a amplia\u00e7\u00e3o de 20 leitos de Unidade de Terapia Intensiva (UTI) exclusivos para Covid-19: 10 no Hospital de Urg\u00eancias Jo\u00e3o Alves Filho e 10 no Hospital Cirurgia.<\/p>\n\n\n\n<p>\u201cCom esse aumento de pessoas internadas, a luz amarela acende e a gente tem que ter essa preocupa\u00e7\u00e3o. \u00c9 importante dizer que chegamos a ter, no auge da pandemia, 209 leitos, e hoje, n\u00f3s temos na rede 127 leitos ativos. Vamos ampliar agora em mais 20 para que fiquemos com 147. Ainda assim, n\u00e3o estamos com nem 60% de ocupa\u00e7\u00e3o\u201d, ressaltou Belivaldo.<\/p>\n\n\n\n<p>O governador tamb\u00e9m refor\u00e7ou a import\u00e2ncia da continuidade das fiscaliza\u00e7\u00f5es em todo o estado para combater o novo coronav\u00edrus.<\/p>\n\n\n\n<p>\u201cO que estamos fazendo \u00e9 aumentar a fiscaliza\u00e7\u00e3o sem precisar punir, mas estar presente nos mais diversos estabelecimentos comerciais para que a gente olhe de perto, se as pessoas est\u00e3o cumprindo os protocolos. Aumentar tamb\u00e9m a campanha que estamos fazendo o tempo todo para que cada um fa\u00e7a parte: lavar as m\u00e3os, usar a m\u00e1scara, e manter o distanciamento. N\u00f3s vamos continuar com as companhas educativas em r\u00e1dios, jornal, televis\u00e3o. A gente vai continuar apelando para que a sociedade colabore. O objetivo de aumentar a fiscaliza\u00e7\u00e3o \u00e9 de orientar, pedir, de implorar, e n\u00e3o de sair multando de forma aleat\u00f3ria\u201d, complementou o governador.<\/p>\n\n\n\n<p><em>Quer receber as principais not\u00edcias do&nbsp;<strong>SE Not\u00edcias<\/strong>&nbsp;no seu&nbsp;<strong>WhatsApp?<\/strong>&nbsp;<strong><a href=\"https:\/\/api.whatsapp.com\/send?phone=5579991715289\">Clique aqui<\/a><\/strong>.<\/em><\/p>\n\n\n\n<p><strong><em>Acompanhe tamb\u00e9m o SE Not\u00edcias no\u00a0<a rel=\"noreferrer noopener\" href=\"https:\/\/twitter.com\/Senoticias\" target=\"_blank\">Twitter<\/a>,\u00a0<a rel=\"noreferrer noopener\" href=\"https:\/\/www.facebook.com\/senoticias1\" target=\"_blank\">Facebook<\/a>\u00a0e no\u00a0<a rel=\"noreferrer noopener\" href=\"https:\/\/www.instagram.com\/senoticias\/\" target=\"_blank\">Instagram<\/a><\/em><\/strong><\/p>\n\n\n\n<p><em>Por Ag\u00eancia Sergipe de Not\u00edcias<\/em><\/p>\n","protected":false},"excerpt":{"rendered":"<p>O governador Belivaldo Chagas anunciou em coletiva de imprensa, nesta quinta-feira (03), novas defini\u00e7\u00f5es a respeito da flexibiliza\u00e7\u00e3o do retorno das atividades escolares do estado. Por meio de reuni\u00e3o realizada junto ao Comit\u00ea T\u00e9cnico-Cient\u00edfico e de Atividades Especiais (Ctcae), ficou decidido o in\u00edcio do ano letivo de toda a rede p\u00fablica estadual para o dia [&hellip;]<\/p>\n","protected":false},"author":6552,"featured_media":0,"comment_status":"closed","ping_status":"closed","sticky":false,"template":"","format":"standard","meta":{"footnotes":""},"categories":[15,6,1],"tags":[14123,14279,9463,14369,15804],"class_list":{"0":"post-125832","1":"post","2":"type-post","3":"status-publish","4":"format-standard","6":"category-destaques","7":"category-politica","8":"category-sem-categoria","9":"tag-coronavirus","10":"tag-covid19","11":"tag-governador-belivaldo-chagas","12":"tag-pandemia","13":"tag-retorno-das-aulas"},"_links":{"self":[{"href":"https:\/\/senoticias.com.br\/se\/wp-json\/wp\/v2\/posts\/125832"}],"collection":[{"href":"https:\/\/senoticias.com.br\/se\/wp-json\/wp\/v2\/posts"}],"about":[{"href":"https:\/\/senoticias.com.br\/se\/wp-json\/wp\/v2\/types\/post"}],"author":[{"embeddable":true,"href":"https:\/\/senoticias.com.br\/se\/wp-json\/wp\/v2\/users\/6552"}],"replies":[{"embeddable":true,"href":"https:\/\/senoticias.com.br\/se\/wp-json\/wp\/v2\/comments?post=125832"}],"version-history":[{"count":0,"href":"https:\/\/senoticias.com.br\/se\/wp-json\/wp\/v2\/posts\/125832\/revisions"}],"wp:attachment":[{"href":"https:\/\/senoticias.com.br\/se\/wp-json\/wp\/v2\/media?parent=125832"}],"wp:term":[{"taxonomy":"category","embeddable":true,"href":"https:\/\/senoticias.com.br\/se\/wp-json\/wp\/v2\/categories?post=125832"},{"taxonomy":"post_tag","embeddable":true,"href":"https:\/\/senoticias.com.br\/se\/wp-json\/wp\/v2\/tags?post=125832"}],"curies":[{"name":"wp","href":"https:\/\/api.w.org\/{rel}","templated":true}]}}