{"id":125823,"date":"2020-12-03T06:29:52","date_gmt":"2020-12-03T09:29:52","guid":{"rendered":"https:\/\/senoticias.com.br\/se\/?p=125823"},"modified":"2020-12-03T06:35:37","modified_gmt":"2020-12-03T09:35:37","slug":"governo-de-sergipe-abre-pss-para-contratacao-de-2-798-profissionais-de-nivel-medio-e-superior","status":"publish","type":"post","link":"https:\/\/senoticias.com.br\/se\/governo-de-sergipe-abre-pss-para-contratacao-de-2-798-profissionais-de-nivel-medio-e-superior\/","title":{"rendered":"Governo de Sergipe abre PSS para contrata\u00e7\u00e3o de 2.798 profissionais de n\u00edvel m\u00e9dio e superior"},"content":{"rendered":"\n<p>O Governo do Estado, atrav\u00e9s da Secretaria de Estado da Sa\u00fade (SES), <strong>abrir\u00e1 a partir desta quinta-feira, 3, at\u00e9 \u00e0s 23h59 do domingo, 13<\/strong>, inscri\u00e7\u00f5es para Processo Seletivo P\u00fablico Simplificado (<strong>PSS \u2013 01\/2020<\/strong>), voltado \u00e0 contrata\u00e7\u00e3o de profissionais de n\u00edvel m\u00e9dio, superior assistencial e superior m\u00e9dico. <strong>Ao total, ser\u00e3o dispon\u00edveis 2.798 vagas de v\u00e1rias especialidades da sa\u00fade<\/strong>.<\/p>\n\n\n\n<figure class=\"wp-block-image size-large\"><img loading=\"lazy\" decoding=\"async\" width=\"1024\" height=\"683\" src=\"https:\/\/senoticias.com.br\/se\/wp-content\/uploads\/2020\/01\/Processo-Seletivo-Sa\u00fade-SE-Noticias-1024x683.jpg\" alt=\"\" class=\"wp-image-121512\"\/><figcaption>Sa\u00fade Estadual abre PSS para contrata\u00e7\u00e3o de profissionais de n\u00edvel m\u00e9dio e superior<\/figcaption><\/figure>\n\n\n\n<p>Os interessados podem conferir tanto as categorias dispon\u00edveis, como a remunera\u00e7\u00e3o mensal, no anexo I do edital. J\u00e1 as inscri\u00e7\u00f5es devem ser realizadas via internet, atrav\u00e9s do site no endere\u00e7o eletr\u00f4nico <a href=\"https:\/\/www.saude.se.gov.br\/saude-estadual-abre-pss-para-contratacao-de-profissionais-de-nivel-medio-e-superior\/\"><strong>www.saude.se.gov.b<\/strong>r<\/a>, na se\u00e7\u00e3o PSS Profissionais de Sa\u00fade.<\/p>\n\n\n\n<p>O candidato a vaga deve preencher a ficha de inscri\u00e7\u00e3o e anexar todos os documentos listados no edital, conforme o cargo (n\u00edvel m\u00e9dio ou n\u00edvel superior). Al\u00e9m da avalia\u00e7\u00e3o curricular de t\u00edtulos, tamb\u00e9m ser\u00e1 pontuada a experi\u00eancia profissional. Uma vez inclu\u00eddos os documentos, o candidato n\u00e3o poder\u00e1 editar, alterar ou incluir novo documento.<\/p>\n\n\n\n<p>O PSS tem o objetivo atender \u00e0 necessidade de manuten\u00e7\u00e3o de servi\u00e7os assistenciais e administrativos nas unidades da Secretaria Estadual de Sa\u00fade, no Complexo Regulat\u00f3rio e unidades m\u00f3veis de atendimento pr\u00e9-hospitalar do Servi\u00e7o de Atendimento M\u00f3vel de Urg\u00eancia (<strong>SAMU 192<\/strong>). <strong>A contrata\u00e7\u00e3o dos profissionais tem prazo de um ano, podendo ser prorrogado por mais um.<\/strong><\/p>\n\n\n\n<p><em>Quer receber as principais not\u00edcias do&nbsp;<strong>SE Not\u00edcias<\/strong>&nbsp;no seu&nbsp;<strong>WhatsApp?<\/strong>&nbsp;<strong><a href=\"https:\/\/api.whatsapp.com\/send?phone=5579991715289\">Clique aqui<\/a><\/strong>.<\/em><\/p>\n\n\n\n<p><strong><em>Acompanhe tamb\u00e9m o SE Not\u00edcias no\u00a0<a rel=\"noreferrer noopener\" href=\"https:\/\/twitter.com\/Senoticias\" target=\"_blank\">Twitter<\/a>,\u00a0<a rel=\"noreferrer noopener\" href=\"https:\/\/www.facebook.com\/senoticias1\" target=\"_blank\">Facebook<\/a>\u00a0e no\u00a0<a rel=\"noreferrer noopener\" href=\"https:\/\/www.instagram.com\/senoticias\/\" target=\"_blank\">Instagram<\/a><\/em><\/strong><\/p>\n\n\n\n<p><em>Mat\u00e9ria extra\u00edda do site da Secretaria de Estado da Sa\u00fade<\/em><\/p>\n","protected":false},"excerpt":{"rendered":"<p>O Governo do Estado, atrav\u00e9s da Secretaria de Estado da Sa\u00fade (SES), abrir\u00e1 a partir desta quinta-feira, 3, at\u00e9 \u00e0s 23h59 do domingo, 13, inscri\u00e7\u00f5es para Processo Seletivo P\u00fablico Simplificado (PSS \u2013 01\/2020), voltado \u00e0 contrata\u00e7\u00e3o de profissionais de n\u00edvel m\u00e9dio, superior assistencial e superior m\u00e9dico. Ao total, ser\u00e3o dispon\u00edveis 2.798 vagas de v\u00e1rias especialidades [&hellip;]<\/p>\n","protected":false},"author":6552,"featured_media":0,"comment_status":"closed","ping_status":"closed","sticky":false,"template":"","format":"standard","meta":{"footnotes":""},"categories":[15,6],"tags":[448,3005,9329,15952],"class_list":{"0":"post-125823","1":"post","2":"type-post","3":"status-publish","4":"format-standard","6":"category-destaques","7":"category-politica","8":"tag-governo-de-sergipe","9":"tag-processo-seletivo","10":"tag-pss","11":"tag-pss-profissionais-de-saude"},"_links":{"self":[{"href":"https:\/\/senoticias.com.br\/se\/wp-json\/wp\/v2\/posts\/125823"}],"collection":[{"href":"https:\/\/senoticias.com.br\/se\/wp-json\/wp\/v2\/posts"}],"about":[{"href":"https:\/\/senoticias.com.br\/se\/wp-json\/wp\/v2\/types\/post"}],"author":[{"embeddable":true,"href":"https:\/\/senoticias.com.br\/se\/wp-json\/wp\/v2\/users\/6552"}],"replies":[{"embeddable":true,"href":"https:\/\/senoticias.com.br\/se\/wp-json\/wp\/v2\/comments?post=125823"}],"version-history":[{"count":0,"href":"https:\/\/senoticias.com.br\/se\/wp-json\/wp\/v2\/posts\/125823\/revisions"}],"wp:attachment":[{"href":"https:\/\/senoticias.com.br\/se\/wp-json\/wp\/v2\/media?parent=125823"}],"wp:term":[{"taxonomy":"category","embeddable":true,"href":"https:\/\/senoticias.com.br\/se\/wp-json\/wp\/v2\/categories?post=125823"},{"taxonomy":"post_tag","embeddable":true,"href":"https:\/\/senoticias.com.br\/se\/wp-json\/wp\/v2\/tags?post=125823"}],"curies":[{"name":"wp","href":"https:\/\/api.w.org\/{rel}","templated":true}]}}