{"id":125799,"date":"2020-12-01T18:09:12","date_gmt":"2020-12-01T21:09:12","guid":{"rendered":"https:\/\/senoticias.com.br\/se\/?p=125799"},"modified":"2020-12-01T20:45:12","modified_gmt":"2020-12-01T23:45:12","slug":"deputado-denuncia-novos-ataques-a-previdencia-estadual-e-cobra-dialogo-com-servidores","status":"publish","type":"post","link":"https:\/\/senoticias.com.br\/se\/deputado-denuncia-novos-ataques-a-previdencia-estadual-e-cobra-dialogo-com-servidores\/","title":{"rendered":"Deputado denuncia novos ataques \u00e0 Previd\u00eancia estadual e cobra di\u00e1logo com servidores"},"content":{"rendered":"\n<p>Na Sess\u00e3o Mista da Assembleia Legislativa de Sergipe (Alese), desta ter\u00e7a-feira, 1\u00ba de dezembro, o deputado estadual Iran Barbosa, do PT, apelou para que o Projeto de Lei Complementar N\u00ba 06\/2020, que altera as regras previdenci\u00e1rias do Regime Pr\u00f3prio de Previd\u00eancia Social do Estado de Sergipe (RPPS-SE), de autoria do Poder Executivo, seja discutido com os servidores e com as suas representa\u00e7\u00f5es sindicais. A mat\u00e9ria est\u00e1 prevista para ir \u00e0 vota\u00e7\u00e3o na pr\u00f3xima quinta-feira, 3.<\/p>\n\n\n\n<figure class=\"wp-block-image size-large\"><img loading=\"lazy\" decoding=\"async\" width=\"599\" height=\"358\" src=\"https:\/\/senoticias.com.br\/se\/wp-content\/uploads\/2020\/12\/iran-barbosa-senoticias-e1606856684404.jpg\" alt=\"\" class=\"wp-image-125800\"\/><figcaption>Deputado Estadual Iran Barbosa (foto: Ag\u00eancia Alese)<\/figcaption><\/figure>\n\n\n\n<p>Iran pontuou que a proposta \u00e9 complexa, que precisa ser melhor elucidada e debatida com aqueles que, de fato, ser\u00e3o os principais afetados pela medida: os servidores p\u00fablicos do Estado.<\/p>\n\n\n\n<p>\u201cMais uma vez, esta Casa volta a tratar das quest\u00f5es previdenci\u00e1rias sem o tempo necess\u00e1rio para o aprofundamento da discuss\u00e3o da mat\u00e9ria, que deve envolver, principalmente, aqueles que t\u00eam interesse direto no assunto: os servidores\u201d, afirmou.<\/p>\n\n\n\n<p>\u201cApelo \u00e0 Mesa Diretora para que seja aberto o processo de di\u00e1logo com os representantes dos servidores p\u00fablicos para tratar desse projeto, antes da vota\u00e7\u00e3o, objetivando debater melhor o assunto e impedir mais retrocessos e preju\u00edzos para os servidores\u201d, manifestou Iran, acrescentando que o Sintese, por exemplo, j\u00e1 distribuiu documento aos parlamentares com a an\u00e1lise sobre o Projeto de Lei Complementar.<\/p>\n\n\n\n<p><strong>Sobre o projeto<\/strong><\/p>\n\n\n\n<p>Ao denunciar os perigos do projeto, o parlamentar alertou para duas quest\u00f5es graves.<\/p>\n\n\n\n<p>\u201cDa forma que est\u00e1 previsto o Projeto de Lei, estaremos avan\u00e7ando contra o que restou, minimamente, de garantia de paridade e de integralidade para o pagamento dos proventos dos servidores p\u00fablicos estaduais\u201d, apontou.<\/p>\n\n\n\n<p>\u201cO Projeto tamb\u00e9m eleva, em dobro, o valor anual da taxa de administra\u00e7\u00e3o do Sergipe Previd\u00eancia, isto \u00e9, h\u00e1 a previs\u00e3o de aumento dessa taxa de 1% para 2% do valor total das remunera\u00e7\u00f5es, proventos e pens\u00f5es dos segurados vinculados. Isso coloca em cima dos contribuintes o aumento da despesa com a burocracia do Sergipe Previd\u00eancia \u201d, alertou Iran.<\/p>\n\n\n\n<p><em>Quer receber as principais not\u00edcias do&nbsp;<strong>SE Not\u00edcias<\/strong>&nbsp;no seu&nbsp;<strong>WhatsApp?<\/strong>&nbsp;<strong><a href=\"https:\/\/api.whatsapp.com\/send?phone=5579991715289\">Clique aqui<\/a><\/strong>.<\/em><\/p>\n\n\n\n<p><strong><em>Acompanhe tamb\u00e9m o SE Not\u00edcias no&nbsp;<a rel=\"noreferrer noopener\" href=\"https:\/\/twitter.com\/Senoticias\" target=\"_blank\">Twitter<\/a>,&nbsp;<a rel=\"noreferrer noopener\" href=\"https:\/\/www.facebook.com\/senoticias1\" target=\"_blank\">Facebook<\/a>&nbsp;e no&nbsp;<a rel=\"noreferrer noopener\" href=\"https:\/\/www.instagram.com\/senoticias\/\" target=\"_blank\">Instagram<\/a><\/em><\/strong><\/p>\n\n\n\n<p><em>Da Assessoria de Imprensa e Comunica\u00e7\u00e3o<\/em><\/p>\n","protected":false},"excerpt":{"rendered":"<p>Na Sess\u00e3o Mista da Assembleia Legislativa de Sergipe (Alese), desta ter\u00e7a-feira, 1\u00ba de dezembro, o deputado estadual Iran Barbosa, do PT, apelou para que o Projeto de Lei Complementar N\u00ba 06\/2020, que altera as regras previdenci\u00e1rias do Regime Pr\u00f3prio de Previd\u00eancia Social do Estado de Sergipe (RPPS-SE), de autoria do Poder Executivo, seja discutido com [&hellip;]<\/p>\n","protected":false},"author":6557,"featured_media":125800,"comment_status":"closed","ping_status":"closed","sticky":false,"template":"","format":"standard","meta":{"footnotes":""},"categories":[15,6],"tags":[2830,4209,4677],"class_list":{"0":"post-125799","1":"post","2":"type-post","3":"status-publish","4":"format-standard","5":"has-post-thumbnail","7":"category-destaques","8":"category-politica","9":"tag-alese","10":"tag-iran-barbosa","11":"tag-pt"},"_links":{"self":[{"href":"https:\/\/senoticias.com.br\/se\/wp-json\/wp\/v2\/posts\/125799"}],"collection":[{"href":"https:\/\/senoticias.com.br\/se\/wp-json\/wp\/v2\/posts"}],"about":[{"href":"https:\/\/senoticias.com.br\/se\/wp-json\/wp\/v2\/types\/post"}],"author":[{"embeddable":true,"href":"https:\/\/senoticias.com.br\/se\/wp-json\/wp\/v2\/users\/6557"}],"replies":[{"embeddable":true,"href":"https:\/\/senoticias.com.br\/se\/wp-json\/wp\/v2\/comments?post=125799"}],"version-history":[{"count":0,"href":"https:\/\/senoticias.com.br\/se\/wp-json\/wp\/v2\/posts\/125799\/revisions"}],"wp:featuredmedia":[{"embeddable":true,"href":"https:\/\/senoticias.com.br\/se\/wp-json\/wp\/v2\/media\/125800"}],"wp:attachment":[{"href":"https:\/\/senoticias.com.br\/se\/wp-json\/wp\/v2\/media?parent=125799"}],"wp:term":[{"taxonomy":"category","embeddable":true,"href":"https:\/\/senoticias.com.br\/se\/wp-json\/wp\/v2\/categories?post=125799"},{"taxonomy":"post_tag","embeddable":true,"href":"https:\/\/senoticias.com.br\/se\/wp-json\/wp\/v2\/tags?post=125799"}],"curies":[{"name":"wp","href":"https:\/\/api.w.org\/{rel}","templated":true}]}}