{"id":125794,"date":"2020-12-01T14:59:18","date_gmt":"2020-12-01T17:59:18","guid":{"rendered":"https:\/\/senoticias.com.br\/se\/?p=125794"},"modified":"2020-12-01T15:13:48","modified_gmt":"2020-12-01T18:13:48","slug":"concurso-da-policia-civil-governo-encaminha-projeto-basico-para-possiveis-bancas-organizadoras","status":"publish","type":"post","link":"https:\/\/senoticias.com.br\/se\/concurso-da-policia-civil-governo-encaminha-projeto-basico-para-possiveis-bancas-organizadoras\/","title":{"rendered":"Concurso da Pol\u00edcia Civil: Governo encaminha projeto b\u00e1sico para poss\u00edveis bancas organizadoras"},"content":{"rendered":"\n<p>O Governo do Estado iniciou mais uma etapa dos procedimentos de formula\u00e7\u00e3o do concurso p\u00fablico para a Pol\u00edcia Civil de Sergipe. A Secretaria de Estado da Administra\u00e7\u00e3o (Sead) encaminhou o projeto b\u00e1sico do certame \u00e0s poss\u00edveis organizadoras do concurso, que prev\u00ea a sele\u00e7\u00e3o de 50 agentes de pol\u00edcia judici\u00e1ria e de 10 escriv\u00e3es de pol\u00edcia. O certame foi apresentado no dia 20 de agosto e a previs\u00e3o \u00e9 que a banca organizadora seja definida at\u00e9 o final deste ano.<\/p>\n\n\n\n<figure class=\"wp-block-image size-large\"><img loading=\"lazy\" decoding=\"async\" width=\"1024\" height=\"683\" src=\"https:\/\/senoticias.com.br\/se\/wp-content\/uploads\/2020\/12\/Concurso-da-Policia-Civil-SE-Noticias-1024x683.jpg\" alt=\"\" class=\"wp-image-125795\"\/><figcaption>A expectativa \u00e9 que at\u00e9 o final do ano seja definida a entidade organizadora do concurso (foto: <em>\u00a0Freepik)<\/em><\/figcaption><\/figure>\n\n\n\n<p>O chefe de gabinete da Secretaria da Seguran\u00e7a P\u00fablica (SSP\/SE) e membro da comiss\u00e3o organizadora do concurso p\u00fablico, Evandro Machado, explicou que o documento encaminhado \u00e0s entidades organizadoras de certames traz as orienta\u00e7\u00f5es sobre como deve ser formulada a sele\u00e7\u00e3o dos cargos da Pol\u00edcia Civil de Sergipe. \u201cA Sead j\u00e1 encaminhou para as poss\u00edveis organizadoras o projeto b\u00e1sico do concurso, que d\u00e1 a diretriz de como ser\u00e1 realizado o certame, quais as fases e a forma de arrecada\u00e7\u00e3o. As organizadoras avaliam e encaminham para a Sead\u201d, detalhou.<\/p>\n\n\n\n<p>Ele destacou que algumas bancas j\u00e1 foram contatadas e j\u00e1 receberam o projeto b\u00e1sico do concurso. Em seguida, ap\u00f3s a avalia\u00e7\u00e3o das poss\u00edveis organizadoras, a banca ser\u00e1 selecionada. \u201cJ\u00e1 foram convidadas a Funda\u00e7\u00e3o Carlos Chagas, Cebraspe, o IBFC, cuja nomenclatura hoje \u00e9 Ibad, e Funda\u00e7\u00e3o Get\u00falio Vargas. N\u00f3s acreditamos que nos pr\u00f3ximos dez dias tenhamos as respostas, e que, at\u00e9 o final do ano, tamb\u00e9m tenhamos a defini\u00e7\u00e3o da organizadora do concurso\u201d, pontuou.<\/p>\n\n\n\n<p><em>Quer receber as principais not\u00edcias do&nbsp;<strong>SE Not\u00edcias<\/strong>&nbsp;no seu&nbsp;<strong>WhatsApp?<\/strong>&nbsp;<strong><a href=\"https:\/\/api.whatsapp.com\/send?phone=5579991715289\">Clique aqui<\/a><\/strong>.<\/em><\/p>\n\n\n\n<p><strong><em>Acompanhe tamb\u00e9m o SE Not\u00edcias no\u00a0<a rel=\"noreferrer noopener\" href=\"https:\/\/twitter.com\/Senoticias\" target=\"_blank\">Twitter<\/a>,\u00a0<a rel=\"noreferrer noopener\" href=\"https:\/\/www.facebook.com\/senoticias1\" target=\"_blank\">Facebook<\/a>\u00a0e no\u00a0<a rel=\"noreferrer noopener\" href=\"https:\/\/www.instagram.com\/senoticias\/\" target=\"_blank\">Instagram<\/a><\/em><\/strong><\/p>\n\n\n\n<p><em>Informa\u00e7\u00f5es da SSP\/SE<\/em><\/p>\n","protected":false},"excerpt":{"rendered":"<p>O Governo do Estado iniciou mais uma etapa dos procedimentos de formula\u00e7\u00e3o do concurso p\u00fablico para a Pol\u00edcia Civil de Sergipe. A Secretaria de Estado da Administra\u00e7\u00e3o (Sead) encaminhou o projeto b\u00e1sico do certame \u00e0s poss\u00edveis organizadoras do concurso, que prev\u00ea a sele\u00e7\u00e3o de 50 agentes de pol\u00edcia judici\u00e1ria e de 10 escriv\u00e3es de pol\u00edcia. [&hellip;]<\/p>\n","protected":false},"author":6557,"featured_media":125795,"comment_status":"closed","ping_status":"closed","sticky":false,"template":"","format":"standard","meta":{"footnotes":""},"categories":[15,7],"tags":[15939,448,8327],"class_list":{"0":"post-125794","1":"post","2":"type-post","3":"status-publish","4":"format-standard","5":"has-post-thumbnail","7":"category-destaques","8":"category-policia","9":"tag-concurso-da-policia-civil","10":"tag-governo-de-sergipe","11":"tag-secretaria-da-seguranca-publica"},"_links":{"self":[{"href":"https:\/\/senoticias.com.br\/se\/wp-json\/wp\/v2\/posts\/125794"}],"collection":[{"href":"https:\/\/senoticias.com.br\/se\/wp-json\/wp\/v2\/posts"}],"about":[{"href":"https:\/\/senoticias.com.br\/se\/wp-json\/wp\/v2\/types\/post"}],"author":[{"embeddable":true,"href":"https:\/\/senoticias.com.br\/se\/wp-json\/wp\/v2\/users\/6557"}],"replies":[{"embeddable":true,"href":"https:\/\/senoticias.com.br\/se\/wp-json\/wp\/v2\/comments?post=125794"}],"version-history":[{"count":0,"href":"https:\/\/senoticias.com.br\/se\/wp-json\/wp\/v2\/posts\/125794\/revisions"}],"wp:featuredmedia":[{"embeddable":true,"href":"https:\/\/senoticias.com.br\/se\/wp-json\/wp\/v2\/media\/125795"}],"wp:attachment":[{"href":"https:\/\/senoticias.com.br\/se\/wp-json\/wp\/v2\/media?parent=125794"}],"wp:term":[{"taxonomy":"category","embeddable":true,"href":"https:\/\/senoticias.com.br\/se\/wp-json\/wp\/v2\/categories?post=125794"},{"taxonomy":"post_tag","embeddable":true,"href":"https:\/\/senoticias.com.br\/se\/wp-json\/wp\/v2\/tags?post=125794"}],"curies":[{"name":"wp","href":"https:\/\/api.w.org\/{rel}","templated":true}]}}