{"id":125732,"date":"2020-11-26T21:57:44","date_gmt":"2020-11-27T00:57:44","guid":{"rendered":"https:\/\/senoticias.com.br\/se\/?p=125732"},"modified":"2020-11-26T21:57:54","modified_gmt":"2020-11-27T00:57:54","slug":"ibope-edvaldo-lidera-intencoes-de-voto-para-o-2o-turno-em-aracaju","status":"publish","type":"post","link":"https:\/\/senoticias.com.br\/se\/ibope-edvaldo-lidera-intencoes-de-voto-para-o-2o-turno-em-aracaju\/","title":{"rendered":"Ibope: Edvaldo lidera inten\u00e7\u00f5es de voto para o 2\u00ba turno em Aracaju"},"content":{"rendered":"\n<p>O Instituto Ibope divulgou na noite desta quinta-feira, 26, a segunda pesquisa de inten\u00e7\u00f5es de votos para o segundo turno das elei\u00e7\u00f5es municipais em Aracaju. A pesquisa foi encomendada pela TV Sergipe.<\/p>\n\n\n\n<figure class=\"wp-block-image size-large\"><img loading=\"lazy\" decoding=\"async\" width=\"599\" height=\"300\" src=\"https:\/\/senoticias.com.br\/se\/wp-content\/uploads\/2020\/11\/edvaldo-e-daniele-senoticias-e1605532243903.png\" alt=\"\" class=\"wp-image-125587\"\/><figcaption>Edvaldo Nogueira e Danielle Garcia est\u00e3o no segundo turno\n\n\n\n\n\n\n<\/figcaption><\/figure>\n\n\n\n<p>Foram ouvidos 504 eleitores de Aracaju entre os dias 24 e 26 de novembro de 2020. A margem de erro \u00e9 de 4% para mais ou para menos. O n\u00edvel de confian\u00e7a \u00e9 de 95%.<\/p>\n\n\n\n<p>Votos v\u00e1lidos<br>A pesquisa feita com base nos votos v\u00e1lidos, quando se excluem brancos, nulos e indecisos, apresentou o seguinte resultado:<\/p>\n\n\n\n<p>\u2013 Edvaldo (PDT): 62%<br>\u2013 Delegada Danielle (Cidadania): 38%<\/p>\n\n\n\n<p>Votos totais<\/p>\n\n\n\n<p>Edvaldo (PDT): 53%<br>Delegada Danielle (Cidadania): 32%<br>Branco\/Nulo: 13%<br>N\u00e3o sabem ou n\u00e3o responderam: 3%<\/p>\n\n\n\n<p>A pesquisa est\u00e1 registrada no Tribunal Regional Eleitoral de Sergipe (TRE\/SE) sob o n\u00famero SE\u201005996\/2020.<\/p>\n\n\n\n<p>Quer receber as principais not\u00edcias do&nbsp;<strong>SE Not\u00edcias<\/strong>&nbsp;no seu&nbsp;<strong>WhatsApp?<\/strong>&nbsp;<strong><a href=\"https:\/\/api.whatsapp.com\/send?phone=5579991715289\">Clique aqui<\/a><\/strong>.<\/p>\n\n\n\n<p><strong><em>Acompanhe tamb\u00e9m o SE Not\u00edcias no&nbsp;<a rel=\"noreferrer noopener\" href=\"https:\/\/twitter.com\/Senoticias\" target=\"_blank\">Twitter<\/a>,&nbsp;<a rel=\"noreferrer noopener\" href=\"https:\/\/www.facebook.com\/senoticias1\" target=\"_blank\">Facebook<\/a>&nbsp;e no&nbsp;<a rel=\"noreferrer noopener\" href=\"https:\/\/www.instagram.com\/senoticias\/\" target=\"_blank\">Instagram<\/a><\/em><\/strong><\/p>\n","protected":false},"excerpt":{"rendered":"<p>O Instituto Ibope divulgou na noite desta quinta-feira, 26, a segunda pesquisa de inten\u00e7\u00f5es de votos para o segundo turno das elei\u00e7\u00f5es municipais em Aracaju. A pesquisa foi encomendada pela TV Sergipe. Foram ouvidos 504 eleitores de Aracaju entre os dias 24 e 26 de novembro de 2020. A margem de erro \u00e9 de 4% [&hellip;]<\/p>\n","protected":false},"author":6557,"featured_media":0,"comment_status":"closed","ping_status":"closed","sticky":false,"template":"","format":"standard","meta":{"footnotes":""},"categories":[15,6],"tags":[13633,698,8507,15897],"class_list":{"0":"post-125732","1":"post","2":"type-post","3":"status-publish","4":"format-standard","6":"category-destaques","7":"category-politica","8":"tag-danielle-garcia","9":"tag-edvaldo-nogueira","10":"tag-eleicoes-2020","11":"tag-segundo-turno-aracaju"},"_links":{"self":[{"href":"https:\/\/senoticias.com.br\/se\/wp-json\/wp\/v2\/posts\/125732"}],"collection":[{"href":"https:\/\/senoticias.com.br\/se\/wp-json\/wp\/v2\/posts"}],"about":[{"href":"https:\/\/senoticias.com.br\/se\/wp-json\/wp\/v2\/types\/post"}],"author":[{"embeddable":true,"href":"https:\/\/senoticias.com.br\/se\/wp-json\/wp\/v2\/users\/6557"}],"replies":[{"embeddable":true,"href":"https:\/\/senoticias.com.br\/se\/wp-json\/wp\/v2\/comments?post=125732"}],"version-history":[{"count":0,"href":"https:\/\/senoticias.com.br\/se\/wp-json\/wp\/v2\/posts\/125732\/revisions"}],"wp:attachment":[{"href":"https:\/\/senoticias.com.br\/se\/wp-json\/wp\/v2\/media?parent=125732"}],"wp:term":[{"taxonomy":"category","embeddable":true,"href":"https:\/\/senoticias.com.br\/se\/wp-json\/wp\/v2\/categories?post=125732"},{"taxonomy":"post_tag","embeddable":true,"href":"https:\/\/senoticias.com.br\/se\/wp-json\/wp\/v2\/tags?post=125732"}],"curies":[{"name":"wp","href":"https:\/\/api.w.org\/{rel}","templated":true}]}}