{"id":125651,"date":"2020-11-22T07:31:20","date_gmt":"2020-11-22T10:31:20","guid":{"rendered":"https:\/\/senoticias.com.br\/se\/?p=125651"},"modified":"2020-11-22T07:31:46","modified_gmt":"2020-11-22T10:31:46","slug":"sergipe-tem-mais-de-87-mil-casos-da-covid-19-e-soma-2-274-mortes-pela-doenca","status":"publish","type":"post","link":"https:\/\/senoticias.com.br\/se\/sergipe-tem-mais-de-87-mil-casos-da-covid-19-e-soma-2-274-mortes-pela-doenca\/","title":{"rendered":"Sergipe tem mais de 87 mil casos da Covid-19 e soma 2.274 mortes pela doen\u00e7a"},"content":{"rendered":"\n<p>Sergipe registrou 242 novos casos da Covid-19 de acordo com o boletim epidemiol\u00f3gico da Secretaria de Estado da Sa\u00fade (SES) deste s\u00e1bado (20). Nenhum \u00f3bito foi registrado.<\/p>\n\n\n\n<figure class=\"wp-block-image size-large\"><img decoding=\"async\" src=\"https:\/\/senoticias.com.br\/se\/wp-content\/uploads\/2020\/11\/COVID19-SE-NOTICIAS.jpg\" alt=\"\" class=\"wp-image-125652\"\/><figcaption>Dados s\u00e3o da Secretaria de Estado da Sa\u00fade (foto: SES)<\/figcaption><\/figure>\n\n\n\n<p>Em Sergipe, 87.089 pessoas j\u00e1 testaram positivo para a Covid-19 e 2.274 morreram. At\u00e9 o momento, 81.794 pacientes foram curados.<\/p>\n\n\n\n<p>Foram realizados 203.231 exames e 116.142 foram negativados. Est\u00e3o internados 158 pacientes, sendo 64 em leitos de UTI (48 na rede p\u00fablica, sendo 48 adultas e 0 pedi\u00e1tricas; e 16 na rede privada, sendo 15 adultas e 1 pedi\u00e1tricas) e 94 em leitos cl\u00ednicos (68 na rede p\u00fablica e 26 na rede privada). S\u00e3o investigados mais tr\u00eas \u00f3bitos. Ainda aguardam resultado 689 exames coletados.<\/p>\n\n\n\n<p>A Taxa de Letalidade \u00e9 de 2,6%, a de Mortalidade 98,9 por 100 mil habitantes e a de Incid\u00eancia 3.788,6 por 100 mil habitantes.<\/p>\n\n\n\n<p>Quer receber as principais not\u00edcias do\u00a0<strong>SE Not\u00edcias<\/strong>\u00a0no seu\u00a0<strong>WhatsApp?<\/strong>\u00a0<strong><a href=\"https:\/\/api.whatsapp.com\/send?phone=5579991715289\">Clique aqui<\/a><\/strong>.<\/p>\n\n\n\n<p><strong><em>Acompanhe tamb\u00e9m o SE Not\u00edcias no\u00a0<a rel=\"noreferrer noopener\" href=\"https:\/\/twitter.com\/Senoticias\" target=\"_blank\">Twitter<\/a>,\u00a0<a rel=\"noreferrer noopener\" href=\"https:\/\/www.facebook.com\/senoticias1\" target=\"_blank\">Facebook<\/a>\u00a0e no\u00a0<a rel=\"noreferrer noopener\" href=\"https:\/\/www.instagram.com\/senoticias\/\" target=\"_blank\">Instagram<\/a><\/em><\/strong><\/p>\n","protected":false},"excerpt":{"rendered":"<p>Sergipe registrou 242 novos casos da Covid-19 de acordo com o boletim epidemiol\u00f3gico da Secretaria de Estado da Sa\u00fade (SES) deste s\u00e1bado (20). Nenhum \u00f3bito foi registrado. Em Sergipe, 87.089 pessoas j\u00e1 testaram positivo para a Covid-19 e 2.274 morreram. At\u00e9 o momento, 81.794 pacientes foram curados. Foram realizados 203.231 exames e 116.142 foram negativados. [&hellip;]<\/p>\n","protected":false},"author":6552,"featured_media":125652,"comment_status":"closed","ping_status":"closed","sticky":false,"template":"","format":"standard","meta":{"footnotes":""},"categories":[15,6],"tags":[14123,14279,448,14369,6385],"class_list":{"0":"post-125651","1":"post","2":"type-post","3":"status-publish","4":"format-standard","5":"has-post-thumbnail","7":"category-destaques","8":"category-politica","9":"tag-coronavirus","10":"tag-covid19","11":"tag-governo-de-sergipe","12":"tag-pandemia","13":"tag-secretaria-de-estado-da-saude"},"_links":{"self":[{"href":"https:\/\/senoticias.com.br\/se\/wp-json\/wp\/v2\/posts\/125651"}],"collection":[{"href":"https:\/\/senoticias.com.br\/se\/wp-json\/wp\/v2\/posts"}],"about":[{"href":"https:\/\/senoticias.com.br\/se\/wp-json\/wp\/v2\/types\/post"}],"author":[{"embeddable":true,"href":"https:\/\/senoticias.com.br\/se\/wp-json\/wp\/v2\/users\/6552"}],"replies":[{"embeddable":true,"href":"https:\/\/senoticias.com.br\/se\/wp-json\/wp\/v2\/comments?post=125651"}],"version-history":[{"count":0,"href":"https:\/\/senoticias.com.br\/se\/wp-json\/wp\/v2\/posts\/125651\/revisions"}],"wp:featuredmedia":[{"embeddable":true,"href":"https:\/\/senoticias.com.br\/se\/wp-json\/wp\/v2\/media\/125652"}],"wp:attachment":[{"href":"https:\/\/senoticias.com.br\/se\/wp-json\/wp\/v2\/media?parent=125651"}],"wp:term":[{"taxonomy":"category","embeddable":true,"href":"https:\/\/senoticias.com.br\/se\/wp-json\/wp\/v2\/categories?post=125651"},{"taxonomy":"post_tag","embeddable":true,"href":"https:\/\/senoticias.com.br\/se\/wp-json\/wp\/v2\/tags?post=125651"}],"curies":[{"name":"wp","href":"https:\/\/api.w.org\/{rel}","templated":true}]}}