{"id":125649,"date":"2020-11-21T19:22:38","date_gmt":"2020-11-21T22:22:38","guid":{"rendered":"https:\/\/senoticias.com.br\/se\/?p=125649"},"modified":"2020-11-21T19:25:12","modified_gmt":"2020-11-21T22:25:12","slug":"ex-governador-joao-alves-testa-positivo-para-covid-19-e-muda-de-uti-em-brasilia","status":"publish","type":"post","link":"https:\/\/senoticias.com.br\/se\/ex-governador-joao-alves-testa-positivo-para-covid-19-e-muda-de-uti-em-brasilia\/","title":{"rendered":"Ex-governador Jo\u00e3o Alves testa positivo para Covid-19 e muda de UTI em Bras\u00edlia"},"content":{"rendered":"\n<p>Neste s\u00e1bado (21), a assessoria de comunica\u00e7\u00e3o da senadora Maria do Carmo Alves (DEM) informou que o ex-governador de Sergipe e ex-ministro do Interior, Jo\u00e3o Alves Filho, testou positivo para Covid-19 e foi transferido de UTI.<\/p>\n\n\n\n<figure class=\"wp-block-image size-large\"><img loading=\"lazy\" decoding=\"async\" width=\"1024\" height=\"1024\" src=\"https:\/\/senoticias.com.br\/se\/wp-content\/uploads\/2020\/11\/Joao-Alves-Filho-SE-Noticias-1-1024x1024.jpg\" alt=\"\" class=\"wp-image-125650\"\/><figcaption>Ex-governador de Sergipe, Jo\u00e3o Alves Filho testa positivo para Covid-19 (foto: arquivo\/fam\u00edlia)<\/figcaption><\/figure>\n\n\n\n<p>De acordo com a nota, o estado de sa\u00fade dele \u00e9 grave e est\u00e1 em uma unidade isolada para Covid, do Hospital S\u00edrio Liban\u00eas, em Bras\u00edlia (DF). Por causa disso, as visitas est\u00e3o suspensas.<\/p>\n\n\n\n<p>A senadora, que \u00e9 casada com Jo\u00e3o Alves, e os filhos, que tiveram contato com ele, antes do resultado do exame, est\u00e3o em isolamento e far\u00e3o testagem na pr\u00f3xima ter\u00e7a-feira (24).<\/p>\n\n\n\n<p>\u201cA hip\u00f3tese aceita \u00e9 que Jo\u00e3o Alves Filho j\u00e1 tenha dado entrada no hospital com os sintomas da doen\u00e7a, embora a interna\u00e7\u00e3o tenha sido motivada por uma parada card\u00edaca, sofrida na quarta-feira (18), no apartamento do casal. O ex-governador foi testado para Covid em fun\u00e7\u00e3o da infec\u00e7\u00e3o pulmonar que apresentou no momento da interna\u00e7\u00e3o e que se mostrou resistente \u00e0 medica\u00e7\u00e3o prescrita. A fam\u00edlia agradece as homenagens e ora\u00e7\u00f5es recebidas e permanece em ora\u00e7\u00e3o\u201d, diz a nota.<\/p>\n\n\n\n<p><\/p>\n\n\n\n<p>Quer receber as principais not\u00edcias do\u00a0<strong>SE Not\u00edcias<\/strong>\u00a0no seu\u00a0<strong>WhatsApp?<\/strong>\u00a0<strong><a href=\"https:\/\/api.whatsapp.com\/send?phone=5579991715289\">Clique aqui<\/a><\/strong>.<\/p>\n\n\n\n<p><strong><em>Acompanhe tamb\u00e9m o SE Not\u00edcias no\u00a0<a rel=\"noreferrer noopener\" href=\"https:\/\/twitter.com\/Senoticias\" target=\"_blank\">Twitter<\/a>,\u00a0<a rel=\"noreferrer noopener\" href=\"https:\/\/www.facebook.com\/senoticias1\" target=\"_blank\">Facebook<\/a>\u00a0e no\u00a0<a rel=\"noreferrer noopener\" href=\"https:\/\/www.instagram.com\/senoticias\/\" target=\"_blank\">Instagram<\/a><\/em><\/strong><\/p>\n\n\n\n<p><em>Com informa\u00e7\u00f5es do G1 SE<\/em><\/p>\n","protected":false},"excerpt":{"rendered":"<p>Neste s\u00e1bado (21), a assessoria de comunica\u00e7\u00e3o da senadora Maria do Carmo Alves (DEM) informou que o ex-governador de Sergipe e ex-ministro do Interior, Jo\u00e3o Alves Filho, testou positivo para Covid-19 e foi transferido de UTI. De acordo com a nota, o estado de sa\u00fade dele \u00e9 grave e est\u00e1 em uma unidade isolada para [&hellip;]<\/p>\n","protected":false},"author":6552,"featured_media":125650,"comment_status":"closed","ping_status":"closed","sticky":false,"template":"","format":"standard","meta":{"footnotes":""},"categories":[15,6,1],"tags":[14270,15826,1435,8560],"class_list":{"0":"post-125649","1":"post","2":"type-post","3":"status-publish","4":"format-standard","5":"has-post-thumbnail","7":"category-destaques","8":"category-politica","9":"category-sem-categoria","10":"tag-covid-19","11":"tag-ex-governador-de-sergipe-joao-alves-filho","12":"tag-joao-alves","13":"tag-joao-alves-filho"},"_links":{"self":[{"href":"https:\/\/senoticias.com.br\/se\/wp-json\/wp\/v2\/posts\/125649"}],"collection":[{"href":"https:\/\/senoticias.com.br\/se\/wp-json\/wp\/v2\/posts"}],"about":[{"href":"https:\/\/senoticias.com.br\/se\/wp-json\/wp\/v2\/types\/post"}],"author":[{"embeddable":true,"href":"https:\/\/senoticias.com.br\/se\/wp-json\/wp\/v2\/users\/6552"}],"replies":[{"embeddable":true,"href":"https:\/\/senoticias.com.br\/se\/wp-json\/wp\/v2\/comments?post=125649"}],"version-history":[{"count":0,"href":"https:\/\/senoticias.com.br\/se\/wp-json\/wp\/v2\/posts\/125649\/revisions"}],"wp:featuredmedia":[{"embeddable":true,"href":"https:\/\/senoticias.com.br\/se\/wp-json\/wp\/v2\/media\/125650"}],"wp:attachment":[{"href":"https:\/\/senoticias.com.br\/se\/wp-json\/wp\/v2\/media?parent=125649"}],"wp:term":[{"taxonomy":"category","embeddable":true,"href":"https:\/\/senoticias.com.br\/se\/wp-json\/wp\/v2\/categories?post=125649"},{"taxonomy":"post_tag","embeddable":true,"href":"https:\/\/senoticias.com.br\/se\/wp-json\/wp\/v2\/tags?post=125649"}],"curies":[{"name":"wp","href":"https:\/\/api.w.org\/{rel}","templated":true}]}}