{"id":125559,"date":"2020-11-12T12:20:06","date_gmt":"2020-11-12T15:20:06","guid":{"rendered":"https:\/\/senoticias.com.br\/se\/?p=125559"},"modified":"2020-11-12T12:21:17","modified_gmt":"2020-11-12T15:21:17","slug":"motorista-que-provocou-atropelamento-que-matou-ciclista-na-zona-sul-de-aracaju-ja-esta-em-liberdade","status":"publish","type":"post","link":"https:\/\/senoticias.com.br\/se\/motorista-que-provocou-atropelamento-que-matou-ciclista-na-zona-sul-de-aracaju-ja-esta-em-liberdade\/","title":{"rendered":"Motorista que provocou atropelamento que matou ciclista na Zona Sul de Aracaju j\u00e1 est\u00e1 em liberdade"},"content":{"rendered":"\n<p>Foi solto, na manh\u00e3 desta quinta-feira (12), o motorista que provocou o acidente que causou a morte de um ciclista de 45 anos, no dia 20 de julho, na Avenida In\u00e1cio Barbosa, Zona Sul de Aracaju. O condutor estava embriagado e foi preso em flagrante. O caso foi registrado como homic\u00eddio doloso.<\/p>\n\n\n\n<figure class=\"wp-block-image size-large\"><img loading=\"lazy\" decoding=\"async\" width=\"599\" height=\"301\" src=\"https:\/\/senoticias.com.br\/se\/wp-content\/uploads\/2020\/11\/motorista-senoticias-e1605194241535.jpg\" alt=\"\" class=\"wp-image-125560\"\/><figcaption>\n\nAp\u00f3s coloca\u00e7\u00e3o da tornozeleira eletr\u00f4nica respons\u00e1vel pelo atropelamento \u00e9 liberado \u2014 Foto: Reprodu\u00e7\u00e3o\/TV Sergipe<\/figcaption><\/figure>\n\n\n\n<p>Ele deixou o Cadei\u00e3o de Nossa Senhora Socorro e foi encaminhado para a Central de Monitoramento Eletr\u00f4nico de Presos (CEMEP), onde foi colocada a tornozeleira eletr\u00f4nica e iniciado o monitoramento.<\/p>\n\n\n\n<p>Na decis\u00e3o do juiz Icaro Tavares Cardoso de Oliveira Bezerra, da 8\u00aa Vara Criminal de Aracaju, assinada nessa ter\u00e7a-feira (10), a pris\u00e3o fica convertida em medidas cautelares. S\u00e3o elas:<\/p>\n\n\n\n<ul class=\"wp-block-list\"><li><strong>Comparecer mensalmente em ju\u00edzo para informar e justificar suas atividades;<\/strong><\/li><li><strong>N\u00e3o manter contato com pessoa arrolada como testemunha nesta a\u00e7\u00e3o, devendo o acusado dela permanecer distante;<\/strong><\/li><li><strong>N\u00e3o se ausentar da Comarca de Aracaju, sem autoriza\u00e7\u00e3o judicial, por mais de oito dias<\/strong><\/li><li><strong>Recolher-se em seu domic\u00edlio nos dias de folga e, nos dias \u00fateis, das 20h \u00e0s 06h;<\/strong><\/li><li><strong>Submeter-se \u00e0 monitora\u00e7\u00e3o eletr\u00f4nica;<\/strong><\/li><li><strong>Fica suspensa a permiss\u00e3o ou a habilita\u00e7\u00e3o para dirigir ve\u00edculo automotor.<\/strong><\/li><li><strong>Deve ser aplicada a monitora\u00e7\u00e3o eletr\u00f4nica, pelo prazo de 120 dias, sujeito a prorroga\u00e7\u00e3o. Se n\u00e3o houver tornozeleira eletr\u00f4nica dispon\u00edvel, fica dispensado o seu uso.<\/strong><\/li><li><strong>O acusado deve manter o endere\u00e7o atualizado.<\/strong><\/li><\/ul>\n\n\n\n<p>O descumprimento de quaisquer das medidas impostas pode provocar a convers\u00e3o em pris\u00e3o preventiva.<\/p>\n\n\n\n<p>O advogado de defesa, Edson Miguel Telles, explicou ao G1 que o acusado tinha os requisitos para responder o processo de liberdade. \u201cQue tem a pris\u00e3o como exce\u00e7\u00e3o e a liberdade como regra. L\u00f3gico que o processo n\u00e3o acabou ainda, n\u00e3o estamos aqui pra falar quem \u00e9 inocente ou n\u00e3o \u00e9. O que acontece \u00e9 que o acusado preenchia todos os requisitos pra responder o processo de liberdade, at\u00e9 seu tr\u00e2nsito em julgado\u201d, disse.<\/p>\n\n\n\n<p><strong>O que diz a fam\u00edlia<\/strong><br>Atrav\u00e9s de nota, a fam\u00edlia da v\u00edtima disse que est\u00e1 consternada e indignada com a not\u00edcia da revoga\u00e7\u00e3o da pris\u00e3o preventiva. &#8220;Rogamos ao Minist\u00e9rio P\u00fablico Estadual e ao Poder Judici\u00e1rio Sergipano que revejam esta decis\u00e3o t\u00e3o equivocada e que traz tristeza a quem perdeu algu\u00e9m t\u00e3o querido como nosso Andr\u00e9 Esp\u00ednola&#8221;.<\/p>\n\n\n\n<p><strong>Entenda o caso<\/strong><br>Na noite do acidente, de acordo com informa\u00e7\u00f5es colhidas pela pol\u00edcia no momento da ocorr\u00eancia, o carro do suspeito primeiro atingiu outro ve\u00edculo e depois o ciclista. O autom\u00f3vel atingido capotou v\u00e1rias vezes, mas os ocupantes n\u00e3o tiveram les\u00f5es graves. J\u00e1 o ciclista foi socorrido pelo Servi\u00e7o de Atendimento M\u00f3vel de Urg\u00eancia (Samu), mas morreu a caminho do hospital.<\/p>\n\n\n\n<p>As pessoas envolvidas no caso relataram que o condutor do ve\u00edculo que provocou as batidas apresentava sinais vis\u00edveis de embriaguez. O teste de baf\u00f4metro confirmou que o teor alco\u00f3lico era de 0.43 miligramas por litro, acima do que \u00e9 permitido por lei.<\/p>\n\n\n\n<figure class=\"wp-block-image size-large\"><img loading=\"lazy\" decoding=\"async\" width=\"599\" height=\"78\" src=\"https:\/\/senoticias.com.br\/se\/wp-content\/uploads\/2020\/11\/Logo-SE-Noticias.jpg\" alt=\"\" class=\"wp-image-125505\" srcset=\"https:\/\/senoticias.com.br\/se\/wp-content\/uploads\/2020\/11\/Logo-SE-Noticias.jpg 599w, https:\/\/senoticias.com.br\/se\/wp-content\/uploads\/2020\/11\/Logo-SE-Noticias-300x39.jpg 300w\" sizes=\"(max-width: 599px) 100vw, 599px\" \/><\/figure>\n\n\n\n<p>Quer receber as principais not\u00edcias do&nbsp;<strong>SE Not\u00edcias<\/strong>&nbsp;no seu&nbsp;<strong>WhatsApp?<\/strong>&nbsp;<strong><a href=\"https:\/\/api.whatsapp.com\/send?phone=5579991715289\">Clique aqui<\/a><\/strong>.<\/p>\n\n\n\n<p><strong><em>Acompanhe tamb\u00e9m o SE Not\u00edcias no\u00a0<a rel=\"noreferrer noopener\" href=\"https:\/\/twitter.com\/Senoticias\" target=\"_blank\">Twitter<\/a>,\u00a0<a rel=\"noreferrer noopener\" href=\"https:\/\/www.facebook.com\/senoticias1\" target=\"_blank\">Facebook<\/a>\u00a0e no\u00a0<a rel=\"noreferrer noopener\" href=\"https:\/\/www.instagram.com\/senoticias\/\" target=\"_blank\">Instagram<\/a><\/em><\/strong><\/p>\n\n\n\n<p>Mat\u00e9ria extraida do Site G1 Sergipe<\/p>\n","protected":false},"excerpt":{"rendered":"<p>Foi solto, na manh\u00e3 desta quinta-feira (12), o motorista que provocou o acidente que causou a morte de um ciclista de 45 anos, no dia 20 de julho, na Avenida In\u00e1cio Barbosa, Zona Sul de Aracaju. O condutor estava embriagado e foi preso em flagrante. O caso foi registrado como homic\u00eddio doloso. Ele deixou o [&hellip;]<\/p>\n","protected":false},"author":6557,"featured_media":0,"comment_status":"closed","ping_status":"closed","sticky":false,"template":"","format":"standard","meta":{"footnotes":""},"categories":[15,7],"tags":[339,15147,15784],"class_list":{"0":"post-125559","1":"post","2":"type-post","3":"status-publish","4":"format-standard","6":"category-destaques","7":"category-policia","8":"tag-aracaju","9":"tag-ciclista-morre-atropelado","10":"tag-homicidio-doloso"},"_links":{"self":[{"href":"https:\/\/senoticias.com.br\/se\/wp-json\/wp\/v2\/posts\/125559"}],"collection":[{"href":"https:\/\/senoticias.com.br\/se\/wp-json\/wp\/v2\/posts"}],"about":[{"href":"https:\/\/senoticias.com.br\/se\/wp-json\/wp\/v2\/types\/post"}],"author":[{"embeddable":true,"href":"https:\/\/senoticias.com.br\/se\/wp-json\/wp\/v2\/users\/6557"}],"replies":[{"embeddable":true,"href":"https:\/\/senoticias.com.br\/se\/wp-json\/wp\/v2\/comments?post=125559"}],"version-history":[{"count":0,"href":"https:\/\/senoticias.com.br\/se\/wp-json\/wp\/v2\/posts\/125559\/revisions"}],"wp:attachment":[{"href":"https:\/\/senoticias.com.br\/se\/wp-json\/wp\/v2\/media?parent=125559"}],"wp:term":[{"taxonomy":"category","embeddable":true,"href":"https:\/\/senoticias.com.br\/se\/wp-json\/wp\/v2\/categories?post=125559"},{"taxonomy":"post_tag","embeddable":true,"href":"https:\/\/senoticias.com.br\/se\/wp-json\/wp\/v2\/tags?post=125559"}],"curies":[{"name":"wp","href":"https:\/\/api.w.org\/{rel}","templated":true}]}}