{"id":125556,"date":"2020-11-11T17:53:35","date_gmt":"2020-11-11T20:53:35","guid":{"rendered":"https:\/\/senoticias.com.br\/se\/?p=125556"},"modified":"2020-11-11T17:53:43","modified_gmt":"2020-11-11T20:53:43","slug":"procurador-processa-e-incentiva-acoes-contra-agencia-de-combate-a-fake-news","status":"publish","type":"post","link":"https:\/\/senoticias.com.br\/se\/procurador-processa-e-incentiva-acoes-contra-agencia-de-combate-a-fake-news\/","title":{"rendered":"Procurador processa e incentiva a\u00e7\u00f5es contra ag\u00eancia de combate a fake news"},"content":{"rendered":"\n<p>O procurador federal Ailton Benedito, ex-secret\u00e1rio de Direitos Humanos e Defesa Coletiva do Minist\u00e9rio P\u00fablico Federal (MPF), anunciou em suas redes sociais que est\u00e1 processando a ag\u00eancia de checagem Aos Fatos. Ailton, que se declara conservador e est\u00e1 alinhado ao ide\u00e1rio bolsonarista, foi apontado pelo site de fact-checking como um dos principais propagadores de conte\u00fado sobre cloroquina.<\/p>\n\n\n\n<figure class=\"wp-block-image size-large\"><img loading=\"lazy\" decoding=\"async\" width=\"599\" height=\"427\" src=\"https:\/\/senoticias.com.br\/se\/wp-content\/uploads\/2020\/11\/ailton-benedito-senoticias-e1605127903123.jpg\" alt=\"\" class=\"wp-image-125557\"\/><figcaption>Procurador Ailton Benedito\n<\/figcaption><\/figure>\n\n\n\n<p>Em julho, o Congresso em Foco revelou a a\u00e7\u00e3o de Ailton e de outros procuradores para obrigar o Estado a colocar a cloroquina \u00e0 disposi\u00e7\u00e3o dos pacientes de covid-19.<\/p>\n\n\n\n<p>Al\u00e9m de processar a ag\u00eancia, Ailton Benedito colocou em seu Twitter uma esp\u00e9cie de guia para que outras pessoas sigam o mesmo caminho.<\/p>\n\n\n\n<p>Em resposta, a ag\u00eancia Aos Fatos diz n\u00e3o admitir amea\u00e7as contra o exerc\u00edcio do jornalismo.<\/p>\n\n\n\n<p>&#8220;O Aos Fatos segue sua miss\u00e3o de checar declara\u00e7\u00f5es e boatos nas redes, amparado nos direitos constitucionais da liberdade de imprensa e da liberdade de express\u00e3o. Conforme os melhores par\u00e2metros \u00e9ticos, damos espa\u00e7o \u00e0 diverg\u00eancia, pedimos outro lado, mas n\u00e3o admitimos amea\u00e7as contra o exerc\u00edcio do jornalismo. Repudiamos qualquer tentativa de cercear nossas atividades e de quaisquer jornalistas que tenham compromisso com a verdade factual.&#8221;<\/p>\n\n\n\n<figure class=\"wp-block-image size-large\"><img loading=\"lazy\" decoding=\"async\" width=\"599\" height=\"78\" src=\"https:\/\/senoticias.com.br\/se\/wp-content\/uploads\/2020\/11\/Logo-SE-Noticias.jpg\" alt=\"\" class=\"wp-image-125505\" srcset=\"https:\/\/senoticias.com.br\/se\/wp-content\/uploads\/2020\/11\/Logo-SE-Noticias.jpg 599w, https:\/\/senoticias.com.br\/se\/wp-content\/uploads\/2020\/11\/Logo-SE-Noticias-300x39.jpg 300w\" sizes=\"(max-width: 599px) 100vw, 599px\" \/><\/figure>\n\n\n\n<p>Quer receber as principais not\u00edcias do&nbsp;<strong>SE Not\u00edcias<\/strong>&nbsp;no seu&nbsp;<strong>WhatsApp?<\/strong>&nbsp;<strong><a href=\"https:\/\/api.whatsapp.com\/send?phone=5579991715289\">Clique aqui<\/a><\/strong>.<\/p>\n\n\n\n<p><strong><em>Acompanhe tamb\u00e9m o SE Not\u00edcias no&nbsp;<a rel=\"noreferrer noopener\" href=\"https:\/\/twitter.com\/Senoticias\" target=\"_blank\">Twitter<\/a>,&nbsp;<a rel=\"noreferrer noopener\" href=\"https:\/\/www.facebook.com\/senoticias1\" target=\"_blank\">Facebook<\/a>&nbsp;e no&nbsp;<a rel=\"noreferrer noopener\" href=\"https:\/\/www.instagram.com\/senoticias\/\" target=\"_blank\">Instagram<\/a><\/em><\/strong><\/p>\n","protected":false},"excerpt":{"rendered":"<p>O procurador federal Ailton Benedito, ex-secret\u00e1rio de Direitos Humanos e Defesa Coletiva do Minist\u00e9rio P\u00fablico Federal (MPF), anunciou em suas redes sociais que est\u00e1 processando a ag\u00eancia de checagem Aos Fatos. Ailton, que se declara conservador e est\u00e1 alinhado ao ide\u00e1rio bolsonarista, foi apontado pelo site de fact-checking como um dos principais propagadores de conte\u00fado [&hellip;]<\/p>\n","protected":false},"author":6557,"featured_media":0,"comment_status":"closed","ping_status":"closed","sticky":false,"template":"","format":"standard","meta":{"footnotes":""},"categories":[15,6],"tags":[15782,8882,2726],"class_list":{"0":"post-125556","1":"post","2":"type-post","3":"status-publish","4":"format-standard","6":"category-destaques","7":"category-politica","8":"tag-ailton-benedito","9":"tag-fake-news","10":"tag-ministerio-publico"},"_links":{"self":[{"href":"https:\/\/senoticias.com.br\/se\/wp-json\/wp\/v2\/posts\/125556"}],"collection":[{"href":"https:\/\/senoticias.com.br\/se\/wp-json\/wp\/v2\/posts"}],"about":[{"href":"https:\/\/senoticias.com.br\/se\/wp-json\/wp\/v2\/types\/post"}],"author":[{"embeddable":true,"href":"https:\/\/senoticias.com.br\/se\/wp-json\/wp\/v2\/users\/6557"}],"replies":[{"embeddable":true,"href":"https:\/\/senoticias.com.br\/se\/wp-json\/wp\/v2\/comments?post=125556"}],"version-history":[{"count":0,"href":"https:\/\/senoticias.com.br\/se\/wp-json\/wp\/v2\/posts\/125556\/revisions"}],"wp:attachment":[{"href":"https:\/\/senoticias.com.br\/se\/wp-json\/wp\/v2\/media?parent=125556"}],"wp:term":[{"taxonomy":"category","embeddable":true,"href":"https:\/\/senoticias.com.br\/se\/wp-json\/wp\/v2\/categories?post=125556"},{"taxonomy":"post_tag","embeddable":true,"href":"https:\/\/senoticias.com.br\/se\/wp-json\/wp\/v2\/tags?post=125556"}],"curies":[{"name":"wp","href":"https:\/\/api.w.org\/{rel}","templated":true}]}}