{"id":125539,"date":"2020-11-10T06:43:35","date_gmt":"2020-11-10T09:43:35","guid":{"rendered":"https:\/\/senoticias.com.br\/se\/?p=125539"},"modified":"2020-11-10T06:48:30","modified_gmt":"2020-11-10T09:48:30","slug":"prefeitura-de-aracaju-comunica-aos-feirantes-a-antecipacao-das-feiras-livres-em-virtude-do-pleito-eleitoral","status":"publish","type":"post","link":"https:\/\/senoticias.com.br\/se\/prefeitura-de-aracaju-comunica-aos-feirantes-a-antecipacao-das-feiras-livres-em-virtude-do-pleito-eleitoral\/","title":{"rendered":"Prefeitura de Aracaju comunica aos feirantes a antecipa\u00e7\u00e3o das feiras livres em virtude do pleito eleitoral"},"content":{"rendered":"\n<p>Devido a realiza\u00e7\u00e3o do pleito eleitoral, no dia 15 de novembro, a Prefeitura de Aracaju vai antecipar, excepcionalmente, esta semana, algumas feiras livres da capital. De acordo com a Empresa Municipal de Servi\u00e7os Urbanos (Emsurb), a antecipa\u00e7\u00e3o acontece somente nos espa\u00e7os que funcionam \u00e0s sextas, s\u00e1bados e domingos, sendo os demais dias mantidos sem altera\u00e7\u00f5es.<\/p>\n\n\n\n<figure class=\"wp-block-image size-large is-resized\"><img loading=\"lazy\" decoding=\"async\" src=\"https:\/\/senoticias.com.br\/se\/wp-content\/uploads\/2020\/11\/WhatsApp-Image-2020-11-06-at-11.20.36-1024x678.jpeg\" alt=\"\" class=\"wp-image-125540\" width=\"512\" height=\"339\"\/><figcaption>Prefeitura de Aracaju comunica aos feirantes a antecipa\u00e7\u00e3o das feiras livres (foto: Felipe Goettenauer)<\/figcaption><\/figure>\n\n\n\n<p>Desta forma, na quinta-feira, 12, pela manh\u00e3, ser\u00e3o realizadas as feiras do bairro Su\u00edssa e dos conjuntos Castelo Branco, M\u00e9dici, Sol Nascente e Agamenon Magalh\u00e3es. A tarde funcionar\u00e1 a feira da Aruana (Costa Nova).<\/p>\n\n\n\n<p>As feiras livres dos bairros Grageru, Cirurgia, Santo Ant\u00f4nio, 18 do Forte, S\u00e3o Carlos e Conjunto Santa Tereza, que ocorrem normalmente aos s\u00e1bados pela manh\u00e3, foram antecipadas para a sexta-feira, 13, no mesmo per\u00edodo. J\u00e1 as feiras que funcionam aos domingos &#8211; Jardim Esperan\u00e7a, Dom Pedro, Santa Maria, Am\u00e9rica, Bugio e Coqueiral &#8211; ser\u00e3o antecipadas para o s\u00e1bado, 14.<\/p>\n\n\n\n<p>No \u00faltimo final de semana, a empresa municipal fez a entrega de comunicado aos feirantes para informar sobre a mudan\u00e7a.<\/p>\n\n\n\n<p><strong>Mercados<\/strong><\/p>\n\n\n\n<p>Os mercados centrais (Thales Ferraz, Ant\u00f4nio Franco e Maria Virg\u00ednia Franco), e os setoriais (bairros), estar\u00e3o fechados, reabrindo na segunda-feira,16, em hor\u00e1rio normal, das 6h \u00e0s 15h30. O mercado Milton Santos, no conjunto Augusto Franco, fecha para limpeza na segunda, retomando o funcionamento na ter\u00e7a-feira, 17.<\/p>\n\n\n\n<p>Quer receber as principais not\u00edcias do\u00a0<strong>SE Not\u00edcias<\/strong>\u00a0no seu\u00a0<strong>WhatsApp?<\/strong>\u00a0<strong><a href=\"https:\/\/api.whatsapp.com\/send?phone=5579991715289\">Clique aqui<\/a><\/strong>.<\/p>\n\n\n\n<p><strong><em>Acompanhe tamb\u00e9m o SE Not\u00edcias no\u00a0<a rel=\"noreferrer noopener\" href=\"https:\/\/twitter.com\/Senoticias\" target=\"_blank\">Twitter<\/a>,\u00a0<a rel=\"noreferrer noopener\" href=\"https:\/\/www.facebook.com\/senoticias1\" target=\"_blank\">Facebook<\/a>\u00a0e no\u00a0<a rel=\"noreferrer noopener\" href=\"https:\/\/www.instagram.com\/senoticias\/\" target=\"_blank\">Instagram<\/a><\/em><\/strong><\/p>\n\n\n\n<p>Por ascom\/Prefeitura de Aracaju<\/p>\n\n\n\n<p><\/p>\n","protected":false},"excerpt":{"rendered":"<p>Devido a realiza\u00e7\u00e3o do pleito eleitoral, no dia 15 de novembro, a Prefeitura de Aracaju vai antecipar, excepcionalmente, esta semana, algumas feiras livres da capital. De acordo com a Empresa Municipal de Servi\u00e7os Urbanos (Emsurb), a antecipa\u00e7\u00e3o acontece somente nos espa\u00e7os que funcionam \u00e0s sextas, s\u00e1bados e domingos, sendo os demais dias mantidos sem altera\u00e7\u00f5es. [&hellip;]<\/p>\n","protected":false},"author":6552,"featured_media":125540,"comment_status":"closed","ping_status":"closed","sticky":false,"template":"","format":"standard","meta":{"footnotes":""},"categories":[15,6,1],"tags":[3078,14457,213],"class_list":{"0":"post-125539","1":"post","2":"type-post","3":"status-publish","4":"format-standard","5":"has-post-thumbnail","7":"category-destaques","8":"category-politica","9":"category-sem-categoria","10":"tag-emsurb","11":"tag-feiras-livres","12":"tag-prefeitura-de-aracaju"},"_links":{"self":[{"href":"https:\/\/senoticias.com.br\/se\/wp-json\/wp\/v2\/posts\/125539"}],"collection":[{"href":"https:\/\/senoticias.com.br\/se\/wp-json\/wp\/v2\/posts"}],"about":[{"href":"https:\/\/senoticias.com.br\/se\/wp-json\/wp\/v2\/types\/post"}],"author":[{"embeddable":true,"href":"https:\/\/senoticias.com.br\/se\/wp-json\/wp\/v2\/users\/6552"}],"replies":[{"embeddable":true,"href":"https:\/\/senoticias.com.br\/se\/wp-json\/wp\/v2\/comments?post=125539"}],"version-history":[{"count":0,"href":"https:\/\/senoticias.com.br\/se\/wp-json\/wp\/v2\/posts\/125539\/revisions"}],"wp:featuredmedia":[{"embeddable":true,"href":"https:\/\/senoticias.com.br\/se\/wp-json\/wp\/v2\/media\/125540"}],"wp:attachment":[{"href":"https:\/\/senoticias.com.br\/se\/wp-json\/wp\/v2\/media?parent=125539"}],"wp:term":[{"taxonomy":"category","embeddable":true,"href":"https:\/\/senoticias.com.br\/se\/wp-json\/wp\/v2\/categories?post=125539"},{"taxonomy":"post_tag","embeddable":true,"href":"https:\/\/senoticias.com.br\/se\/wp-json\/wp\/v2\/tags?post=125539"}],"curies":[{"name":"wp","href":"https:\/\/api.w.org\/{rel}","templated":true}]}}