{"id":125496,"date":"2020-11-05T14:52:46","date_gmt":"2020-11-05T17:52:46","guid":{"rendered":"https:\/\/senoticias.com.br\/se\/?p=125496"},"modified":"2020-11-05T14:52:56","modified_gmt":"2020-11-05T17:52:56","slug":"bolsonaro-desembarca-em-aracaju","status":"publish","type":"post","link":"https:\/\/senoticias.com.br\/se\/bolsonaro-desembarca-em-aracaju\/","title":{"rendered":"Bolsonaro desembarca em Aracaju"},"content":{"rendered":"\n<p>O presidente Jair Bolsonaro (sem partido) desembarcou, h\u00e1 pouco, no Aeroporto de Aracaju. Ele estava indo para a cidade alagoana de Piranhas, mas o mau tempo na regi\u00e3o obrigou a aeronave mudar de rota. Ao desembarcar, Bolsonaro foi tomar caf\u00e9 no Bar e Lanchonete Shallon, em frente ao Aeroporto. Pelas redes sociais o presidente explicou que \u201cpor falta de teto n\u00e3o pousamos agora em Paulo Afonso\/BA. Em minutos pousaremos em Aracaju\/SE, e aguardaremos melhoras meteorol\u00f3gica para retornar agenda inicial. Pretendemos cumprir ainda hoje nossa miss\u00e3o em Piranhas\/AL\u201d.<\/p>\n\n\n\n<figure class=\"wp-block-image size-large\"><img loading=\"lazy\" decoding=\"async\" width=\"479\" height=\"451\" src=\"https:\/\/senoticias.com.br\/se\/wp-content\/uploads\/2020\/11\/presidente-senoticias.png\" alt=\"\" class=\"wp-image-125497\" srcset=\"https:\/\/senoticias.com.br\/se\/wp-content\/uploads\/2020\/11\/presidente-senoticias.png 479w, https:\/\/senoticias.com.br\/se\/wp-content\/uploads\/2020\/11\/presidente-senoticias-300x282.png 300w\" sizes=\"(max-width: 479px) 100vw, 479px\" \/><figcaption>Jair Bolsonaro foi \u00e0 lanchonete do aeroporto de Aracaju e cumprimentou populares\n<\/figcaption><\/figure>\n\n\n\n<p>A agenda de viagem do presidente prev\u00ea uma visita a cidade de Piranhas (AL), divisa com Canind\u00e9 do S\u00e3o Francisco (SE), ambas \u00e0s margens do Rio S\u00e3o Francisco. A primeira viagem do presidente a Alagoas tem como principal objetivo a inaugura\u00e7\u00e3o do Sistema de Abastecimento de \u00c1gua daquela cidade ribeirinha. Bolsonaro tamb\u00e9m far\u00e1 um sobrevoo ao C\u00e2nion do Xing\u00f3, que separa Sergipe de Alagoas.<\/p>\n\n\n\n<p>A solenidade de inaugura\u00e7\u00e3o do Sistema de Abastecimento de \u00c1gua est\u00e1 marcada para as 9h desta quinta-feira e ocorrer\u00e1 no Gin\u00e1sio Poliesportivo Vereador Manoel Vicente Rodrigues, localizado \u00e0s margens da AL-220, Distrito de Piau. Ap\u00f3s inaugurar o empreendimento h\u00eddrico, o presidente Bolsonaro far\u00e1 um sobrev\u00f4o sobre o C\u00e2nion de Xing\u00f3.<\/p>\n\n\n\n<p>Desde o in\u00edcio da pandemia de Covid-19, Jair Bolsonaro tem privilegiado visitas aos estados nordestinos com obras do governo federal. Na semana passada, ele esteve no Maranh\u00e3o. Em agosto, o presidente visitou Sergipe pela primeira vez ap\u00f3s ter sido eleito. Veio inaugurar a Usina Termoel\u00e9trica Porto de Sergipe I, no munic\u00edpio da Barra dos Coqueiros.<\/p>\n\n\n\n<figure class=\"wp-block-image size-large\"><img loading=\"lazy\" decoding=\"async\" width=\"599\" height=\"78\" src=\"https:\/\/senoticias.com.br\/se\/wp-content\/uploads\/2020\/10\/Logo-SE-Noticias-6.jpg\" alt=\"\" class=\"wp-image-125441\" srcset=\"https:\/\/senoticias.com.br\/se\/wp-content\/uploads\/2020\/10\/Logo-SE-Noticias-6.jpg 599w, https:\/\/senoticias.com.br\/se\/wp-content\/uploads\/2020\/10\/Logo-SE-Noticias-6-300x39.jpg 300w\" sizes=\"(max-width: 599px) 100vw, 599px\" \/><\/figure>\n\n\n\n<p><strong><em>Acompanhe tamb\u00e9m o SE Not\u00edcias no\u00a0<a rel=\"noreferrer noopener\" href=\"https:\/\/twitter.com\/Senoticias\" target=\"_blank\">Twitter<\/a>,\u00a0<a rel=\"noreferrer noopener\" href=\"https:\/\/www.facebook.com\/senoticias1\" target=\"_blank\">Facebook<\/a>\u00a0e no\u00a0<a rel=\"noreferrer noopener\" href=\"https:\/\/www.instagram.com\/senoticias\/\" target=\"_blank\">Instagram<\/a><\/em><\/strong><\/p>\n","protected":false},"excerpt":{"rendered":"<p>O presidente Jair Bolsonaro (sem partido) desembarcou, h\u00e1 pouco, no Aeroporto de Aracaju. Ele estava indo para a cidade alagoana de Piranhas, mas o mau tempo na regi\u00e3o obrigou a aeronave mudar de rota. Ao desembarcar, Bolsonaro foi tomar caf\u00e9 no Bar e Lanchonete Shallon, em frente ao Aeroporto. Pelas redes sociais o presidente explicou [&hellip;]<\/p>\n","protected":false},"author":6557,"featured_media":0,"comment_status":"closed","ping_status":"closed","sticky":false,"template":"","format":"standard","meta":{"footnotes":""},"categories":[15,38],"tags":[15743,1953,9704],"class_list":{"0":"post-125496","1":"post","2":"type-post","3":"status-publish","4":"format-standard","6":"category-destaques","7":"category-municipios","8":"tag-bolsonaro-em-sergipe","9":"tag-caninde-de-sao-francisco","10":"tag-canion-de-xingo"},"_links":{"self":[{"href":"https:\/\/senoticias.com.br\/se\/wp-json\/wp\/v2\/posts\/125496"}],"collection":[{"href":"https:\/\/senoticias.com.br\/se\/wp-json\/wp\/v2\/posts"}],"about":[{"href":"https:\/\/senoticias.com.br\/se\/wp-json\/wp\/v2\/types\/post"}],"author":[{"embeddable":true,"href":"https:\/\/senoticias.com.br\/se\/wp-json\/wp\/v2\/users\/6557"}],"replies":[{"embeddable":true,"href":"https:\/\/senoticias.com.br\/se\/wp-json\/wp\/v2\/comments?post=125496"}],"version-history":[{"count":0,"href":"https:\/\/senoticias.com.br\/se\/wp-json\/wp\/v2\/posts\/125496\/revisions"}],"wp:attachment":[{"href":"https:\/\/senoticias.com.br\/se\/wp-json\/wp\/v2\/media?parent=125496"}],"wp:term":[{"taxonomy":"category","embeddable":true,"href":"https:\/\/senoticias.com.br\/se\/wp-json\/wp\/v2\/categories?post=125496"},{"taxonomy":"post_tag","embeddable":true,"href":"https:\/\/senoticias.com.br\/se\/wp-json\/wp\/v2\/tags?post=125496"}],"curies":[{"name":"wp","href":"https:\/\/api.w.org\/{rel}","templated":true}]}}