{"id":125487,"date":"2020-11-04T06:38:36","date_gmt":"2020-11-04T09:38:36","guid":{"rendered":"https:\/\/senoticias.com.br\/se\/?p=125487"},"modified":"2020-11-04T06:53:51","modified_gmt":"2020-11-04T09:53:51","slug":"cicloturista-que-viaja-pelo-mundo-tem-bicicleta-roubada-em-aracaju","status":"publish","type":"post","link":"https:\/\/senoticias.com.br\/se\/cicloturista-que-viaja-pelo-mundo-tem-bicicleta-roubada-em-aracaju\/","title":{"rendered":"Cicloturista que viaja pelo mundo tem bicicleta roubada em Aracaju"},"content":{"rendered":"\n<p>O ciclista Leonardo Oliveira (Leo Pedalandopelomundo) teve a bicicleta furtada na segunda-feira, 2, em Aracaju. Em seu perfil em uma rede social ele contou o que havia acontecido e se desesperou. A a\u00e7\u00e3o criminosa foi flagrada por uma c\u00e2mera de seguran\u00e7a.<\/p>\n\n\n\n<figure class=\"wp-block-image size-large is-resized\"><img loading=\"lazy\" decoding=\"async\" src=\"https:\/\/senoticias.com.br\/se\/wp-content\/uploads\/2020\/11\/Bike-roubada-SE-Noticias-1024x768.jpg\" alt=\"\" class=\"wp-image-125488\" width=\"512\" height=\"384\" srcset=\"https:\/\/senoticias.com.br\/se\/wp-content\/uploads\/2020\/11\/Bike-roubada-SE-Noticias-1024x768.jpg 1024w, https:\/\/senoticias.com.br\/se\/wp-content\/uploads\/2020\/11\/Bike-roubada-SE-Noticias-300x225.jpg 300w, https:\/\/senoticias.com.br\/se\/wp-content\/uploads\/2020\/11\/Bike-roubada-SE-Noticias-768x576.jpg 768w, https:\/\/senoticias.com.br\/se\/wp-content\/uploads\/2020\/11\/Bike-roubada-SE-Noticias-45x35.jpg 45w, https:\/\/senoticias.com.br\/se\/wp-content\/uploads\/2020\/11\/Bike-roubada-SE-Noticias.jpg 1040w\" sizes=\"(max-width: 512px) 100vw, 512px\" \/><figcaption>Bicicleta \u00e9 localizada e devolvida ao cicloturista furtado no bairro 13 de julho (foto: SSP\/SE)<\/figcaption><\/figure>\n\n\n\n<p>O ciclista tem uma conta no Instagram com mais de 36 mil seguidores. O perfil mostra a rotina dele sobre duas rodas em diversos pontos do pa\u00eds. No come\u00e7o de setembro, ele, que \u00e9 maranhense e mora em Goi\u00e1s, saiu do centro-oeste e iniciou uma pedalada por todos os estados do nordeste, a come\u00e7ar por seu estado natal. As viagens eram filmadas e divulgadas em sua conta no Youtube.<\/p>\n\n\n\n<p>Emocionado, ele disse que estava hospedado na casa de um amigo no bairro Treze de Julho e que a bicicleta estava na garagem, quando ele percebeu o furto. Al\u00e9m da bicicleta, foram levados equipamentos de filmagem do ciclista.<\/p>\n\n\n\n<p><strong>Bicicleta recuperada<\/strong><\/p>\n\n\n\n<p>A bicicleta foi recuperada no bairro Am\u00e9rica. De acordo com a SSP, as imagens de c\u00e2meras de seguran\u00e7a, divulgadas atrav\u00e9s de redes sociais, contribu\u00edram para a localiza\u00e7\u00e3o. Um morador do bairro viu um suspeito circulando com a bike e acionou a pol\u00edcia.<\/p>\n\n\n\n<p>\u201cLeo Pedalandopelomundo\u201d \u00e9 conhecido nas redes sociais e tem mais de 36 mil seguidores. Viajando sempre sob duas rodas, ele mostra os roteiros e as aventuras pelo Instagram.<\/p>\n\n\n\n<p>Al\u00e9m da bicicleta, uma mochila com roupas, documentos e equipamentos de filmagem tamb\u00e9m foram levados. Estes ainda n\u00e3o foram localizados. Qualquer informa\u00e7\u00e3o basta ligar para o 181.<\/p>\n\n\n\n<p><\/p>\n\n\n\n<figure class=\"wp-block-image size-large\"><img loading=\"lazy\" decoding=\"async\" width=\"599\" height=\"78\" src=\"https:\/\/senoticias.com.br\/se\/wp-content\/uploads\/2020\/10\/Logo-SE-Noticias-6.jpg\" alt=\"\" class=\"wp-image-125441\" srcset=\"https:\/\/senoticias.com.br\/se\/wp-content\/uploads\/2020\/10\/Logo-SE-Noticias-6.jpg 599w, https:\/\/senoticias.com.br\/se\/wp-content\/uploads\/2020\/10\/Logo-SE-Noticias-6-300x39.jpg 300w\" sizes=\"(max-width: 599px) 100vw, 599px\" \/><\/figure>\n\n\n\n<p><strong><em>Acompanhe tamb\u00e9m o SE Not\u00edcias no\u00a0<a rel=\"noreferrer noopener\" href=\"https:\/\/twitter.com\/Senoticias\" target=\"_blank\">Twitter<\/a>,\u00a0<a rel=\"noreferrer noopener\" href=\"https:\/\/www.facebook.com\/senoticias1\" target=\"_blank\">Facebook<\/a>\u00a0e no\u00a0<a rel=\"noreferrer noopener\" href=\"https:\/\/www.instagram.com\/senoticias\/\" target=\"_blank\">Instagram<\/a><\/em><\/strong><\/p>\n\n\n\n<p><em>Com informa\u00e7\u00f5es da SSP\/SE<\/em><\/p>\n","protected":false},"excerpt":{"rendered":"<p>O ciclista Leonardo Oliveira (Leo Pedalandopelomundo) teve a bicicleta furtada na segunda-feira, 2, em Aracaju. Em seu perfil em uma rede social ele contou o que havia acontecido e se desesperou. A a\u00e7\u00e3o criminosa foi flagrada por uma c\u00e2mera de seguran\u00e7a. O ciclista tem uma conta no Instagram com mais de 36 mil seguidores. O [&hellip;]<\/p>\n","protected":false},"author":6552,"featured_media":0,"comment_status":"closed","ping_status":"closed","sticky":false,"template":"","format":"standard","meta":{"footnotes":""},"categories":[15,7,1],"tags":[15740,9362,15741,15738,15739],"class_list":{"0":"post-125487","1":"post","2":"type-post","3":"status-publish","4":"format-standard","6":"category-destaques","7":"category-policia","8":"category-sem-categoria","9":"tag-bicicleta-furtada","10":"tag-bike","11":"tag-ciclista-leonardo-oliveira","12":"tag-cicloturista","13":"tag-leo-pedalandopelomundo"},"_links":{"self":[{"href":"https:\/\/senoticias.com.br\/se\/wp-json\/wp\/v2\/posts\/125487"}],"collection":[{"href":"https:\/\/senoticias.com.br\/se\/wp-json\/wp\/v2\/posts"}],"about":[{"href":"https:\/\/senoticias.com.br\/se\/wp-json\/wp\/v2\/types\/post"}],"author":[{"embeddable":true,"href":"https:\/\/senoticias.com.br\/se\/wp-json\/wp\/v2\/users\/6552"}],"replies":[{"embeddable":true,"href":"https:\/\/senoticias.com.br\/se\/wp-json\/wp\/v2\/comments?post=125487"}],"version-history":[{"count":0,"href":"https:\/\/senoticias.com.br\/se\/wp-json\/wp\/v2\/posts\/125487\/revisions"}],"wp:attachment":[{"href":"https:\/\/senoticias.com.br\/se\/wp-json\/wp\/v2\/media?parent=125487"}],"wp:term":[{"taxonomy":"category","embeddable":true,"href":"https:\/\/senoticias.com.br\/se\/wp-json\/wp\/v2\/categories?post=125487"},{"taxonomy":"post_tag","embeddable":true,"href":"https:\/\/senoticias.com.br\/se\/wp-json\/wp\/v2\/tags?post=125487"}],"curies":[{"name":"wp","href":"https:\/\/api.w.org\/{rel}","templated":true}]}}