{"id":125408,"date":"2020-10-27T06:09:57","date_gmt":"2020-10-27T09:09:57","guid":{"rendered":"https:\/\/senoticias.com.br\/se\/?p=125408"},"modified":"2020-10-27T06:13:58","modified_gmt":"2020-10-27T09:13:58","slug":"marinha-alerta-para-ventos-de-ate-60-km-h-no-litoral-ate-terca-27-2","status":"publish","type":"post","link":"https:\/\/senoticias.com.br\/se\/marinha-alerta-para-ventos-de-ate-60-km-h-no-litoral-ate-terca-27-2\/","title":{"rendered":"Governo de Sergipe dialoga com munic\u00edpios sobre a retomada das aulas presenciais"},"content":{"rendered":"\n<p>O Governo do Estado, por meio da Secretaria de Estado da Educa\u00e7\u00e3o, do Esporte e da Cultura (Seduc), promoveu na tarde da sexta-feira, 23, mais um di\u00e1logo com os munic\u00edpios e membros da Uni\u00e3o Nacional dos Dirigentes Municipais de Educa\u00e7\u00e3o (Undime). O encontro remoto aconteceu pela plataforma Google Meet e teve como pauta principal o Plano de Retomada da primeira etapa das atividades educacionais presenciais. Estiveram presentes diversos gestores municipais da Educa\u00e7\u00e3o, representados pela secret\u00e1ria de Educa\u00e7\u00e3o de S\u00e3o Crist\u00f3v\u00e3o, Quit\u00e9ria L\u00facia Ara\u00fajo de Barros, al\u00e9m de coordenadores e diretores de departamentos da Seduc.<\/p>\n\n\n\n<figure class=\"wp-block-image size-large\"><img loading=\"lazy\" decoding=\"async\" width=\"600\" height=\"358\" src=\"https:\/\/senoticias.com.br\/se\/wp-content\/uploads\/2020\/10\/Retomada-das-Aulas-SE-Noticias.jpg\" alt=\"\" class=\"wp-image-125409\" srcset=\"https:\/\/senoticias.com.br\/se\/wp-content\/uploads\/2020\/10\/Retomada-das-Aulas-SE-Noticias.jpg 600w, https:\/\/senoticias.com.br\/se\/wp-content\/uploads\/2020\/10\/Retomada-das-Aulas-SE-Noticias-300x179.jpg 300w\" sizes=\"(max-width: 600px) 100vw, 600px\" \/><figcaption><em>O Plano de Retomada das Atividades Escolares Presenciais, tamb\u00e9m apresentado aos diretores regionais de educa\u00e7\u00e3o, indica as instru\u00e7\u00f5es para o retorno parcial, gradual e seguro das aulas da Rede P\u00fablica<\/em> (Foto: Marcelo Camargo\/Ag\u00eancia Brasil)<\/figcaption><\/figure>\n\n\n\n<p>O Plano de Retomada das Atividades Escolares Presenciais, tamb\u00e9m apresentado aos diretores regionais de educa\u00e7\u00e3o, indica as instru\u00e7\u00f5es para o retorno parcial, gradual e seguro das aulas da Rede P\u00fablica, contendo as diretrizes sanit\u00e1rias, de gest\u00e3o de pessoal, de governan\u00e7a, pedag\u00f3gica,&nbsp; administrativa e de infraestrutura.<\/p>\n\n\n\n<p>O plano \u00e9 resultado da constru\u00e7\u00e3o coletiva de um debate entre a Vigil\u00e2ncia Sanit\u00e1ria e diversos departamentos, n\u00facleos, coordena\u00e7\u00f5es, assessorias e diretorias da Seduc e municipais. Nesse processo foram consultados documentos que versam sobre o tema, de entidades de diversas institui\u00e7\u00f5es do pa\u00eds e do mundo, tendo em vista as caracter\u00edsticas espec\u00edficas da Rede Estadual de Ensino do Estado de Sergipe.<\/p>\n\n\n\n<p>\u201cEstamos aqui querendo ouvir as novidades da Seduc acerca do nosso plano de retomada, que espero que aconte\u00e7a de uma forma conjunta e tranquila\u201d, disse Quit\u00e9ria Barros, ao abrir o encontro.<\/p>\n\n\n\n<p>A apresenta\u00e7\u00e3o do Plano de Retomada foi feita pelo superintendente executivo da Seduc, professor Jos\u00e9 Ricardo de Santana. Ele iniciou a apresenta\u00e7\u00e3o mostrando a forma como a Seduc tem acompanhado e concretizado a\u00e7\u00f5es durante todo o per\u00edodo da pandemia, destacando que, semanalmente, s\u00e3o realizadas reuni\u00f5es com os diretores de departamentos e com diretores de diretorias regionais de educa\u00e7\u00e3o (DREs), e quinzenalmente com a Undime. \u201cEsse \u00e9 um documento constru\u00eddo em conjunto com os secret\u00e1rios municipais. A ideia \u00e9 que a gente disponibilize para que possamos tamb\u00e9m colher as sugest\u00f5es e contribui\u00e7\u00f5es dos gestores municipais\u201d, disse, explicando sobre o servi\u00e7o de acolhimento psicossocial e que a Seduc continuou oferecendo o acesso \u00e0 alimenta\u00e7\u00e3o escolar e promoveu o processo de ades\u00e3o das escolas \u00e0s atividades pedag\u00f3gicas, com autonomia no desenvolvimento das aulas n\u00e3o presenciais.<\/p>\n\n\n\n<p>Ele lembrou ainda algumas parcerias firmadas pelo Governo de Sergipe, por interm\u00e9dio da Seduc, para a realiza\u00e7\u00e3o de a\u00e7\u00f5es pedag\u00f3gicas no per\u00edodo da pandemia. Entre elas est\u00e3o: videoaulas para o Ensino M\u00e9dio (parceria com o Estado do Piau\u00ed); videoaulas na TV Aperip\u00ea (parceria com o Estado do Amazonas), audioaulas na r\u00e1dio Aperip\u00ea (parceria com a Vivo\/Instituto Paramitas); forma\u00e7\u00e3o para professores em Projeto de Vida (parceria com o Sebrae) e em Tecnologias (com a plataforma Google For Educations), entre outras. Al\u00e9m disso, os alunos da rede estadual est\u00e3o contando tamb\u00e9m com aulas gravadas pelos pr\u00f3prios professores sergipanos.<\/p>\n\n\n\n<p>O superintendente mostrou uma linha do tempo com todas as a\u00e7\u00f5es desenvolvidas pelo Governo de Sergipe, de mar\u00e7o at\u00e9 hoje, e apresentou a estrutura do Comit\u00ea da Seduc e suas frentes de a\u00e7\u00e3o, formadas por departamentos, diretorias regionais de educa\u00e7\u00e3o e secretarias municipais de educa\u00e7\u00e3o.<\/p>\n\n\n\n<p><strong>Medidas de biosseguran\u00e7a<\/strong><\/p>\n\n\n\n<p>Como premissas para o plano de retomada das aulas presenciais, o superintendente pontuou algumas medidas de biosseguran\u00e7a e vigil\u00e2ncia que ser\u00e3o necess\u00e1rias. Pelas diretrizes internas do planejamento, o retorno \u00e0s aulas se dar\u00e1 de forma h\u00edbrida, conciliando aulas presenciais e a dist\u00e2ncia. A retomada tamb\u00e9m dever\u00e1 ser gradual, por etapas, e parcial, sendo as turmas divididas e cumprindo alternadamente um cronograma de atividades que intercale aulas presenciais e n\u00e3o presenciais.<\/p>\n\n\n\n<p>O planejamento contempla ainda algumas diretrizes externas. Uma delas versa sobre a autonomia das fam\u00edlias para decidirem sobre a volta dos filhos. Para isso, os pais e respons\u00e1veis dever\u00e3o assinar termo disponibilizado pelas escolas. Ainda sobre o planejamento, o cronograma proposto prev\u00ea o retorno, preferencialmente, das redes p\u00fablica e privada de forma conjunta. Outra diretriz externa \u00e9 a do fortalecimento do regime de colabora\u00e7\u00e3o, reconhecendo a import\u00e2ncia da integra\u00e7\u00e3o entre as redes estadual e municipais, articuladas para o desenvolvimento de territ\u00f3rios colaborativos e fortalecendo a capacidade de atua\u00e7\u00e3o dos gestores.<\/p>\n\n\n\n<p>Ainda em sua apresenta\u00e7\u00e3o, o superintendente falou sobre as diretrizes sanit\u00e1rias, pedag\u00f3gicas, gest\u00e3o de pessoas, administrativas e de infraestrutura, e de governan\u00e7a. Ao fim da explana\u00e7\u00e3o, o tempo foi aberto para perguntas e outras considera\u00e7\u00f5es.&nbsp;Os gestores municipais pontuaram suas sugest\u00f5es e d\u00favidas, que foram dirimidas pelo superintendente com o aux\u00edlio da equipe da Seduc.<\/p>\n\n\n\n<p>As aulas est\u00e3o programadas a voltarem na modalidade presencial de forma gradual em 17 de novembro, primeiramente, para os terceiros anos do ensino m\u00e9dio, ap\u00f3s autoriza\u00e7\u00e3o do Comit\u00ea T\u00e9cnico-Cient\u00edfico e de Atividades Especiais (CTCAE) do Governo do Estado.<\/p>\n\n\n\n<p><strong>Presen\u00e7as<\/strong><\/p>\n\n\n\n<p>Tamb\u00e9m estiveram presentes \u00e0 reuni\u00e3o virtual a chefe de Gabinete da Seduc, Rosilene dos Santos; o assessor especial do Gabinete, professor Cl\u00e1udio Macedo; a diretora do Departamento de Educa\u00e7\u00e3o, Ana L\u00facia Muricy; a coordenadora da Coordena\u00e7\u00e3o de Gest\u00e3o Democr\u00e1tica, Articula\u00e7\u00e3o e Assist\u00eancia aos Munic\u00edpios (Cogedam), Andr\u00e9a Lima Dantas; a coordenadora da Coordenadoria de Estudos e Avalia\u00e7\u00e3oEducacional (Ceave), Joniely Cruz, entre outrosconvidados.<\/p>\n\n\n\n<p><\/p>\n\n\n\n<figure class=\"wp-block-image size-large\"><img loading=\"lazy\" decoding=\"async\" width=\"599\" height=\"78\" src=\"https:\/\/senoticias.com.br\/se\/wp-content\/uploads\/2020\/10\/Logo-SE-Noticias-5.jpg\" alt=\"\" class=\"wp-image-125403\" srcset=\"https:\/\/senoticias.com.br\/se\/wp-content\/uploads\/2020\/10\/Logo-SE-Noticias-5.jpg 599w, https:\/\/senoticias.com.br\/se\/wp-content\/uploads\/2020\/10\/Logo-SE-Noticias-5-300x39.jpg 300w\" sizes=\"(max-width: 599px) 100vw, 599px\" \/><\/figure>\n\n\n\n<p><strong><em>Acompanhe tamb\u00e9m o SE Not\u00edcias no\u00a0<a rel=\"noreferrer noopener\" href=\"https:\/\/twitter.com\/Senoticias\" target=\"_blank\">Twitter<\/a>,\u00a0<a rel=\"noreferrer noopener\" href=\"https:\/\/www.facebook.com\/senoticias1\" target=\"_blank\">Facebook<\/a>\u00a0e no\u00a0<a rel=\"noreferrer noopener\" href=\"https:\/\/www.instagram.com\/senoticias\/\" target=\"_blank\">Instagram<\/a><\/em><\/strong><\/p>\n\n\n\n<p><em>Por Ag\u00eancia Sergipe de Not\u00edcias<\/em><\/p>\n","protected":false},"excerpt":{"rendered":"<p>O Governo do Estado, por meio da Secretaria de Estado da Educa\u00e7\u00e3o, do Esporte e da Cultura (Seduc), promoveu na tarde da sexta-feira, 23, mais um di\u00e1logo com os munic\u00edpios e membros da Uni\u00e3o Nacional dos Dirigentes Municipais de Educa\u00e7\u00e3o (Undime). O encontro remoto aconteceu pela plataforma Google Meet e teve como pauta principal o [&hellip;]<\/p>\n","protected":false},"author":6552,"featured_media":0,"comment_status":"closed","ping_status":"closed","sticky":false,"template":"","format":"standard","meta":{"footnotes":""},"categories":[15,6,1],"tags":[15706,15330,15705],"class_list":{"0":"post-125408","1":"post","2":"type-post","3":"status-publish","4":"format-standard","6":"category-destaques","7":"category-politica","8":"category-sem-categoria","9":"tag-aulas-presenciais","10":"tag-plano-de-retomada","11":"tag-plano-de-retomada-das-atividades-escolares-presenciais"},"_links":{"self":[{"href":"https:\/\/senoticias.com.br\/se\/wp-json\/wp\/v2\/posts\/125408"}],"collection":[{"href":"https:\/\/senoticias.com.br\/se\/wp-json\/wp\/v2\/posts"}],"about":[{"href":"https:\/\/senoticias.com.br\/se\/wp-json\/wp\/v2\/types\/post"}],"author":[{"embeddable":true,"href":"https:\/\/senoticias.com.br\/se\/wp-json\/wp\/v2\/users\/6552"}],"replies":[{"embeddable":true,"href":"https:\/\/senoticias.com.br\/se\/wp-json\/wp\/v2\/comments?post=125408"}],"version-history":[{"count":0,"href":"https:\/\/senoticias.com.br\/se\/wp-json\/wp\/v2\/posts\/125408\/revisions"}],"wp:attachment":[{"href":"https:\/\/senoticias.com.br\/se\/wp-json\/wp\/v2\/media?parent=125408"}],"wp:term":[{"taxonomy":"category","embeddable":true,"href":"https:\/\/senoticias.com.br\/se\/wp-json\/wp\/v2\/categories?post=125408"},{"taxonomy":"post_tag","embeddable":true,"href":"https:\/\/senoticias.com.br\/se\/wp-json\/wp\/v2\/tags?post=125408"}],"curies":[{"name":"wp","href":"https:\/\/api.w.org\/{rel}","templated":true}]}}