{"id":125375,"date":"2020-10-22T14:43:59","date_gmt":"2020-10-22T17:43:59","guid":{"rendered":"https:\/\/senoticias.com.br\/se\/?p=125375"},"modified":"2020-10-22T16:08:54","modified_gmt":"2020-10-22T19:08:54","slug":"prefeitura-de-sao-cristovao-divulga-locais-e-horarios-da-campanha-de-vacinacao-antirrabica-de-caes-e-gatos","status":"publish","type":"post","link":"https:\/\/senoticias.com.br\/se\/prefeitura-de-sao-cristovao-divulga-locais-e-horarios-da-campanha-de-vacinacao-antirrabica-de-caes-e-gatos\/","title":{"rendered":"Prefeitura de S\u00e3o Crist\u00f3v\u00e3o divulga locais e hor\u00e1rios da campanha de vacina\u00e7\u00e3o antirr\u00e1bica de c\u00e3es e gatos"},"content":{"rendered":"\n<p>A campanha de vacina\u00e7\u00e3o antirr\u00e1bica 2020, come\u00e7ou no \u00faltimo dia 16 no munic\u00edpio de S\u00e3o Crist\u00f3v\u00e3o e tem realizado a\u00e7\u00f5es de vacina\u00e7\u00e3o em diversos pontos do centro hist\u00f3rico e da Grande Rosa Elze. S\u00e3o v\u00e1rios postos de atendimento que visam atender \u00e0 popula\u00e7\u00e3o e seus animais sempre de 8h \u00e0s 17h em dias e locais pr\u00e9-definidos.<\/p>\n\n\n\n<figure class=\"wp-block-image size-large\"><img loading=\"lazy\" decoding=\"async\" width=\"608\" height=\"1024\" src=\"https:\/\/senoticias.com.br\/se\/wp-content\/uploads\/2020\/10\/WhatsApp-Image-2020-10-22-at-07.27.35-608x1024.jpeg\" alt=\"\" class=\"wp-image-125376\"\/><figcaption>Vacina\u00e7\u00e3o antirr\u00e1bica de c\u00e3es e gatos j\u00e1  come\u00e7ou em S\u00e3o Crist\u00f3v\u00e3o<br> (foto: arquivo\/SE Not\u00edcias)<\/figcaption><\/figure>\n\n\n\n<p>Segundo Elis Correia, coordenadora de sa\u00fade ambiental, o munic\u00edpio n\u00e3o tem casos registrados de raiva e pretende continuar com esse \u00edndice zero. \u201cPara isso \u00e9 importante que toda a popula\u00e7\u00e3o vacine seus animais, sejam c\u00e3es ou gatos. Estamos distribu\u00eddos em todo o territ\u00f3rio da Grande Roza Elze e Centro Hist\u00f3rico e durante todo o m\u00eas estaremos percorrendo tamb\u00e9m a zona rural, de porta em porta\u201d, enfatiza Elis.<\/p>\n\n\n\n<p>C\u00e3es e gatos n\u00e3o devem ser vacinados se tiverem menos de tr\u00eas meses de idade, se estiverem no cio, gestante ou amamentando. Nesses casos, o propriet\u00e1rio do animal dever\u00e1 entrar em contato com a vigil\u00e2ncia em sa\u00fade, atrav\u00e9s do n\u00famero <strong>3045-4916<\/strong>, logo que passadas essas situa\u00e7\u00f5es para proceder a vacina\u00e7\u00e3o do animal.<\/p>\n\n\n\n<p>A raiva \u00e9 uma doen\u00e7a incur\u00e1vel e fatal nos animais e que pode ser transmitida aos humanos pela saliva dos animais infectados, sejam eles gatos ou cachorros. Como ainda n\u00e3o existe tratamento, a vacina\u00e7\u00e3o ainda \u00e9 o meio mais eficiente para preven\u00e7\u00e3o da doen\u00e7a. A programa\u00e7\u00e3o dos postos de vacina de S\u00e3o Crist\u00f3v\u00e3o prev\u00ea a\u00e7\u00f5es durante todo o m\u00eas de outubro e in\u00edcio de novembro.<\/p>\n\n\n\n<p>Confira os locais para vacina\u00e7\u00e3o do seu animal:<\/p>\n\n\n\n<p>16 e 17 de outubro: Alto Divineia ao lado da Unidade de Sa\u00fade, Bica dos Pintos e Creche do Alto Santo Ant\u00f4nio.<\/p>\n\n\n\n<p>23 e 24 de outubro: F\u00e1brica, Apicum e Romualdo Prado em frente \u00e0 antiga SEINFRA.<\/p>\n\n\n\n<p>30 e 31 de outubro: Alto da Colina, Campo do Loteamento Lauro Rocha e outro ponto na parte Alta do loteamento.<\/p>\n\n\n\n<p>06 e 07 de novembro: Pra\u00e7a matriz, Pra\u00e7a Jo\u00e3o Ferreira dos Reis e Bar Cural.<\/p>\n\n\n\n<p><strong>GRANDE ROSA ELZE<\/strong><\/p>\n\n\n\n<p>16 e 17 de outubro: Pra\u00e7a do Rosa Elze, Conjunto Maria do Carmo III e Jardim Universit\u00e1rio.<\/p>\n\n\n\n<p>23 e 24 de outubro: CEAC do Eduardo Gomes, Ponto de lota\u00e7\u00e3o do Eduardo Gomes e Pra\u00e7a da igreja Nossa Senhora de Loreto.<\/p>\n\n\n\n<p>30 e 31 de outubro: FETASE no Rosa Maria e em frente ao Franga\u00e7o no Rosa Maria e na pra\u00e7a central do Luiz Alves.<\/p>\n\n\n\n<p>06 e 07 de novembro: Associa\u00e7\u00e3o do Tijuquinha, Campinho do Tijuquinha II e Associa\u00e7\u00e3o de moradores do Madre Paulina.<\/p>\n\n\n\n<figure class=\"wp-block-image size-large\"><img loading=\"lazy\" decoding=\"async\" width=\"599\" height=\"78\" src=\"https:\/\/senoticias.com.br\/se\/wp-content\/uploads\/2020\/10\/Logo-SE-Noticias-4.jpg\" alt=\"\" class=\"wp-image-125330\" srcset=\"https:\/\/senoticias.com.br\/se\/wp-content\/uploads\/2020\/10\/Logo-SE-Noticias-4.jpg 599w, https:\/\/senoticias.com.br\/se\/wp-content\/uploads\/2020\/10\/Logo-SE-Noticias-4-300x39.jpg 300w\" sizes=\"(max-width: 599px) 100vw, 599px\" \/><\/figure>\n\n\n\n<p><strong><em>Acompanhe tamb\u00e9m o SE Not\u00edcias no&nbsp;<a rel=\"noreferrer noopener\" href=\"https:\/\/twitter.com\/Senoticias\" target=\"_blank\">Twitter<\/a>,&nbsp;<a rel=\"noreferrer noopener\" href=\"https:\/\/www.facebook.com\/senoticias1\" target=\"_blank\">Facebook<\/a>&nbsp;e no&nbsp;<a rel=\"noreferrer noopener\" href=\"https:\/\/www.instagram.com\/senoticias\/\" target=\"_blank\">Instagram<\/a><\/em><\/strong><\/p>\n\n\n\n<p><em>Da Assessoria de Imprensa<\/em><\/p>\n","protected":false},"excerpt":{"rendered":"<p>A campanha de vacina\u00e7\u00e3o antirr\u00e1bica 2020, come\u00e7ou no \u00faltimo dia 16 no munic\u00edpio de S\u00e3o Crist\u00f3v\u00e3o e tem realizado a\u00e7\u00f5es de vacina\u00e7\u00e3o em diversos pontos do centro hist\u00f3rico e da Grande Rosa Elze. S\u00e3o v\u00e1rios postos de atendimento que visam atender \u00e0 popula\u00e7\u00e3o e seus animais sempre de 8h \u00e0s 17h em dias e locais [&hellip;]<\/p>\n","protected":false},"author":6557,"featured_media":0,"comment_status":"closed","ping_status":"closed","sticky":false,"template":"","format":"standard","meta":{"footnotes":""},"categories":[15,38],"tags":[15678,81],"class_list":{"0":"post-125375","1":"post","2":"type-post","3":"status-publish","4":"format-standard","6":"category-destaques","7":"category-municipios","8":"tag-campanha-de-vacinacao-antirrabica","9":"tag-prefeitura-de-sao-cristovao"},"_links":{"self":[{"href":"https:\/\/senoticias.com.br\/se\/wp-json\/wp\/v2\/posts\/125375"}],"collection":[{"href":"https:\/\/senoticias.com.br\/se\/wp-json\/wp\/v2\/posts"}],"about":[{"href":"https:\/\/senoticias.com.br\/se\/wp-json\/wp\/v2\/types\/post"}],"author":[{"embeddable":true,"href":"https:\/\/senoticias.com.br\/se\/wp-json\/wp\/v2\/users\/6557"}],"replies":[{"embeddable":true,"href":"https:\/\/senoticias.com.br\/se\/wp-json\/wp\/v2\/comments?post=125375"}],"version-history":[{"count":0,"href":"https:\/\/senoticias.com.br\/se\/wp-json\/wp\/v2\/posts\/125375\/revisions"}],"wp:attachment":[{"href":"https:\/\/senoticias.com.br\/se\/wp-json\/wp\/v2\/media?parent=125375"}],"wp:term":[{"taxonomy":"category","embeddable":true,"href":"https:\/\/senoticias.com.br\/se\/wp-json\/wp\/v2\/categories?post=125375"},{"taxonomy":"post_tag","embeddable":true,"href":"https:\/\/senoticias.com.br\/se\/wp-json\/wp\/v2\/tags?post=125375"}],"curies":[{"name":"wp","href":"https:\/\/api.w.org\/{rel}","templated":true}]}}