{"id":125328,"date":"2020-10-18T07:58:56","date_gmt":"2020-10-18T10:58:56","guid":{"rendered":"https:\/\/senoticias.com.br\/se\/?p=125328"},"modified":"2020-10-18T08:02:09","modified_gmt":"2020-10-18T11:02:09","slug":"governo-de-sergipe-lanca-refis-de-icms-para-estimulo-a-recuperacao-de-empresas","status":"publish","type":"post","link":"https:\/\/senoticias.com.br\/se\/governo-de-sergipe-lanca-refis-de-icms-para-estimulo-a-recuperacao-de-empresas\/","title":{"rendered":"Governo de Sergipe lan\u00e7a Refis de ICMS para est\u00edmulo \u00e0 recupera\u00e7\u00e3o de empresas"},"content":{"rendered":"\n<p>O Governo do Estado tem investido esfor\u00e7os em busca do desenvolvimento econ\u00f4mico no p\u00f3s-pandemia. Atrav\u00e9s do Programa de Recupera\u00e7\u00e3o Econ\u00f4mica &#8211; Avan\u00e7a Sergipe, a administra\u00e7\u00e3o estadual tem atuado em diversas frentes, como forma de auxiliar os diversos setores afetados pela crise da Covid-19.<br><br>Neste sentido, as empresas afetadas passam a contar, a partir desta semana, com um Refis que estabelece regras especiais de negocia\u00e7\u00e3o para d\u00edvidas relacionadas ao Imposto sobre Circula\u00e7\u00e3o de Mercadorias e Servi\u00e7os (ICMS) em Sergipe. A iniciativa visa incentivar a quita\u00e7\u00e3o de pend\u00eancias tribut\u00e1rias com o fisco estadual.<br><br>Atrav\u00e9s do Refis 2020 as empresas podem negociar as d\u00edvidas de ICMS em condi\u00e7\u00f5es diferenciadas de pagamento, \u00e0 vista ou de forma parcelada, com descontos que podem chegar a 95% das multas e dos juros. O prazo de ades\u00e3o para essas condi\u00e7\u00f5es vai at\u00e9 30 de novembro. A partir de 01 de dezembro os percentuais de desconto para pagamentos \u00e0 vista ou parcelados sofrem altera\u00e7\u00e3o, mas ainda assim vantajosos. O prazo final para ades\u00e3o \u00e9 o dia 18 de dezembro.<br><br>A superintendente de Gest\u00e3o Tribut\u00e1ria da SEFAZ\/SE, Silvana Maria Lisboa Lima, explica que a ades\u00e3o ao Refis j\u00e1 pode ser feita atrav\u00e9s do site <a href=\"http:\/\/www.sefaz.se.gov.br\/\" target=\"_blank\" rel=\"noreferrer noopener\">www.sefaz.se.gov.br<\/a>: \u201cO acesso ao sistema \u00e9 simples e pr\u00e1tico. Por meio do site o contribuinte pode fazer todo o encaminhamento da negocia\u00e7\u00e3o e inclusive emitir o documento de pagamento\u201d, informa.<\/p>\n\n\n\n<figure class=\"wp-block-image size-large is-resized\"><img loading=\"lazy\" decoding=\"async\" src=\"https:\/\/senoticias.com.br\/se\/wp-content\/uploads\/2020\/10\/Refis-SE-Noticias-1024x449.jpg\" alt=\"\" class=\"wp-image-125329\" width=\"512\" height=\"225\" srcset=\"https:\/\/senoticias.com.br\/se\/wp-content\/uploads\/2020\/10\/Refis-SE-Noticias-1024x449.jpg 1024w, https:\/\/senoticias.com.br\/se\/wp-content\/uploads\/2020\/10\/Refis-SE-Noticias-300x131.jpg 300w, https:\/\/senoticias.com.br\/se\/wp-content\/uploads\/2020\/10\/Refis-SE-Noticias-768x337.jpg 768w, https:\/\/senoticias.com.br\/se\/wp-content\/uploads\/2020\/10\/Refis-SE-Noticias-1536x673.jpg 1536w, https:\/\/senoticias.com.br\/se\/wp-content\/uploads\/2020\/10\/Refis-SE-Noticias-2048x897.jpg 2048w\" sizes=\"(max-width: 512px) 100vw, 512px\" \/><figcaption><em>Segundo o Governo de Sergipe, a iniciativa visa incentivar a quita\u00e7\u00e3o de pend\u00eancias tribut\u00e1rias com o fisco estadual\u00a0<\/em>(foto: M\u00e1rio Sousa\/ASN)<\/figcaption><\/figure>\n\n\n\n<p><\/p>\n\n\n\n<p><strong><em>Acompanhe tamb\u00e9m o SE Not\u00edcias no\u00a0<a rel=\"noreferrer noopener\" href=\"https:\/\/twitter.com\/Senoticias\" target=\"_blank\">Twitter<\/a>,\u00a0<a rel=\"noreferrer noopener\" href=\"https:\/\/www.facebook.com\/senoticias1\" target=\"_blank\">Facebook<\/a>\u00a0e no\u00a0<a rel=\"noreferrer noopener\" href=\"https:\/\/www.instagram.com\/senoticias\/\" target=\"_blank\">Instagram<\/a><\/em><\/strong><\/p>\n\n\n\n<p><em>Mat\u00e9ria enviada pela Ag\u00eancia Sergipe de Not\u00edcias<\/em><\/p>\n\n\n\n<p><\/p>\n\n\n\n<p><\/p>\n\n\n\n<figure class=\"wp-block-image size-large\"><img loading=\"lazy\" decoding=\"async\" width=\"599\" height=\"78\" src=\"https:\/\/senoticias.com.br\/se\/wp-content\/uploads\/2020\/10\/Logo-SE-Noticias-4.jpg\" alt=\"\" class=\"wp-image-125330\" srcset=\"https:\/\/senoticias.com.br\/se\/wp-content\/uploads\/2020\/10\/Logo-SE-Noticias-4.jpg 599w, https:\/\/senoticias.com.br\/se\/wp-content\/uploads\/2020\/10\/Logo-SE-Noticias-4-300x39.jpg 300w\" sizes=\"(max-width: 599px) 100vw, 599px\" \/><\/figure>\n\n\n\n<p><\/p>\n","protected":false},"excerpt":{"rendered":"<p>O Governo do Estado tem investido esfor\u00e7os em busca do desenvolvimento econ\u00f4mico no p\u00f3s-pandemia. Atrav\u00e9s do Programa de Recupera\u00e7\u00e3o Econ\u00f4mica &#8211; Avan\u00e7a Sergipe, a administra\u00e7\u00e3o estadual tem atuado em diversas frentes, como forma de auxiliar os diversos setores afetados pela crise da Covid-19. Neste sentido, as empresas afetadas passam a contar, a partir desta semana, [&hellip;]<\/p>\n","protected":false},"author":6552,"featured_media":0,"comment_status":"closed","ping_status":"closed","sticky":false,"template":"","format":"standard","meta":{"footnotes":""},"categories":[15,6,1],"tags":[448,6533,3458],"class_list":{"0":"post-125328","1":"post","2":"type-post","3":"status-publish","4":"format-standard","6":"category-destaques","7":"category-politica","8":"category-sem-categoria","9":"tag-governo-de-sergipe","10":"tag-icms","11":"tag-refis"},"_links":{"self":[{"href":"https:\/\/senoticias.com.br\/se\/wp-json\/wp\/v2\/posts\/125328"}],"collection":[{"href":"https:\/\/senoticias.com.br\/se\/wp-json\/wp\/v2\/posts"}],"about":[{"href":"https:\/\/senoticias.com.br\/se\/wp-json\/wp\/v2\/types\/post"}],"author":[{"embeddable":true,"href":"https:\/\/senoticias.com.br\/se\/wp-json\/wp\/v2\/users\/6552"}],"replies":[{"embeddable":true,"href":"https:\/\/senoticias.com.br\/se\/wp-json\/wp\/v2\/comments?post=125328"}],"version-history":[{"count":0,"href":"https:\/\/senoticias.com.br\/se\/wp-json\/wp\/v2\/posts\/125328\/revisions"}],"wp:attachment":[{"href":"https:\/\/senoticias.com.br\/se\/wp-json\/wp\/v2\/media?parent=125328"}],"wp:term":[{"taxonomy":"category","embeddable":true,"href":"https:\/\/senoticias.com.br\/se\/wp-json\/wp\/v2\/categories?post=125328"},{"taxonomy":"post_tag","embeddable":true,"href":"https:\/\/senoticias.com.br\/se\/wp-json\/wp\/v2\/tags?post=125328"}],"curies":[{"name":"wp","href":"https:\/\/api.w.org\/{rel}","templated":true}]}}