{"id":125325,"date":"2020-10-17T06:23:49","date_gmt":"2020-10-17T09:23:49","guid":{"rendered":"https:\/\/senoticias.com.br\/se\/?p=125325"},"modified":"2020-10-17T06:25:17","modified_gmt":"2020-10-17T09:25:17","slug":"sergipe-passa-dos-809-mil-casos-da-covid-19-e-soma-2-124-mortes-pela-doenca","status":"publish","type":"post","link":"https:\/\/senoticias.com.br\/se\/sergipe-passa-dos-809-mil-casos-da-covid-19-e-soma-2-124-mortes-pela-doenca\/","title":{"rendered":"Sergipe passa dos 80,9 mil casos da Covid-19 e soma 2.124 mortes pela doen\u00e7a"},"content":{"rendered":"\n<p>A Secretaria de Estado da Sa\u00fade (SES) divulga nesta sexta-feira, 16, o boletim epidemiol\u00f3gico do coronav\u00edrus, com 192 casos e seis novos \u00f3bitos. Em Sergipe, 80.925 pessoas j\u00e1 testaram positivo para a COVID-19 e 2.124 morreram. Dos seis \u00f3bitos, cinco estavam em investiga\u00e7\u00e3o e foram confirmados. At\u00e9 o momento, 73.686 pacientes foram curados.<\/p>\n\n\n\n<figure class=\"wp-block-image size-large\"><img loading=\"lazy\" decoding=\"async\" width=\"1024\" height=\"613\" src=\"https:\/\/senoticias.com.br\/se\/wp-content\/uploads\/2020\/06\/Covid19-SE-Noticias-1024x613.jpg\" alt=\"\" class=\"wp-image-123873\"\/><figcaption>Mais cinco mortes estavam em investiga\u00e7\u00e3o, totalizando seis novos \u00f3bitos.\u00a0(foto arquivo\/ABr)<\/figcaption><\/figure>\n\n\n\n<p>Metade das mortes ocorreu em Aracaju: homem, 33 anos, com hipertens\u00e3o; e duas mulheres, de 75 anos, com neoplasia e hipertens\u00e3o e de 77 anos, com alzheimer.<\/p>\n\n\n\n<p>Os demais \u00f3bitos ocorreram no interior do estado: mulher, 90 anos, de Japaratuba, com hipertens\u00e3o; homem, 57 anos, morador de Po\u00e7o Verde, sem comorbidades; e homem, 81 anos, de Salgado, com hipertens\u00e3o e neoplasia.<\/p>\n\n\n\n<p>Foram realizados 181.809 exames e 100.884 foram negativados. Est\u00e3o internados 200 pacientes, sendo 91 em leitos de UTI (70 na rede p\u00fablica, sendo 67 adultas e 3 pedi\u00e1tricas; e 21 na rede privada, sendo 21 adultas e 0 pedi\u00e1tricas) e 109 em leitos cl\u00ednicos (84 na rede p\u00fablica e 25 na rede privada). S\u00e3o investigados mais quatro \u00f3bitos. Ainda aguardam resultado 1.153 exames coletados.<\/p>\n\n\n\n<p>Mais detalhes sobre o novo boletim epidemiol\u00f3gico da Covid-19 em\u00a0<a href=\"http:\/\/sergipecontraocoronavirus.net.br\/\">sergipecontraocoronavirus.net.br<\/a>.<\/p>\n\n\n\n<p><strong><em>Acompanhe tamb\u00e9m o SE Not\u00edcias no\u00a0<a rel=\"noreferrer noopener\" href=\"https:\/\/twitter.com\/Senoticias\" target=\"_blank\">Twitter<\/a>,\u00a0<a rel=\"noreferrer noopener\" href=\"https:\/\/www.facebook.com\/senoticias1\" target=\"_blank\">Facebook<\/a>\u00a0e no\u00a0<a rel=\"noreferrer noopener\" href=\"https:\/\/www.instagram.com\/senoticias\/\" target=\"_blank\">Instagram<\/a><\/em><\/strong><\/p>\n\n\n\n<figure class=\"wp-block-image size-large\"><img loading=\"lazy\" decoding=\"async\" width=\"599\" height=\"78\" src=\"https:\/\/senoticias.com.br\/se\/wp-content\/uploads\/2020\/10\/Logo-SE-Noticias-3.jpg\" alt=\"\" class=\"wp-image-125297\" srcset=\"https:\/\/senoticias.com.br\/se\/wp-content\/uploads\/2020\/10\/Logo-SE-Noticias-3.jpg 599w, https:\/\/senoticias.com.br\/se\/wp-content\/uploads\/2020\/10\/Logo-SE-Noticias-3-300x39.jpg 300w\" sizes=\"(max-width: 599px) 100vw, 599px\" \/><figcaption>Por Ag\u00eancia Sergipe de Not\u00edcias<\/figcaption><\/figure>\n","protected":false},"excerpt":{"rendered":"<p>A Secretaria de Estado da Sa\u00fade (SES) divulga nesta sexta-feira, 16, o boletim epidemiol\u00f3gico do coronav\u00edrus, com 192 casos e seis novos \u00f3bitos. Em Sergipe, 80.925 pessoas j\u00e1 testaram positivo para a COVID-19 e 2.124 morreram. Dos seis \u00f3bitos, cinco estavam em investiga\u00e7\u00e3o e foram confirmados. At\u00e9 o momento, 73.686 pacientes foram curados. Metade das [&hellip;]<\/p>\n","protected":false},"author":6552,"featured_media":0,"comment_status":"closed","ping_status":"closed","sticky":false,"template":"","format":"standard","meta":{"footnotes":""},"categories":[15,6,1],"tags":[14123,14279,448,14369],"class_list":{"0":"post-125325","1":"post","2":"type-post","3":"status-publish","4":"format-standard","6":"category-destaques","7":"category-politica","8":"category-sem-categoria","9":"tag-coronavirus","10":"tag-covid19","11":"tag-governo-de-sergipe","12":"tag-pandemia"},"_links":{"self":[{"href":"https:\/\/senoticias.com.br\/se\/wp-json\/wp\/v2\/posts\/125325"}],"collection":[{"href":"https:\/\/senoticias.com.br\/se\/wp-json\/wp\/v2\/posts"}],"about":[{"href":"https:\/\/senoticias.com.br\/se\/wp-json\/wp\/v2\/types\/post"}],"author":[{"embeddable":true,"href":"https:\/\/senoticias.com.br\/se\/wp-json\/wp\/v2\/users\/6552"}],"replies":[{"embeddable":true,"href":"https:\/\/senoticias.com.br\/se\/wp-json\/wp\/v2\/comments?post=125325"}],"version-history":[{"count":0,"href":"https:\/\/senoticias.com.br\/se\/wp-json\/wp\/v2\/posts\/125325\/revisions"}],"wp:attachment":[{"href":"https:\/\/senoticias.com.br\/se\/wp-json\/wp\/v2\/media?parent=125325"}],"wp:term":[{"taxonomy":"category","embeddable":true,"href":"https:\/\/senoticias.com.br\/se\/wp-json\/wp\/v2\/categories?post=125325"},{"taxonomy":"post_tag","embeddable":true,"href":"https:\/\/senoticias.com.br\/se\/wp-json\/wp\/v2\/tags?post=125325"}],"curies":[{"name":"wp","href":"https:\/\/api.w.org\/{rel}","templated":true}]}}