{"id":125320,"date":"2020-10-16T18:57:25","date_gmt":"2020-10-16T21:57:25","guid":{"rendered":"https:\/\/senoticias.com.br\/se\/?p=125320"},"modified":"2020-10-16T18:57:34","modified_gmt":"2020-10-16T21:57:34","slug":"desemprego-alcanca-14-milhoes-de-trabalhadores-diz-ibge","status":"publish","type":"post","link":"https:\/\/senoticias.com.br\/se\/desemprego-alcanca-14-milhoes-de-trabalhadores-diz-ibge\/","title":{"rendered":"Desemprego alcan\u00e7a 14 milh\u00f5es de trabalhadores, diz IBGE"},"content":{"rendered":"\n<p>A popula\u00e7\u00e3o desocupada no Brasil chegou a 14 milh\u00f5es no fim de setembro, segundo dados da Pesquisa Nacional por Amostra de Domic\u00edlios (Pnad Covid) divulgada esta manh\u00e3 pelo IBGE.<\/p>\n\n\n\n<figure class=\"wp-block-image size-large\"><img loading=\"lazy\" decoding=\"async\" width=\"1024\" height=\"512\" src=\"https:\/\/senoticias.com.br\/se\/wp-content\/uploads\/2020\/10\/carteira-de-trAbalho-senoticias.jpg\" alt=\"\" class=\"wp-image-125321\" srcset=\"https:\/\/senoticias.com.br\/se\/wp-content\/uploads\/2020\/10\/carteira-de-trAbalho-senoticias.jpg 1024w, https:\/\/senoticias.com.br\/se\/wp-content\/uploads\/2020\/10\/carteira-de-trAbalho-senoticias-300x150.jpg 300w, https:\/\/senoticias.com.br\/se\/wp-content\/uploads\/2020\/10\/carteira-de-trAbalho-senoticias-768x384.jpg 768w\" sizes=\"(max-width: 1024px) 100vw, 1024px\" \/><figcaption>Foto: Ag\u00eancia Brasil<\/figcaption><\/figure>\n\n\n\n<p>Apesar da alta em 700 mil pessoas desde a pesquisa anterior, o instituto apontou que houve estabilidade na taxa de desemprego, que \u00e9 de 14,4%.<\/p>\n\n\n\n<p>Houve redu\u00e7\u00e3o na popula\u00e7\u00e3o ocupada do pa\u00eds, que passou de 83,7 milh\u00f5es para 83 milh\u00f5es na \u00faltima semana do m\u00eas passado. A pesquisa tamb\u00e9m apontou estabilidade entre o contingente que trabalha remotamente (7,9 milh\u00f5es) nos n\u00edveis de ocupa\u00e7\u00e3o da popula\u00e7\u00e3o (48,7%) e de informalidade (34,2%).<\/p>\n\n\n\n<p>A Pnad tamb\u00e9m indicou queda no n\u00famero de pessoas com sintomas de s\u00edndrome gripal no pa\u00eds: a estimativa \u00e9 de que 8,3 milh\u00f5es de pessoas (ou 3,9% da popula\u00e7\u00e3o do pa\u00eds) apresentavam pelo menos um dos 12 sintomas de s\u00edndrome gripal. No fim de mar\u00e7o, quando a pandemia estava em est\u00e1gio inicial, 26,8 milh\u00f5es de pessoas (12,7% da popula\u00e7\u00e3o) relataram sintomas.<\/p>\n\n\n\n<figure class=\"wp-block-image size-large is-resized\"><img loading=\"lazy\" decoding=\"async\" src=\"https:\/\/senoticias.com.br\/se\/wp-content\/uploads\/2020\/10\/Logo-SE-Noticias-2.jpg\" alt=\"\" class=\"wp-image-125294\" width=\"580\" height=\"75\" srcset=\"https:\/\/senoticias.com.br\/se\/wp-content\/uploads\/2020\/10\/Logo-SE-Noticias-2.jpg 599w, https:\/\/senoticias.com.br\/se\/wp-content\/uploads\/2020\/10\/Logo-SE-Noticias-2-300x39.jpg 300w\" sizes=\"(max-width: 580px) 100vw, 580px\" \/><\/figure>\n\n\n\n<p><strong><em>Acompanhe tamb\u00e9m o SE Not\u00edcias no\u00a0<a rel=\"noreferrer noopener\" href=\"https:\/\/twitter.com\/Senoticias\" target=\"_blank\">Twitter<\/a>,\u00a0<a rel=\"noreferrer noopener\" href=\"https:\/\/www.facebook.com\/senoticias1\" target=\"_blank\">Facebook<\/a>\u00a0e no\u00a0<a rel=\"noreferrer noopener\" href=\"https:\/\/www.instagram.com\/senoticias\/\" target=\"_blank\">Instagram<\/a><\/em><\/strong><\/p>\n\n\n\n<p>Mat\u00e9ria extra\u00edda do site Congresso em Foco<\/p>\n","protected":false},"excerpt":{"rendered":"<p>A popula\u00e7\u00e3o desocupada no Brasil chegou a 14 milh\u00f5es no fim de setembro, segundo dados da Pesquisa Nacional por Amostra de Domic\u00edlios (Pnad Covid) divulgada esta manh\u00e3 pelo IBGE. Apesar da alta em 700 mil pessoas desde a pesquisa anterior, o instituto apontou que houve estabilidade na taxa de desemprego, que \u00e9 de 14,4%. Houve [&hellip;]<\/p>\n","protected":false},"author":6557,"featured_media":0,"comment_status":"closed","ping_status":"closed","sticky":false,"template":"","format":"standard","meta":{"footnotes":""},"categories":[7048,15,2961],"tags":[3405,3924,15657,15658],"class_list":{"0":"post-125320","1":"post","2":"type-post","3":"status-publish","4":"format-standard","6":"category-brasil","7":"category-destaques","8":"category-nacional","9":"tag-desemprego","10":"tag-ibge","11":"tag-pnad","12":"tag-pnad-covid"},"_links":{"self":[{"href":"https:\/\/senoticias.com.br\/se\/wp-json\/wp\/v2\/posts\/125320"}],"collection":[{"href":"https:\/\/senoticias.com.br\/se\/wp-json\/wp\/v2\/posts"}],"about":[{"href":"https:\/\/senoticias.com.br\/se\/wp-json\/wp\/v2\/types\/post"}],"author":[{"embeddable":true,"href":"https:\/\/senoticias.com.br\/se\/wp-json\/wp\/v2\/users\/6557"}],"replies":[{"embeddable":true,"href":"https:\/\/senoticias.com.br\/se\/wp-json\/wp\/v2\/comments?post=125320"}],"version-history":[{"count":0,"href":"https:\/\/senoticias.com.br\/se\/wp-json\/wp\/v2\/posts\/125320\/revisions"}],"wp:attachment":[{"href":"https:\/\/senoticias.com.br\/se\/wp-json\/wp\/v2\/media?parent=125320"}],"wp:term":[{"taxonomy":"category","embeddable":true,"href":"https:\/\/senoticias.com.br\/se\/wp-json\/wp\/v2\/categories?post=125320"},{"taxonomy":"post_tag","embeddable":true,"href":"https:\/\/senoticias.com.br\/se\/wp-json\/wp\/v2\/tags?post=125320"}],"curies":[{"name":"wp","href":"https:\/\/api.w.org\/{rel}","templated":true}]}}