{"id":125239,"date":"2020-10-02T08:44:25","date_gmt":"2020-10-02T11:44:25","guid":{"rendered":"https:\/\/senoticias.com.br\/se\/?p=125239"},"modified":"2020-10-02T08:44:25","modified_gmt":"2020-10-02T11:44:25","slug":"mais-de-60-pastores-sao-candidatos-em-sergipe","status":"publish","type":"post","link":"https:\/\/senoticias.com.br\/se\/mais-de-60-pastores-sao-candidatos-em-sergipe\/","title":{"rendered":"Mais de 60 pastores s\u00e3o candidatos em Sergipe"},"content":{"rendered":"<p style=\"text-align: justify;\">O crescimento dos evang\u00e9licos na pol\u00edtica e na disputa pelos espa\u00e7os de poder \u00e9 not\u00f3rio. Em Sergipe, apesar de n\u00e3o contarem mais com um pastor no Congresso Nacional ou na Assembleia Legislativa (Heleno Silva e Mardoqueu Bodano, respectivamente), os evang\u00e9licos se organizam na busca de mandatos nos munic\u00edpios.<\/p>\n<div id=\"attachment_125240\" style=\"width: 609px\" class=\"wp-caption alignnone\"><a href=\"https:\/\/senoticias.com.br\/se\/wp-content\/uploads\/2020\/10\/multidao-senoticias-e1601638370724.jpg\"><img loading=\"lazy\" decoding=\"async\" aria-describedby=\"caption-attachment-125240\" class=\"size-full wp-image-125240\" src=\"https:\/\/senoticias.com.br\/se\/wp-content\/uploads\/2020\/10\/multidao-senoticias-e1601638370724.jpg\" alt=\"\" width=\"599\" height=\"363\" \/><\/a><p id=\"caption-attachment-125240\" class=\"wp-caption-text\">Pelo menos 25 munic\u00edpios sergipanos contar\u00e3o com os l\u00edderes religiosos na disputa. Itabaiana \u00e9 a \u00fanica entre as maiores cidades onde n\u00e3o foram registrados candidatos-pastores<br \/>FOTO: Rovena Rosa \/ Agencia Brasil<\/p>\n<p><\/p><\/div>\n<p style=\"text-align: justify;\">H\u00e1 ainda 7 candidatos que levam na alcunha a palavra \u201cirm\u00e3o\u201d &#8211; caracteristicamente utilizada pelos protestantes. S\u00f3 na Barra dos Coqueiros, Irm\u00e3o Carlos e Irm\u00e3o Le\u00f4nidas est\u00e3o no p\u00e1reo.<\/p>\n<p style=\"text-align: justify;\">J\u00e1 os sacerdotes do catolicismo est\u00e3o seguindo a orienta\u00e7\u00e3o da arquidiocese e focando na batina: h\u00e1 apenas dois padres na corrida eleitoral em Sergipe.<\/p>\n<p style=\"text-align: justify;\">O levantamento considerou apenas os candidatos que carregam o t\u00edtulo religioso de pastor (55) ou bispo (5) no nome que estar\u00e1 nas urnas. H\u00e1 tamb\u00e9m parentes que utilizam a refer\u00eancia dos religiosos, como Wellington do Pastor Gilvan, em Laranjeiras.<\/p>\n<p style=\"text-align: justify;\">25 munic\u00edpios sergipanos ter\u00e3o pastores na disputa. Aracaju e Socorro s\u00e3o os campe\u00f5es do ranking, com 10 pastores-candidatos, cada um. Em Aracaju s\u00e3o 9 pastores e apenas 1 pastora. J\u00e1 em Socorro, dos 10 l\u00edderes religiosos na disputa, 5 s\u00e3o do sexo feminino.<\/p>\n<p style=\"text-align: justify;\">S\u00e3o Crist\u00f3v\u00e3o conta com cinco, enquanto Laranjeiras tem quatro e Barra dos Coqueiros tr\u00eas \u2013 dos quais duas s\u00e3o pastoras.<\/p>\n<p style=\"text-align: justify;\">Munic\u00edpios que possuem dois pastores na corrida eleitoral: Carm\u00f3polis; Est\u00e2ncia;Lagarto; Riachuelo e Santo Amaro.<\/p>\n<p style=\"text-align: justify;\">J\u00e1 as cidades abaixo possuem um l\u00edder evang\u00e9lico pleiteando assento na C\u00e2mara Municipal:<\/p>\n<p style=\"text-align: justify;\">Areia Branca; Boquim; Capela; Indiaroba; Itabaianinha; Itaporanga; Japoat\u00e3; Maruim; Nossa Senhora das Dores; Propri\u00e1; Ros\u00e1rio do Catete; Santa Luzia do Itanhy; Santa do S\u00e3o Francisco; Sim\u00e3o Dias e Tobias Barreto.<\/p>\n<p style=\"text-align: justify;\">Para concluir, uma curiosidade: entre os maiores munic\u00edpios de Sergipe, apenas Itabaiana n\u00e3o tem nenhum candidato-pastor.<\/p>\n<p style=\"text-align: justify;\"><a href=\"https:\/\/senoticias.com.br\/se\/wp-content\/uploads\/2020\/08\/Logo-SE-Noticias-1.jpg\"><img loading=\"lazy\" decoding=\"async\" class=\"alignnone size-full wp-image-124608\" src=\"https:\/\/senoticias.com.br\/se\/wp-content\/uploads\/2020\/08\/Logo-SE-Noticias-1.jpg\" alt=\"\" width=\"599\" height=\"78\" srcset=\"https:\/\/senoticias.com.br\/se\/wp-content\/uploads\/2020\/08\/Logo-SE-Noticias-1.jpg 599w, https:\/\/senoticias.com.br\/se\/wp-content\/uploads\/2020\/08\/Logo-SE-Noticias-1-300x39.jpg 300w\" sizes=\"(max-width: 599px) 100vw, 599px\" \/><\/a><\/p>\n<p><strong><em>Acompanhe tamb\u00e9m o SE Not\u00edcias no\u00a0<a href=\"https:\/\/twitter.com\/Senoticias\" target=\"_blank\" rel=\"noopener\">Twitter<\/a>,\u00a0<a href=\"https:\/\/www.facebook.com\/senoticias1\" target=\"_blank\" rel=\"noopener\">Facebook<\/a>\u00a0e no\u00a0<a href=\"https:\/\/www.instagram.com\/senoticias\/\" target=\"_blank\" rel=\"noopener\">Instagram<\/a><\/em><\/strong><\/p>\n<p>Mat\u00e9ria extra\u00edda do site Blog do Max<\/p>\n<p>&nbsp;<\/p>\n","protected":false},"excerpt":{"rendered":"<p>O crescimento dos evang\u00e9licos na pol\u00edtica e na disputa pelos espa\u00e7os de poder \u00e9 not\u00f3rio. Em Sergipe, apesar de n\u00e3o contarem mais com um pastor no Congresso Nacional ou na Assembleia Legislativa (Heleno Silva e Mardoqueu Bodano, respectivamente), os evang\u00e9licos se organizam na busca de mandatos nos munic\u00edpios. H\u00e1 ainda 7 candidatos que levam na [&hellip;]<\/p>\n","protected":false},"author":6557,"featured_media":0,"comment_status":"closed","ping_status":"closed","sticky":false,"template":"","format":"standard","meta":{"footnotes":""},"categories":[15,6],"tags":[15629,8507,1267],"class_list":{"0":"post-125239","1":"post","2":"type-post","3":"status-publish","4":"format-standard","6":"category-destaques","7":"category-politica","8":"tag-candidatos-pastores","9":"tag-eleicoes-2020","10":"tag-eleicoes-em-sergipe"},"_links":{"self":[{"href":"https:\/\/senoticias.com.br\/se\/wp-json\/wp\/v2\/posts\/125239"}],"collection":[{"href":"https:\/\/senoticias.com.br\/se\/wp-json\/wp\/v2\/posts"}],"about":[{"href":"https:\/\/senoticias.com.br\/se\/wp-json\/wp\/v2\/types\/post"}],"author":[{"embeddable":true,"href":"https:\/\/senoticias.com.br\/se\/wp-json\/wp\/v2\/users\/6557"}],"replies":[{"embeddable":true,"href":"https:\/\/senoticias.com.br\/se\/wp-json\/wp\/v2\/comments?post=125239"}],"version-history":[{"count":0,"href":"https:\/\/senoticias.com.br\/se\/wp-json\/wp\/v2\/posts\/125239\/revisions"}],"wp:attachment":[{"href":"https:\/\/senoticias.com.br\/se\/wp-json\/wp\/v2\/media?parent=125239"}],"wp:term":[{"taxonomy":"category","embeddable":true,"href":"https:\/\/senoticias.com.br\/se\/wp-json\/wp\/v2\/categories?post=125239"},{"taxonomy":"post_tag","embeddable":true,"href":"https:\/\/senoticias.com.br\/se\/wp-json\/wp\/v2\/tags?post=125239"}],"curies":[{"name":"wp","href":"https:\/\/api.w.org\/{rel}","templated":true}]}}