{"id":125237,"date":"2020-10-02T06:13:17","date_gmt":"2020-10-02T09:13:17","guid":{"rendered":"https:\/\/senoticias.com.br\/se\/?p=125237"},"modified":"2020-10-02T06:13:17","modified_gmt":"2020-10-02T09:13:17","slug":"pai-e-filho-morrem-dentro-de-cisterna-no-municipio-de-capela","status":"publish","type":"post","link":"https:\/\/senoticias.com.br\/se\/pai-e-filho-morrem-dentro-de-cisterna-no-municipio-de-capela\/","title":{"rendered":"Pai e filho morrem dentro de cisterna no munic\u00edpio de Capela"},"content":{"rendered":"<p style=\"text-align: justify;\">Dois homens morreram ap\u00f3s ca\u00edrem dentro de um po\u00e7o. O acidente aconteceu no in\u00edcio da tarde desta quinta-feira, 1\u00ba, no povoado Miranda, na zona rural do munic\u00edpio de Capela, distante 67 km de Aracaju.<\/p>\n<div id=\"attachment_125238\" style=\"width: 610px\" class=\"wp-caption alignnone\"><a href=\"https:\/\/senoticias.com.br\/se\/wp-content\/uploads\/2020\/10\/CBMSE-e1601629864766.jpeg\"><img loading=\"lazy\" decoding=\"async\" aria-describedby=\"caption-attachment-125238\" class=\"size-full wp-image-125238\" src=\"https:\/\/senoticias.com.br\/se\/wp-content\/uploads\/2020\/10\/CBMSE-e1601629864766.jpeg\" alt=\"\" width=\"600\" height=\"359\" \/><\/a><p id=\"caption-attachment-125238\" class=\"wp-caption-text\">Segundo os Bombeiros, homem passou mal e filho tentou socorrer, mas acabou se acidentando. (Foto: CBMSE)<\/p><\/div>\n<p style=\"text-align: justify;\">De acordo com a 2\u00aa Companhia do 9\u00ba Batalh\u00e3o da Pol\u00edcia Militar, a informa\u00e7\u00e3o inicial \u00e9 de que as v\u00edtimas s\u00e3o pai e filho.<\/p>\n<p style=\"text-align: justify;\">O Corpo de Bombeiros foi acionado e isolou a \u00e1rea. Neste momento, as equipes trabalham na drenagem do po\u00e7o para fazer a retirada dos corpos das v\u00edtimas.<\/p>\n<p style=\"text-align: justify;\">A informa\u00e7\u00e3o do Corpo de Bombeiros \u00e9 que um homem entrou na cisterna e n\u00e3o conseguiu sair. O filho entrou para salv\u00e1-lo e tamb\u00e9m ficou preso. Ainda segundo os bombeiros, a profundidade do po\u00e7o \u00e9 de 20 metros e o n\u00edvel de \u00e1gua de 2 a 3 metros.<\/p>\n<p style=\"text-align: justify;\">O Corpo de Bombeiros confirmou que o caso foi registrado no Centro Integrado de Opera\u00e7\u00f5es em Seguran\u00e7a P\u00fablica (CIOSP). O Instituto M\u00e9dico Legal (IML) e a Pol\u00edcia Civil dever\u00e3o ser acionados.<\/p>\n<p>&nbsp;<\/p>\n<p><a href=\"https:\/\/senoticias.com.br\/se\/wp-content\/uploads\/2020\/09\/Logo-novo-fone-1.jpg\"><img loading=\"lazy\" decoding=\"async\" class=\"alignnone size-full wp-image-125163\" src=\"https:\/\/senoticias.com.br\/se\/wp-content\/uploads\/2020\/09\/Logo-novo-fone-1.jpg\" alt=\"\" width=\"599\" height=\"78\" srcset=\"https:\/\/senoticias.com.br\/se\/wp-content\/uploads\/2020\/09\/Logo-novo-fone-1.jpg 599w, https:\/\/senoticias.com.br\/se\/wp-content\/uploads\/2020\/09\/Logo-novo-fone-1-300x39.jpg 300w\" sizes=\"(max-width: 599px) 100vw, 599px\" \/><\/a><\/p>\n<p>&nbsp;<\/p>\n<p>&nbsp;<\/p>\n<p style=\"text-align: justify;\"><em>Por Isabella Vieira e Verlane Est\u00e1cio, do portal Infonet<\/em><\/p>\n","protected":false},"excerpt":{"rendered":"<p>Dois homens morreram ap\u00f3s ca\u00edrem dentro de um po\u00e7o. O acidente aconteceu no in\u00edcio da tarde desta quinta-feira, 1\u00ba, no povoado Miranda, na zona rural do munic\u00edpio de Capela, distante 67 km de Aracaju. De acordo com a 2\u00aa Companhia do 9\u00ba Batalh\u00e3o da Pol\u00edcia Militar, a informa\u00e7\u00e3o inicial \u00e9 de que as v\u00edtimas s\u00e3o [&hellip;]<\/p>\n","protected":false},"author":6552,"featured_media":125238,"comment_status":"closed","ping_status":"closed","sticky":false,"template":"","format":"standard","meta":{"footnotes":""},"categories":[15,38],"tags":[978,539,15628],"class_list":{"0":"post-125237","1":"post","2":"type-post","3":"status-publish","4":"format-standard","5":"has-post-thumbnail","7":"category-destaques","8":"category-municipios","9":"tag-capela","10":"tag-corpo-de-bombeiros","11":"tag-pai-filho-morrem-afogados"},"_links":{"self":[{"href":"https:\/\/senoticias.com.br\/se\/wp-json\/wp\/v2\/posts\/125237"}],"collection":[{"href":"https:\/\/senoticias.com.br\/se\/wp-json\/wp\/v2\/posts"}],"about":[{"href":"https:\/\/senoticias.com.br\/se\/wp-json\/wp\/v2\/types\/post"}],"author":[{"embeddable":true,"href":"https:\/\/senoticias.com.br\/se\/wp-json\/wp\/v2\/users\/6552"}],"replies":[{"embeddable":true,"href":"https:\/\/senoticias.com.br\/se\/wp-json\/wp\/v2\/comments?post=125237"}],"version-history":[{"count":0,"href":"https:\/\/senoticias.com.br\/se\/wp-json\/wp\/v2\/posts\/125237\/revisions"}],"wp:featuredmedia":[{"embeddable":true,"href":"https:\/\/senoticias.com.br\/se\/wp-json\/wp\/v2\/media\/125238"}],"wp:attachment":[{"href":"https:\/\/senoticias.com.br\/se\/wp-json\/wp\/v2\/media?parent=125237"}],"wp:term":[{"taxonomy":"category","embeddable":true,"href":"https:\/\/senoticias.com.br\/se\/wp-json\/wp\/v2\/categories?post=125237"},{"taxonomy":"post_tag","embeddable":true,"href":"https:\/\/senoticias.com.br\/se\/wp-json\/wp\/v2\/tags?post=125237"}],"curies":[{"name":"wp","href":"https:\/\/api.w.org\/{rel}","templated":true}]}}