{"id":125233,"date":"2020-10-01T19:22:31","date_gmt":"2020-10-01T22:22:31","guid":{"rendered":"https:\/\/senoticias.com.br\/se\/?p=125233"},"modified":"2020-10-02T05:37:35","modified_gmt":"2020-10-02T08:37:35","slug":"senado-aprova-ampliacao-de-poupanca-digital-para-recebimento-de-beneficios","status":"publish","type":"post","link":"https:\/\/senoticias.com.br\/se\/senado-aprova-ampliacao-de-poupanca-digital-para-recebimento-de-beneficios\/","title":{"rendered":"Senado aprova amplia\u00e7\u00e3o de poupan\u00e7a digital para recebimento de benef\u00edcios"},"content":{"rendered":"<p style=\"text-align: justify;\">Os senadores aprovaram nesta quinta-feira (1\u00ba), por unanimidade, a medida provis\u00f3ria que amplia o uso de poupan\u00e7a social digital para recebimento de benef\u00edcios sociais (MP 982\/2020). A conta foi criada para recebimento do aux\u00edlio emergencial de R$ 600 por benefici\u00e1rios n\u00e3o correntistas da Caixa, e poder\u00e1 ser usada tamb\u00e9m para recebimento de abono salarial e saque do FGTS. Com as altera\u00e7\u00f5es feitas pelos parlamentares, a MP segue \u00e0 san\u00e7\u00e3o presidencial.<\/p>\n<div id=\"attachment_82197\" style=\"width: 500px\" class=\"wp-caption alignnone\"><a href=\"https:\/\/senoticias.com.br\/se\/wp-content\/uploads\/2015\/07\/caixa-economica-0051-490x366.jpg\"><img loading=\"lazy\" decoding=\"async\" aria-describedby=\"caption-attachment-82197\" class=\"size-full wp-image-82197\" src=\"https:\/\/senoticias.com.br\/se\/wp-content\/uploads\/2015\/07\/caixa-economica-0051-490x366.jpg\" alt=\"\" width=\"490\" height=\"366\" srcset=\"https:\/\/senoticias.com.br\/se\/wp-content\/uploads\/2015\/07\/caixa-economica-0051-490x366.jpg 490w, https:\/\/senoticias.com.br\/se\/wp-content\/uploads\/2015\/07\/caixa-economica-0051-490x366-300x224.jpg 300w, https:\/\/senoticias.com.br\/se\/wp-content\/uploads\/2015\/07\/caixa-economica-0051-490x366-342x255.jpg 342w, https:\/\/senoticias.com.br\/se\/wp-content\/uploads\/2015\/07\/caixa-economica-0051-490x366-60x45.jpg 60w, https:\/\/senoticias.com.br\/se\/wp-content\/uploads\/2015\/07\/caixa-economica-0051-490x366-150x113.jpg 150w, https:\/\/senoticias.com.br\/se\/wp-content\/uploads\/2015\/07\/caixa-economica-0051-490x366-269x201.jpg 269w\" sizes=\"(max-width: 490px) 100vw, 490px\" \/><\/a><p id=\"caption-attachment-82197\" class=\"wp-caption-text\">Ag\u00eancia da Caixa Econ\u00f4mica (foto: arquivo ABR)<\/p><\/div>\n<p style=\"text-align: justify;\">Relatado por Jaques Wagner (PT-BA) no Senado e por Gast\u00e3o Vieira (Pros-MA) na C\u00e2mara, o texto original foi modificado para ampliar o n\u00famero de transfer\u00eancias eletr\u00f4nicas de valores sem custo, de uma para tr\u00eas. Tamb\u00e9m foi inclu\u00edda a emiss\u00e3o de um cart\u00e3o de d\u00e9bito pelo governo para pagamento dos boletos banc\u00e1rios, no caso de titulares que n\u00e3o tenham acesso a outros recursos tecnol\u00f3gicos para a movimenta\u00e7\u00e3o digital.<\/p>\n<p style=\"text-align: justify;\">Outro trecho impede que as institui\u00e7\u00f5es financeiras se utilizem dos recursos liberados da conta digital para descontar eventuais d\u00e9bitos do titular. Os parlamentares consideraram que descontos desse tipo limitariam o acesso dos recursos pelo benefici\u00e1rio, prejudicando-o no momento em que mais necessita de suporte financeiro.<\/p>\n<p style=\"text-align: justify;\">\u201cApenas lamentamos que uma medida de inclus\u00e3o meramente formal, como \u00e9 o caso da poupan\u00e7a social digital, tenha vindo apenas em um contexto de pandemia\u201d, escreveu o senador Jaques Wagner. \u201cAinda que seja um instrumento ben\u00e9fico e digno de louvor, a poupan\u00e7a social digital para realmente suscitar inclus\u00e3o social necessita de vir acompanhada de outras medidas que gerem uma melhor distribui\u00e7\u00e3o da renda e da riqueza.\u201d<\/p>\n<p style=\"text-align: justify;\"><strong>Cr\u00e9dito extraordin\u00e1rio<\/strong><\/p>\n<p>Tamb\u00e9m foi aprovada hoje a MP 976\/20, que liberou cr\u00e9dito de R$ 4,5 bilh\u00f5es para o Minist\u00e9rio da Sa\u00fade destinar para a\u00e7\u00f5es contra a covid-19. Como n\u00e3o foram feitas modifica\u00e7\u00f5es em rela\u00e7\u00e3o ao texto original, a MP vai \u00e0 promulga\u00e7\u00e3o.<\/p>\n<p><a href=\"https:\/\/senoticias.com.br\/se\/wp-content\/uploads\/2020\/08\/Logo-SE-Noticias-1-1-e1597675148375.jpg\"><img loading=\"lazy\" decoding=\"async\" class=\"alignnone size-full wp-image-124612\" src=\"https:\/\/senoticias.com.br\/se\/wp-content\/uploads\/2020\/08\/Logo-SE-Noticias-1-1-e1597675148375.jpg\" alt=\"\" width=\"550\" height=\"72\" \/><\/a><\/p>\n<p><strong><em>Acompanhe tamb\u00e9m o SE Not\u00edcias no\u00a0<a href=\"https:\/\/twitter.com\/Senoticias\" target=\"_blank\" rel=\"noopener\">Twitter<\/a>,\u00a0<a href=\"https:\/\/www.facebook.com\/senoticias1\" target=\"_blank\" rel=\"noopener\">Facebook<\/a>\u00a0e no\u00a0<a href=\"https:\/\/www.instagram.com\/senoticias\/\" target=\"_blank\" rel=\"noopener\">Instagram<\/a><\/em><\/strong><\/p>\n<p><em>Por Ag\u00eancia Brasil<\/em><\/p>\n","protected":false},"excerpt":{"rendered":"<p>Os senadores aprovaram nesta quinta-feira (1\u00ba), por unanimidade, a medida provis\u00f3ria que amplia o uso de poupan\u00e7a social digital para recebimento de benef\u00edcios sociais (MP 982\/2020). A conta foi criada para recebimento do aux\u00edlio emergencial de R$ 600 por benefici\u00e1rios n\u00e3o correntistas da Caixa, e poder\u00e1 ser usada tamb\u00e9m para recebimento de abono salarial e [&hellip;]<\/p>\n","protected":false},"author":6557,"featured_media":109323,"comment_status":"closed","ping_status":"closed","sticky":false,"template":"","format":"standard","meta":{"footnotes":""},"categories":[15,6],"tags":[14351,15627,14369,8255],"class_list":{"0":"post-125233","1":"post","2":"type-post","3":"status-publish","4":"format-standard","5":"has-post-thumbnail","7":"category-destaques","8":"category-politica","9":"tag-auxilio-emergencial","10":"tag-conta-poupanca-social-digital","11":"tag-pandemia","12":"tag-senado-federal"},"_links":{"self":[{"href":"https:\/\/senoticias.com.br\/se\/wp-json\/wp\/v2\/posts\/125233"}],"collection":[{"href":"https:\/\/senoticias.com.br\/se\/wp-json\/wp\/v2\/posts"}],"about":[{"href":"https:\/\/senoticias.com.br\/se\/wp-json\/wp\/v2\/types\/post"}],"author":[{"embeddable":true,"href":"https:\/\/senoticias.com.br\/se\/wp-json\/wp\/v2\/users\/6557"}],"replies":[{"embeddable":true,"href":"https:\/\/senoticias.com.br\/se\/wp-json\/wp\/v2\/comments?post=125233"}],"version-history":[{"count":0,"href":"https:\/\/senoticias.com.br\/se\/wp-json\/wp\/v2\/posts\/125233\/revisions"}],"wp:featuredmedia":[{"embeddable":true,"href":"https:\/\/senoticias.com.br\/se\/wp-json\/wp\/v2\/media\/109323"}],"wp:attachment":[{"href":"https:\/\/senoticias.com.br\/se\/wp-json\/wp\/v2\/media?parent=125233"}],"wp:term":[{"taxonomy":"category","embeddable":true,"href":"https:\/\/senoticias.com.br\/se\/wp-json\/wp\/v2\/categories?post=125233"},{"taxonomy":"post_tag","embeddable":true,"href":"https:\/\/senoticias.com.br\/se\/wp-json\/wp\/v2\/tags?post=125233"}],"curies":[{"name":"wp","href":"https:\/\/api.w.org\/{rel}","templated":true}]}}