{"id":125193,"date":"2020-09-28T18:20:58","date_gmt":"2020-09-28T21:20:58","guid":{"rendered":"https:\/\/senoticias.com.br\/se\/?p=125193"},"modified":"2020-09-28T18:20:58","modified_gmt":"2020-09-28T21:20:58","slug":"governo-adia-reforma-tributaria-por-falta-de-acordo-e-anuncia-novo-programa","status":"publish","type":"post","link":"https:\/\/senoticias.com.br\/se\/governo-adia-reforma-tributaria-por-falta-de-acordo-e-anuncia-novo-programa\/","title":{"rendered":"Governo adia reforma tribut\u00e1ria por falta de acordo e anuncia novo programa"},"content":{"rendered":"<p style=\"text-align: justify;\">O presidente Jair Bolsonaro fez na tarde desta segunda-feira (28) pronunciamento \u00e0 imprensa para divulgar o Renda Cidad\u00e3, novo programa social que deve substituir o Bolsa Fam\u00edlia.<\/p>\n<div id=\"attachment_125194\" style=\"width: 487px\" class=\"wp-caption alignnone\"><a href=\"https:\/\/senoticias.com.br\/se\/wp-content\/uploads\/2020\/09\/guedes-senoticias.jpg\"><img loading=\"lazy\" decoding=\"async\" aria-describedby=\"caption-attachment-125194\" class=\"size-full wp-image-125194\" src=\"https:\/\/senoticias.com.br\/se\/wp-content\/uploads\/2020\/09\/guedes-senoticias.jpg\" alt=\"\" width=\"477\" height=\"251\" srcset=\"https:\/\/senoticias.com.br\/se\/wp-content\/uploads\/2020\/09\/guedes-senoticias.jpg 477w, https:\/\/senoticias.com.br\/se\/wp-content\/uploads\/2020\/09\/guedes-senoticias-300x158.jpg 300w, https:\/\/senoticias.com.br\/se\/wp-content\/uploads\/2020\/09\/guedes-senoticias-475x251.jpg 475w\" sizes=\"(max-width: 477px) 100vw, 477px\" \/><\/a><p id=\"caption-attachment-125194\" class=\"wp-caption-text\"><br \/>C\u00fapula do governo anuncia novo programa social<\/p><\/div>\n<p style=\"text-align: justify;\">O envio do restante da participa\u00e7\u00e3o do governo na reforma tribut\u00e1ria, com uma ampla desonera\u00e7\u00e3o na folha de pagamento e a cria\u00e7\u00e3o de um novo tributo sobre movimenta\u00e7\u00f5es financeiras similar \u00e0 extinta CPMF, foi adiado.<\/p>\n<p style=\"text-align: justify;\">De acordo com o l\u00edder do governo na C\u00e2mara, Ricardo Barros (PP-PR), as mudan\u00e7as tribut\u00e1rias n\u00e3o tiveram consenso entre os l\u00edderes partid\u00e1rios no Congresso. O ponto mais pol\u00eamico \u00e9 a fonte de financiamento da desonera\u00e7\u00e3o da folha de pagamento. O ministro da Economia, Paulo Guedes, defende a cria\u00e7\u00e3o de um novo tributo. Mas o Congresso resiste.<\/p>\n<p style=\"text-align: justify;\">O senador M\u00e1rcio Bittar (MDB-AC), relator do or\u00e7amento de 2021 e da proposta de emenda \u00e0 Constitui\u00e7\u00e3o (PEC) do Pacto Federativo, disse que o Renda Cidad\u00e3 vai utilizar recursos da Uni\u00e3o usados para o pagamento de precat\u00f3rios, que s\u00e3o requisi\u00e7\u00f5es de pagamentos determinadas pela Justi\u00e7a as quais o benefici\u00e1rio que ganhar uma a\u00e7\u00e3o judicial tem direito de receber do poder p\u00fablico.<\/p>\n<p style=\"text-align: justify;\">O emedebista tamb\u00e9m que disse o trecho do Fundo de Manuten\u00e7\u00e3o e Desenvolvimento da Educa\u00e7\u00e3o B\u00e1sica (Fundeb) reservado para a educa\u00e7\u00e3o na primeira inf\u00e2ncia vai ser usado no novo programa social. O Congresso aprovou no fim de agosto uma PEC que amplia de 10% para 23% a participa\u00e7\u00e3o da Uni\u00e3o no Fundeb, destes 23%, 5% s\u00e3o vinculados para a educa\u00e7\u00e3o infantil.<\/p>\n<p style=\"text-align: justify;\">O fundo n\u00e3o \u00e9 contabilizado pela regra do teto de gastos e usar como parte do financiamento do novo programa social \u00e9 uma estrat\u00e9gia de burlar a regra fiscal, que limita as despesas da Uni\u00e3o ao n\u00edvel de infla\u00e7\u00e3o do ano anterior.<\/p>\n<p style=\"text-align: justify;\">\n<p style=\"text-align: justify;\">As informa\u00e7\u00f5es foram dadas ap\u00f3s reuni\u00e3o com o presidente Jair Bolsonaro, ministros e l\u00edderes do governo. O remanejamento das verbas dos precat\u00f3rios e do Fundeb estar\u00e3o na PEC do Pacto Federativo, que Bittar deu a previs\u00e3o de apresentar nesta semana. O senador afirmou que ideia \u00e9 estabelecer um limite para o valor que a Uni\u00e3o destina aos precat\u00f3rios.<\/p>\n<p style=\"text-align: justify;\">&#8220;O Brasil tem no or\u00e7amento R$ 55 bilh\u00f5es para pagar precat\u00f3rio e n\u00f3s vamos utilizar e botar na relatoria que apresento nesta semana o limite de 2% das receitas correntes l\u00edquidas, que \u00e9 mais ou menos o que j\u00e1 fazem estados e munic\u00edpios, estabelecem esse mesmo piso, vamos estabelecer a mesma coisa para o governo federal, 2% das receitas correntes l\u00edquidas para pagar precat\u00f3rio&#8221;, declarou o senador.<\/p>\n<p style=\"text-align: justify;\">O l\u00edder do governo na C\u00e2mara, Ricardo Barros, tamb\u00e9m comentou sobre o novo programa social. De acordo com ele, os valores do benef\u00edcio ser\u00e3o definidos quando Bittar apresentar o relat\u00f3rio do or\u00e7amento de 2021.<\/p>\n<p style=\"text-align: justify;\">&#8220;Terminada reuni\u00e3o de l\u00edderes e ministros no pal\u00e1cio da Alvorada com o presidente Bolsonaro. O relator senador M\u00e1rcio Bittar criar\u00e1 o programa na constitui\u00e7\u00e3o brasileira, e o valor ser\u00e1 definido no or\u00e7amento da Uni\u00e3o, sem furar o teto de gastos&#8221;, declarou<\/p>\n<p style=\"text-align: justify;\">.<a href=\"https:\/\/senoticias.com.br\/se\/wp-content\/uploads\/2020\/09\/Logo-novo-fone-1.jpg\"><img loading=\"lazy\" decoding=\"async\" class=\"alignnone size-full wp-image-125163\" src=\"https:\/\/senoticias.com.br\/se\/wp-content\/uploads\/2020\/09\/Logo-novo-fone-1.jpg\" alt=\"\" width=\"599\" height=\"78\" srcset=\"https:\/\/senoticias.com.br\/se\/wp-content\/uploads\/2020\/09\/Logo-novo-fone-1.jpg 599w, https:\/\/senoticias.com.br\/se\/wp-content\/uploads\/2020\/09\/Logo-novo-fone-1-300x39.jpg 300w\" sizes=\"(max-width: 599px) 100vw, 599px\" \/><\/a><\/p>\n<p><em><strong>Acompanhe tamb\u00e9m o SE Not\u00edcias no\u00a0<a href=\"https:\/\/twitter.com\/Senoticias\" target=\"_blank\" rel=\"noopener\">Twitter<\/a>,\u00a0<a href=\"https:\/\/www.facebook.com\/senoticias1\" target=\"_blank\" rel=\"noopener\">Facebook<\/a>\u00a0e no\u00a0<a href=\"https:\/\/www.instagram.com\/senoticias\/\" target=\"_blank\" rel=\"noopener\">Instagram<\/a><\/strong><\/em><\/p>\n<p>Mat\u00e9ria extra\u00edda do site Congresso em foco<\/p>\n","protected":false},"excerpt":{"rendered":"<p>O presidente Jair Bolsonaro fez na tarde desta segunda-feira (28) pronunciamento \u00e0 imprensa para divulgar o Renda Cidad\u00e3, novo programa social que deve substituir o Bolsa Fam\u00edlia. O envio do restante da participa\u00e7\u00e3o do governo na reforma tribut\u00e1ria, com uma ampla desonera\u00e7\u00e3o na folha de pagamento e a cria\u00e7\u00e3o de um novo tributo sobre movimenta\u00e7\u00f5es [&hellip;]<\/p>\n","protected":false},"author":6557,"featured_media":0,"comment_status":"closed","ping_status":"closed","sticky":false,"template":"","format":"standard","meta":{"footnotes":""},"categories":[15,6],"tags":[4440,3272,15612,15611],"class_list":{"0":"post-125193","1":"post","2":"type-post","3":"status-publish","4":"format-standard","6":"category-destaques","7":"category-politica","8":"tag-bolsa-familia","9":"tag-bolsonaro","10":"tag-programa-social","11":"tag-renda-cidada"},"_links":{"self":[{"href":"https:\/\/senoticias.com.br\/se\/wp-json\/wp\/v2\/posts\/125193"}],"collection":[{"href":"https:\/\/senoticias.com.br\/se\/wp-json\/wp\/v2\/posts"}],"about":[{"href":"https:\/\/senoticias.com.br\/se\/wp-json\/wp\/v2\/types\/post"}],"author":[{"embeddable":true,"href":"https:\/\/senoticias.com.br\/se\/wp-json\/wp\/v2\/users\/6557"}],"replies":[{"embeddable":true,"href":"https:\/\/senoticias.com.br\/se\/wp-json\/wp\/v2\/comments?post=125193"}],"version-history":[{"count":0,"href":"https:\/\/senoticias.com.br\/se\/wp-json\/wp\/v2\/posts\/125193\/revisions"}],"wp:attachment":[{"href":"https:\/\/senoticias.com.br\/se\/wp-json\/wp\/v2\/media?parent=125193"}],"wp:term":[{"taxonomy":"category","embeddable":true,"href":"https:\/\/senoticias.com.br\/se\/wp-json\/wp\/v2\/categories?post=125193"},{"taxonomy":"post_tag","embeddable":true,"href":"https:\/\/senoticias.com.br\/se\/wp-json\/wp\/v2\/tags?post=125193"}],"curies":[{"name":"wp","href":"https:\/\/api.w.org\/{rel}","templated":true}]}}