{"id":125186,"date":"2020-09-28T17:16:07","date_gmt":"2020-09-28T20:16:07","guid":{"rendered":"https:\/\/senoticias.com.br\/se\/?p=125186"},"modified":"2020-09-28T17:26:03","modified_gmt":"2020-09-28T20:26:03","slug":"danielle-garcia-ouve-reivindicacoes-dos-servidores-do-municipio-de-aracaju","status":"publish","type":"post","link":"https:\/\/senoticias.com.br\/se\/danielle-garcia-ouve-reivindicacoes-dos-servidores-do-municipio-de-aracaju\/","title":{"rendered":"Danielle Garcia ouve reivindica\u00e7\u00f5es dos servidores do munic\u00edpio de Aracaju"},"content":{"rendered":"<p style=\"text-align: justify;\">Na manh\u00e3 desta segunda-feira (28), a candidata a prefeita de Aracaju, delegada Danielle Garcia 23 (Cidadania), foi at\u00e9 a sede do Sindicato dos Servidores P\u00fablicos Municipais de Aracaju (Sepuma), ao lado de seu candidato a vice-prefeito, Valadares Filho (PSB), para ouvir quais s\u00e3o as principais demandas da categoria.<\/p>\n<div id=\"attachment_125187\" style=\"width: 609px\" class=\"wp-caption alignnone\"><a href=\"https:\/\/senoticias.com.br\/se\/wp-content\/uploads\/2020\/09\/Danielle-Garcia_Sepuma-e1601324238978.jpeg\"><img loading=\"lazy\" decoding=\"async\" aria-describedby=\"caption-attachment-125187\" class=\"size-full wp-image-125187\" src=\"https:\/\/senoticias.com.br\/se\/wp-content\/uploads\/2020\/09\/Danielle-Garcia_Sepuma-e1601324238978.jpeg\" alt=\"\" width=\"599\" height=\"449\" \/><\/a><p id=\"caption-attachment-125187\" class=\"wp-caption-text\"><br \/>Danielle ouve reivindica\u00e7\u00f5es dos servidores (foto: Fabio Viana)<\/p><\/div>\n<p style=\"text-align: justify;\">O presidente do sindicato, Nivaldo Fernandes, disse que h\u00e1 muito tempo a categoria vem sofrendo com a administra\u00e7\u00e3o atual. \u201cEstamos com os sal\u00e1rios congelados h\u00e1 anos, o atual prefeito n\u00e3o obedece o piso salarial de diversas categorias dos servidores e sequer existe a abertura para uma mesa de negocia\u00e7\u00e3o entre a gest\u00e3o e o sindicato, n\u00e3o h\u00e1 di\u00e1logo\u201d, completou.<\/p>\n<p style=\"text-align: justify;\">A delegada Danielle afirmou que tamb\u00e9m \u00e9 servidora p\u00fablica, s\u00f3 que da esfera estadual, e que entende as reivindica\u00e7\u00f5es e conhece de perto esse sentimento porque os problemas e as demandas s\u00e3o praticamente iguais.<\/p>\n<p style=\"text-align: justify;\">Um dos membros do Sepuma questionou a candidata sobre a possibilidade de reajuste do sal\u00e1rio dos servidores. Danielle respondeu que \u201co reajuste do sal\u00e1rio dos servidores \u00e9 poss\u00edvel cortando alguns excessos em rela\u00e7\u00e3o aos gastos p\u00fablicos. O munic\u00edpio tem dinheiro sim, mas, na minha opini\u00e3o, faz as escolhas erradas. S\u00e3o essas escolhas erradas que acabam penalizando os servidores p\u00fablicos\u201d, lamentou.<\/p>\n<p style=\"text-align: justify;\">O candidato a vice-prefeito, Valadares Filho, disse que essas reivindica\u00e7\u00f5es dos servidores s\u00e3o antigas. \u201cAo lago de Danielle teremos uma mesa de di\u00e1logo permanente com o sindicato e as categorias para poder resolver esses problemas que a atual gest\u00e3o n\u00e3o tem interesse\u201d, afirmou.<\/p>\n<p style=\"text-align: justify;\">Na oportunidade, foi entregue uma Carta Compromisso aos candidatos contendo os principais pleitos, como: a realiza\u00e7\u00e3o de concurso p\u00fablico; o pagamento do sal\u00e1rio dos servidores dentro do m\u00eas; a garantia de revis\u00e3o anual dos vencimentos b\u00e1sicos; manuten\u00e7\u00e3o do di\u00e1logo frequente com as categorias; pol\u00edtica municipal de valoriza\u00e7\u00e3o do servidor p\u00fablico; a\u00e7\u00f5es de educa\u00e7\u00e3o previdenci\u00e1ria; fortalecimento do Aracaju Previd\u00eancia; manuten\u00e7\u00e3o do conv\u00eanio com o IPES Sa\u00fade; dentre outros.<\/p>\n<p>&nbsp;<\/p>\n<p><a href=\"https:\/\/senoticias.com.br\/se\/wp-content\/uploads\/2020\/09\/Logo-novo-fone-1.jpg\"><img loading=\"lazy\" decoding=\"async\" class=\"alignnone size-full wp-image-125163\" src=\"https:\/\/senoticias.com.br\/se\/wp-content\/uploads\/2020\/09\/Logo-novo-fone-1.jpg\" alt=\"\" width=\"599\" height=\"78\" srcset=\"https:\/\/senoticias.com.br\/se\/wp-content\/uploads\/2020\/09\/Logo-novo-fone-1.jpg 599w, https:\/\/senoticias.com.br\/se\/wp-content\/uploads\/2020\/09\/Logo-novo-fone-1-300x39.jpg 300w\" sizes=\"(max-width: 599px) 100vw, 599px\" \/><\/a><\/p>\n<p>&nbsp;<\/p>\n<p><em><strong>Acompanhe tamb\u00e9m o SE Not\u00edcias no\u00a0<a href=\"https:\/\/twitter.com\/Senoticias\" target=\"_blank\" rel=\"noopener\">Twitter<\/a>,\u00a0<a href=\"https:\/\/www.facebook.com\/senoticias1\" target=\"_blank\" rel=\"noopener\">Facebook<\/a>\u00a0e no\u00a0<a href=\"https:\/\/www.instagram.com\/senoticias\/\" target=\"_blank\" rel=\"noopener\">Instagram<\/a><\/strong><\/em><\/p>\n<p>&nbsp;<\/p>\n<p><em>Mat\u00e9ria enviada pela assessoria de imprensa<\/em><\/p>\n<p>&nbsp;<\/p>\n","protected":false},"excerpt":{"rendered":"<p>Na manh\u00e3 desta segunda-feira (28), a candidata a prefeita de Aracaju, delegada Danielle Garcia 23 (Cidadania), foi at\u00e9 a sede do Sindicato dos Servidores P\u00fablicos Municipais de Aracaju (Sepuma), ao lado de seu candidato a vice-prefeito, Valadares Filho (PSB), para ouvir quais s\u00e3o as principais demandas da categoria. O presidente do sindicato, Nivaldo Fernandes, disse [&hellip;]<\/p>\n","protected":false},"author":6552,"featured_media":125187,"comment_status":"closed","ping_status":"closed","sticky":false,"template":"","format":"standard","meta":{"footnotes":""},"categories":[15,6,1],"tags":[12969,15609,624,8507,15607,15608],"class_list":{"0":"post-125186","1":"post","2":"type-post","3":"status-publish","4":"format-standard","5":"has-post-thumbnail","7":"category-destaques","8":"category-politica","9":"category-sem-categoria","10":"tag-cidadania","11":"tag-danielle-garcia-23","12":"tag-delegada-danielle-garcia","13":"tag-eleicoes-2020","14":"tag-sepuma","15":"tag-servidores-publicos-municipais"},"_links":{"self":[{"href":"https:\/\/senoticias.com.br\/se\/wp-json\/wp\/v2\/posts\/125186"}],"collection":[{"href":"https:\/\/senoticias.com.br\/se\/wp-json\/wp\/v2\/posts"}],"about":[{"href":"https:\/\/senoticias.com.br\/se\/wp-json\/wp\/v2\/types\/post"}],"author":[{"embeddable":true,"href":"https:\/\/senoticias.com.br\/se\/wp-json\/wp\/v2\/users\/6552"}],"replies":[{"embeddable":true,"href":"https:\/\/senoticias.com.br\/se\/wp-json\/wp\/v2\/comments?post=125186"}],"version-history":[{"count":0,"href":"https:\/\/senoticias.com.br\/se\/wp-json\/wp\/v2\/posts\/125186\/revisions"}],"wp:featuredmedia":[{"embeddable":true,"href":"https:\/\/senoticias.com.br\/se\/wp-json\/wp\/v2\/media\/125187"}],"wp:attachment":[{"href":"https:\/\/senoticias.com.br\/se\/wp-json\/wp\/v2\/media?parent=125186"}],"wp:term":[{"taxonomy":"category","embeddable":true,"href":"https:\/\/senoticias.com.br\/se\/wp-json\/wp\/v2\/categories?post=125186"},{"taxonomy":"post_tag","embeddable":true,"href":"https:\/\/senoticias.com.br\/se\/wp-json\/wp\/v2\/tags?post=125186"}],"curies":[{"name":"wp","href":"https:\/\/api.w.org\/{rel}","templated":true}]}}